{"id":101954,"date":"2025-10-29T07:41:20","date_gmt":"2025-10-29T06:41:20","guid":{"rendered":"https:\/\/www.maccaferri.com\/tr\/success-stories\/samsun-kalin-yuksek-hizli-tren-kaya-ve-tas-dusmesi-korumasi-projes\/"},"modified":"2025-11-17T16:36:15","modified_gmt":"2025-11-17T15:36:15","slug":"samsun-kalin-yuksek-hizli-tren-kaya-ve-tas-dusmesi-korumasi-projes","status":"publish","type":"stories","link":"https:\/\/www.maccaferri.com\/tr\/basari-hikayeleri\/samsun-kalin-yuksek-hizli-tren-kaya-ve-tas-dusmesi-korumasi-projes\/","title":{"rendered":"SAMSUN-KALIN Y\u00dcKSEK HIZLI TREN KAYA VE TA\u015e D\u00dc\u015eMES\u0130 KORUMASI PROJES"},"content":{"rendered":"<div class=\"container-fluid carousel-image-gallery\">\n        <div class=\"row\">\n            <div id=\"carouselImageblock_63ae097fdffd7\" class=\"carousel slide carouselImageGallery\" data-bs-ride=\"carousel\">\n                <!-- \/\/ Indicators -->\n                <ol class=\"carousel-indicators\">\n                                            <li data-bs-target=\"#carouselImageblock_63ae097fdffd7\" data-bs-slide-to=\"0\" class=\"active\" aria-current=\"true\" aria-label=\"Slide\"><\/li>\n                                            <li data-bs-target=\"#carouselImageblock_63ae097fdffd7\" data-bs-slide-to=\"1\" class=\"\" aria-current=\"true\" aria-label=\"Slide\"><\/li>\n                                            <li data-bs-target=\"#carouselImageblock_63ae097fdffd7\" data-bs-slide-to=\"2\" class=\"\" aria-current=\"true\" aria-label=\"Slide\"><\/li>\n                                    <\/ol>\n\n                <div class=\"carousel-inner container\" role=\"listbox\">\n                                            <div class=\"carousel-item active\">\n                        <div class=\"col-12 col-lg-4 col-xl-4 col-xxl-4 space-mobile\">\n                            <div class=\"grid-item-wrapper\">\n                                <div class=\"img-responsive-wrapper\">\n                                    <div class=\"img-responsive\">\n                                        <div class=\"img-wrapper\"><img decoding=\"async\" src=\"https:\/\/www.maccaferri.com\/tr\/wp-content\/uploads\/2023\/06\/1633_2.jpg\" alt=\"\" \/><\/div>\n                                    <\/div>\n                                <\/div>\n                                <div class=\"griditem-text-wrapper text-center\">\n                                    <p class=\"griditem-text text-center\">Kaya Ta\u015f D\u00fc\u015fmesi Korumas\u0131 Uygulamas\u0131<\/p>\n                   \n                                <\/div>\n                            <\/div>\n                        <\/div>\n                        <\/div>\n                                            <div class=\"carousel-item \">\n                        <div class=\"col-12 col-lg-4 col-xl-4 col-xxl-4 space-mobile\">\n                            <div class=\"grid-item-wrapper\">\n                                <div class=\"img-responsive-wrapper\">\n                                    <div class=\"img-responsive\">\n                                        <div class=\"img-wrapper\"><img decoding=\"async\" src=\"https:\/\/www.maccaferri.com\/tr\/wp-content\/uploads\/2024\/05\/1633_dwg.jpg\" alt=\"\" \/><\/div>\n                                    <\/div>\n                                <\/div>\n                                <div class=\"griditem-text-wrapper text-center\">\n                                    <p class=\"griditem-text text-center\">Kaya Ta\u015f D\u00fc\u015fmesi Korumas\u0131 Uygulamas\u0131<\/p>\n                   \n                                <\/div>\n                            <\/div>\n                        <\/div>\n                        <\/div>\n                                            <div class=\"carousel-item \">\n                        <div class=\"col-12 col-lg-4 col-xl-4 col-xxl-4 space-mobile\">\n                            <div class=\"grid-item-wrapper\">\n                                <div class=\"img-responsive-wrapper\">\n                                    <div class=\"img-responsive\">\n                                        <div class=\"img-wrapper\"><img decoding=\"async\" src=\"https:\/\/www.maccaferri.com\/tr\/wp-content\/uploads\/2023\/06\/1633_1-1.jpg\" alt=\"\" \/><\/div>\n                                    <\/div>\n                                <\/div>\n                                <div class=\"griditem-text-wrapper text-center\">\n                                    <p class=\"griditem-text text-center\">Kaya Ta\u015f D\u00fc\u015fmesi Korumas\u0131 Uygulamas\u0131<\/p>\n                   \n                                <\/div>\n                            <\/div>\n                        <\/div>\n                        <\/div>\n                                    <\/div>\n            <\/div>\n\n        <\/div>\n    <\/div><div class=\"container-full text-bocolor-block-white\">\n        <div class=\"row\">\n        <div class=\"col-12\">\n            <div class=\"container box-container\">\n                <div class=\"row\">\n                    <div class=\"col-12\">\n                        <h3>Challenge<\/h3>\n                    <\/div>\n                <\/div>\n            <\/div>\n        <\/div>    \n    <\/div>\n        <div class=\"row\">\n        <div class=\"col-12\">\n            <div class=\"container box-container\">\n                <div class=\"row\">\n                    <div class=\"col-12 content\">\n                        <p>Samsun-Kal\u0131n Y\u00fcksek H\u0131zl\u0131 Tren hatt\u0131 Samsun ile Sivas \u015fehirlerini birbirine ba\u011flayan bir y\u00fcksek h\u0131zl\u0131 demiryolu hatt\u0131d\u0131r. Yakla\u015f\u0131k 400 km uzunlu\u011fundaki bu demiryolu hatt\u0131n\u0131n \u00e7e\u015fitli b\u00f6lgelerinde, demiryolu hatt\u0131n\u0131 \u00e7evreleyen yama\u00e7lar\u0131n zorlu jeolojik ve morfolojik ko\u015fullar\u0131 nedeniyle kaya d\u00fc\u015fmesi sorunlar\u0131 meydana gelmi\u015ftir. Kapsaml\u0131 bir kaya ta\u015f d\u00fc\u015fmesi korumas\u0131 olu\u015fturmak i\u00e7in demiryolu hatt\u0131n\u0131n tamam\u0131 jeolojik ko\u015fullar\u0131na g\u00f6re incelenmi\u015f ve baz\u0131 alanlar daha detayl\u0131 bir \u015fekilde ara\u015ft\u0131r\u0131lm\u0131\u015ft\u0131r. <\/p>\n                    <\/div>\n                <\/div>\n            <\/div>\n        <\/div>\n    <\/div>\n    <\/div>\n<div class=\"container-full text-bocolor-block-green\">\n        <div class=\"row\">\n        <div class=\"col-12\">\n            <div class=\"container box-container\">\n                <div class=\"row\">\n                    <div class=\"col-12\">\n                        <h3>Solution<\/h3>\n                    <\/div>\n                <\/div>\n            <\/div>\n        <\/div>    \n    <\/div>\n        <div class=\"row\">\n        <div class=\"col-12\">\n            <div class=\"container box-container\">\n                <div class=\"row\">\n                    <div class=\"col-12 content\">\n                        <p>Jeolojik incelemeler neticesinde, \u00e7ift b\u00fck\u00fcml\u00fc \u00e7elik tel a\u011f (g\u00f6zenek boyutu 8&#215;10 ve tel \u00e7ap\u0131 2,7 mm) olan kaya ve ta\u015f d\u00fc\u015fmesine kar\u015f\u0131 koruma projesi ilgili taraflara, teknik ve ekonomik ko\u015fullara g\u00f6re \u00f6nerilmi\u015ftir. Kaya ta\u015f d\u00fc\u015fmesi korumas\u0131 projesi 2018\u2019de profesyonel bir da\u011f ekibiyle birlikte y\u00fcr\u00fct\u00fclmekte olup, 2019 i\u00e7erisinde halen devam eden bir projedir. <\/p>\n                    <\/div>\n                <\/div>\n            <\/div>\n        <\/div>\n    <\/div>\n    <\/div><div class=\"wp-block-mac-container-block box-container\"><div class=\"container\"><h2>Used Products<\/h2><div class=\"row\"><div class=\"col-12 col-sm-12 col-md-12 col-lg-3 col-xl-3 col-xxl-3\"><div class=\"wp-block-mac-card-new-block block-latest-news-container\"><div class=\"card\"><div class=\"content-images\"><img decoding=\"async\" class=\"box-image\" src=\"https:\/\/www.maccaferri.com\/tr\/wp-content\/uploads\/2022\/12\/Netting_2.jpg\" alt=\"\u00c7elik Grid\" title=\"\u00c7elik Grid\" \/><\/div><div class=\"card-body\"><h6>\u00c7elik Grid<\/h6><span class=\"abstract\">\u00c7elik Grid, kaya d\u00fc\u015fmesi azaltma ve do\u011fal afet koruma uygulama alan\u0131m\u0131z\u0131n temel bir bile\u015fenidir. Proje sahas\u0131 ko\u015fullar\u0131 ve m\u00fc\u015fteri ihtiya\u00e7lar\u0131na ili\u015fk<\/span><a href=\"https:\/\/www.maccaferri.com\/tr\/urunler\/celik-grid\/\" class=\"cta\" rel=\"noopener\" title=\"\u00c7elik Grid\">G\u00f6r\u00fcnt\u00fcle\n                           <span class=\"text\" value=\"\" \/>\n                           <\/a><div data-post-id=\"105584\" class=\"star \" title=\"Add to wishlist\"><span class=\"material-symbols-rounded starrate\">star<\/span><\/div><\/div><\/div><\/div><\/div><\/div><\/div><\/div><!--usedproducts-->","protected":false},"excerpt":{"rendered":"<p>Jeolojik incelemeler neticesinde, \u00e7ift b\u00fck\u00fcml\u00fc \u00e7elik tel a\u011f (g\u00f6zenek boyutu 8&#215;10 ve tel \u00e7ap\u0131 2,7 mm) olan kaya ve ta\u015f d\u00fc\u015fmesine kar\u015f\u0131 ko<\/p>\n","protected":false},"featured_media":43254,"parent":0,"menu_order":0,"template":"","stories-category":[],"stories-tag":[],"class_list":["post-101954","stories","type-stories","status-publish","has-post-thumbnail","hentry"],"acf":{"products":[105584],"applications":[105314,105314],"solutions":[105458],"sectors":[105266]},"yoast_head":"<!-- This site is optimized with the Yoast SEO Premium plugin v27.0 (Yoast SEO v27.0) - https:\/\/yoast.com\/product\/yoast-seo-premium-wordpress\/ -->\n<title>SAMSUN-KALIN Y\u00dcKSEK HIZLI TREN KAYA VE TA\u015e D\u00dc\u015eMES\u0130 KORUMASI PROJES - Maccaferri T\u00fcrkiye<\/title>\n<meta name=\"description\" content=\"Ba\u015far\u0131 Hikayelerimizi Ke\u015ffedin: SAMSUN-KALIN Y\u00dcKSEK HIZLI TREN KAYA VE TA\u015e D\u00dc\u015eMES\u0130 KORUMASI PROJES. Zorluktan \u00e7\u00f6z\u00fcme, m\u00fc\u015fterilerimizin hedeflerine ba\u015far\u0131yla ula\u015fmalar\u0131na nas\u0131l yard\u0131mc\u0131 oldu\u011fumuzu g\u00f6r\u00fcn.\" \/>\n<meta name=\"robots\" content=\"index, follow, max-snippet:-1, max-image-preview:large, max-video-preview:-1\" \/>\n<link rel=\"canonical\" href=\"https:\/\/www.maccaferri.com\/tr\/basari-hikayeleri\/samsun-kalin-yuksek-hizli-tren-kaya-ve-tas-dusmesi-korumasi-projes\/\" \/>\n<meta property=\"og:locale\" content=\"tr_TR\" \/>\n<meta property=\"og:type\" content=\"article\" \/>\n<meta property=\"og:title\" content=\"SAMSUN-KALIN Y\u00dcKSEK HIZLI TREN KAYA VE TA\u015e D\u00dc\u015eMES\u0130 KORUMASI PROJES - Maccaferri T\u00fcrkiye\" \/>\n<meta property=\"og:description\" content=\"Ba\u015far\u0131 Hikayelerimizi Ke\u015ffedin: SAMSUN-KALIN Y\u00dcKSEK HIZLI TREN KAYA VE TA\u015e D\u00dc\u015eMES\u0130 KORUMASI PROJES. Zorluktan \u00e7\u00f6z\u00fcme, m\u00fc\u015fterilerimizin hedeflerine ba\u015far\u0131yla ula\u015fmalar\u0131na nas\u0131l yard\u0131mc\u0131 oldu\u011fumuzu g\u00f6r\u00fcn.\" \/>\n<meta property=\"og:url\" content=\"https:\/\/www.maccaferri.com\/tr\/basari-hikayeleri\/samsun-kalin-yuksek-hizli-tren-kaya-ve-tas-dusmesi-korumasi-projes\/\" \/>\n<meta property=\"og:site_name\" content=\"Maccaferri T\u00fcrkiye\" \/>\n<meta property=\"article:modified_time\" content=\"2025-11-17T15:36:15+00:00\" \/>\n<meta property=\"og:image\" content=\"https:\/\/www.maccaferri.com\/tr\/wp-content\/uploads\/2023\/06\/1633_1-1.jpg\" \/>\n\t<meta property=\"og:image:width\" content=\"1200\" \/>\n\t<meta property=\"og:image:height\" content=\"826\" \/>\n\t<meta property=\"og:image:type\" content=\"image\/jpeg\" \/>\n<meta name=\"twitter:card\" content=\"summary_large_image\" \/>\n<script type=\"application\/ld+json\" class=\"yoast-schema-graph\">{\"@context\":\"https:\/\/schema.org\",\"@graph\":[{\"@type\":\"WebPage\",\"@id\":\"https:\/\/www.maccaferri.com\/tr\/basari-hikayeleri\/samsun-kalin-yuksek-hizli-tren-kaya-ve-tas-dusmesi-korumasi-projes\/\",\"url\":\"https:\/\/www.maccaferri.com\/tr\/basari-hikayeleri\/samsun-kalin-yuksek-hizli-tren-kaya-ve-tas-dusmesi-korumasi-projes\/\",\"name\":\"SAMSUN-KALIN Y\u00dcKSEK HIZLI TREN KAYA VE TA\u015e D\u00dc\u015eMES\u0130 KORUMASI PROJES - Maccaferri T\u00fcrkiye\",\"isPartOf\":{\"@id\":\"https:\/\/www.maccaferri.com\/tr\/#website\"},\"primaryImageOfPage\":{\"@id\":\"https:\/\/www.maccaferri.com\/tr\/basari-hikayeleri\/samsun-kalin-yuksek-hizli-tren-kaya-ve-tas-dusmesi-korumasi-projes\/#primaryimage\"},\"image\":{\"@id\":\"https:\/\/www.maccaferri.com\/tr\/basari-hikayeleri\/samsun-kalin-yuksek-hizli-tren-kaya-ve-tas-dusmesi-korumasi-projes\/#primaryimage\"},\"thumbnailUrl\":\"https:\/\/www.maccaferri.com\/tr\/wp-content\/uploads\/2023\/06\/1633_1-1.jpg\",\"datePublished\":\"2025-10-29T06:41:20+00:00\",\"dateModified\":\"2025-11-17T15:36:15+00:00\",\"description\":\"Ba\u015far\u0131 Hikayelerimizi Ke\u015ffedin: SAMSUN-KALIN Y\u00dcKSEK HIZLI TREN KAYA VE TA\u015e D\u00dc\u015eMES\u0130 KORUMASI PROJES. Zorluktan \u00e7\u00f6z\u00fcme, m\u00fc\u015fterilerimizin hedeflerine ba\u015far\u0131yla ula\u015fmalar\u0131na nas\u0131l yard\u0131mc\u0131 oldu\u011fumuzu g\u00f6r\u00fcn.\",\"breadcrumb\":{\"@id\":\"https:\/\/www.maccaferri.com\/tr\/basari-hikayeleri\/samsun-kalin-yuksek-hizli-tren-kaya-ve-tas-dusmesi-korumasi-projes\/#breadcrumb\"},\"inLanguage\":\"tr-TR\",\"potentialAction\":[{\"@type\":\"ReadAction\",\"target\":[\"https:\/\/www.maccaferri.com\/tr\/basari-hikayeleri\/samsun-kalin-yuksek-hizli-tren-kaya-ve-tas-dusmesi-korumasi-projes\/\"]}]},{\"@type\":\"ImageObject\",\"inLanguage\":\"tr-TR\",\"@id\":\"https:\/\/www.maccaferri.com\/tr\/basari-hikayeleri\/samsun-kalin-yuksek-hizli-tren-kaya-ve-tas-dusmesi-korumasi-projes\/#primaryimage\",\"url\":\"https:\/\/www.maccaferri.com\/tr\/wp-content\/uploads\/2023\/06\/1633_1-1.jpg\",\"contentUrl\":\"https:\/\/www.maccaferri.com\/tr\/wp-content\/uploads\/2023\/06\/1633_1-1.jpg\",\"width\":1200,\"height\":826,\"caption\":\"Kaya Ta\u015f D\u00fc\u015fmesi Korumas\u0131 Uygulamas\u0131\"},{\"@type\":\"BreadcrumbList\",\"@id\":\"https:\/\/www.maccaferri.com\/tr\/basari-hikayeleri\/samsun-kalin-yuksek-hizli-tren-kaya-ve-tas-dusmesi-korumasi-projes\/#breadcrumb\",\"itemListElement\":[{\"@type\":\"ListItem\",\"position\":1,\"name\":\"Stories\",\"item\":\"https:\/\/www.maccaferri.com\/tr\/stories\/\"},{\"@type\":\"ListItem\",\"position\":2,\"name\":\"SAMSUN-KALIN Y\u00dcKSEK HIZLI TREN KAYA VE TA\u015e D\u00dc\u015eMES\u0130 KORUMASI PROJES\"}]},{\"@type\":\"WebSite\",\"@id\":\"https:\/\/www.maccaferri.com\/tr\/#website\",\"url\":\"https:\/\/www.maccaferri.com\/tr\/\",\"name\":\"Maccaferri T\u00fcrkiye\",\"description\":\"\",\"publisher\":{\"@id\":\"https:\/\/www.maccaferri.com\/tr\/#organization\"},\"potentialAction\":[{\"@type\":\"SearchAction\",\"target\":{\"@type\":\"EntryPoint\",\"urlTemplate\":\"https:\/\/www.maccaferri.com\/tr\/?s={search_term_string}\"},\"query-input\":{\"@type\":\"PropertyValueSpecification\",\"valueRequired\":true,\"valueName\":\"search_term_string\"}}],\"inLanguage\":\"tr-TR\"},{\"@type\":\"Organization\",\"@id\":\"https:\/\/www.maccaferri.com\/tr\/#organization\",\"name\":\"Maccaferri T\u00fcrkiye\",\"url\":\"https:\/\/www.maccaferri.com\/tr\/\",\"logo\":{\"@type\":\"ImageObject\",\"inLanguage\":\"tr-TR\",\"@id\":\"https:\/\/www.maccaferri.com\/tr\/#\/schema\/logo\/image\/\",\"url\":\"https:\/\/www.maccaferri.com\/tr\/wp-content\/uploads\/2022\/07\/logo-maccaferri.png\",\"contentUrl\":\"https:\/\/www.maccaferri.com\/tr\/wp-content\/uploads\/2022\/07\/logo-maccaferri.png\",\"width\":152,\"height\":32,\"caption\":\"Maccaferri T\u00fcrkiye\"},\"image\":{\"@id\":\"https:\/\/www.maccaferri.com\/tr\/#\/schema\/logo\/image\/\"}}]}<\/script>\n<!-- \/ Yoast SEO Premium plugin. -->","yoast_head_json":{"title":"SAMSUN-KALIN Y\u00dcKSEK HIZLI TREN KAYA VE TA\u015e D\u00dc\u015eMES\u0130 KORUMASI PROJES - Maccaferri T\u00fcrkiye","description":"Ba\u015far\u0131 Hikayelerimizi Ke\u015ffedin: SAMSUN-KALIN Y\u00dcKSEK HIZLI TREN KAYA VE TA\u015e D\u00dc\u015eMES\u0130 KORUMASI PROJES. Zorluktan \u00e7\u00f6z\u00fcme, m\u00fc\u015fterilerimizin hedeflerine ba\u015far\u0131yla ula\u015fmalar\u0131na nas\u0131l yard\u0131mc\u0131 oldu\u011fumuzu g\u00f6r\u00fcn.","robots":{"index":"index","follow":"follow","max-snippet":"max-snippet:-1","max-image-preview":"max-image-preview:large","max-video-preview":"max-video-preview:-1"},"canonical":"https:\/\/www.maccaferri.com\/tr\/basari-hikayeleri\/samsun-kalin-yuksek-hizli-tren-kaya-ve-tas-dusmesi-korumasi-projes\/","og_locale":"tr_TR","og_type":"article","og_title":"SAMSUN-KALIN Y\u00dcKSEK HIZLI TREN KAYA VE TA\u015e D\u00dc\u015eMES\u0130 KORUMASI PROJES - Maccaferri T\u00fcrkiye","og_description":"Ba\u015far\u0131 Hikayelerimizi Ke\u015ffedin: SAMSUN-KALIN Y\u00dcKSEK HIZLI TREN KAYA VE TA\u015e D\u00dc\u015eMES\u0130 KORUMASI PROJES. Zorluktan \u00e7\u00f6z\u00fcme, m\u00fc\u015fterilerimizin hedeflerine ba\u015far\u0131yla ula\u015fmalar\u0131na nas\u0131l yard\u0131mc\u0131 oldu\u011fumuzu g\u00f6r\u00fcn.","og_url":"https:\/\/www.maccaferri.com\/tr\/basari-hikayeleri\/samsun-kalin-yuksek-hizli-tren-kaya-ve-tas-dusmesi-korumasi-projes\/","og_site_name":"Maccaferri T\u00fcrkiye","article_modified_time":"2025-11-17T15:36:15+00:00","og_image":[{"width":1200,"height":826,"url":"https:\/\/www.maccaferri.com\/tr\/wp-content\/uploads\/2023\/06\/1633_1-1.jpg","type":"image\/jpeg"}],"twitter_card":"summary_large_image","schema":{"@context":"https:\/\/schema.org","@graph":[{"@type":"WebPage","@id":"https:\/\/www.maccaferri.com\/tr\/basari-hikayeleri\/samsun-kalin-yuksek-hizli-tren-kaya-ve-tas-dusmesi-korumasi-projes\/","url":"https:\/\/www.maccaferri.com\/tr\/basari-hikayeleri\/samsun-kalin-yuksek-hizli-tren-kaya-ve-tas-dusmesi-korumasi-projes\/","name":"SAMSUN-KALIN Y\u00dcKSEK HIZLI TREN KAYA VE TA\u015e D\u00dc\u015eMES\u0130 KORUMASI PROJES - Maccaferri T\u00fcrkiye","isPartOf":{"@id":"https:\/\/www.maccaferri.com\/tr\/#website"},"primaryImageOfPage":{"@id":"https:\/\/www.maccaferri.com\/tr\/basari-hikayeleri\/samsun-kalin-yuksek-hizli-tren-kaya-ve-tas-dusmesi-korumasi-projes\/#primaryimage"},"image":{"@id":"https:\/\/www.maccaferri.com\/tr\/basari-hikayeleri\/samsun-kalin-yuksek-hizli-tren-kaya-ve-tas-dusmesi-korumasi-projes\/#primaryimage"},"thumbnailUrl":"https:\/\/www.maccaferri.com\/tr\/wp-content\/uploads\/2023\/06\/1633_1-1.jpg","datePublished":"2025-10-29T06:41:20+00:00","dateModified":"2025-11-17T15:36:15+00:00","description":"Ba\u015far\u0131 Hikayelerimizi Ke\u015ffedin: SAMSUN-KALIN Y\u00dcKSEK HIZLI TREN KAYA VE TA\u015e D\u00dc\u015eMES\u0130 KORUMASI PROJES. Zorluktan \u00e7\u00f6z\u00fcme, m\u00fc\u015fterilerimizin hedeflerine ba\u015far\u0131yla ula\u015fmalar\u0131na nas\u0131l yard\u0131mc\u0131 oldu\u011fumuzu g\u00f6r\u00fcn.","breadcrumb":{"@id":"https:\/\/www.maccaferri.com\/tr\/basari-hikayeleri\/samsun-kalin-yuksek-hizli-tren-kaya-ve-tas-dusmesi-korumasi-projes\/#breadcrumb"},"inLanguage":"tr-TR","potentialAction":[{"@type":"ReadAction","target":["https:\/\/www.maccaferri.com\/tr\/basari-hikayeleri\/samsun-kalin-yuksek-hizli-tren-kaya-ve-tas-dusmesi-korumasi-projes\/"]}]},{"@type":"ImageObject","inLanguage":"tr-TR","@id":"https:\/\/www.maccaferri.com\/tr\/basari-hikayeleri\/samsun-kalin-yuksek-hizli-tren-kaya-ve-tas-dusmesi-korumasi-projes\/#primaryimage","url":"https:\/\/www.maccaferri.com\/tr\/wp-content\/uploads\/2023\/06\/1633_1-1.jpg","contentUrl":"https:\/\/www.maccaferri.com\/tr\/wp-content\/uploads\/2023\/06\/1633_1-1.jpg","width":1200,"height":826,"caption":"Kaya Ta\u015f D\u00fc\u015fmesi Korumas\u0131 Uygulamas\u0131"},{"@type":"BreadcrumbList","@id":"https:\/\/www.maccaferri.com\/tr\/basari-hikayeleri\/samsun-kalin-yuksek-hizli-tren-kaya-ve-tas-dusmesi-korumasi-projes\/#breadcrumb","itemListElement":[{"@type":"ListItem","position":1,"name":"Stories","item":"https:\/\/www.maccaferri.com\/tr\/stories\/"},{"@type":"ListItem","position":2,"name":"SAMSUN-KALIN Y\u00dcKSEK HIZLI TREN KAYA VE TA\u015e D\u00dc\u015eMES\u0130 KORUMASI PROJES"}]},{"@type":"WebSite","@id":"https:\/\/www.maccaferri.com\/tr\/#website","url":"https:\/\/www.maccaferri.com\/tr\/","name":"Maccaferri T\u00fcrkiye","description":"","publisher":{"@id":"https:\/\/www.maccaferri.com\/tr\/#organization"},"potentialAction":[{"@type":"SearchAction","target":{"@type":"EntryPoint","urlTemplate":"https:\/\/www.maccaferri.com\/tr\/?s={search_term_string}"},"query-input":{"@type":"PropertyValueSpecification","valueRequired":true,"valueName":"search_term_string"}}],"inLanguage":"tr-TR"},{"@type":"Organization","@id":"https:\/\/www.maccaferri.com\/tr\/#organization","name":"Maccaferri T\u00fcrkiye","url":"https:\/\/www.maccaferri.com\/tr\/","logo":{"@type":"ImageObject","inLanguage":"tr-TR","@id":"https:\/\/www.maccaferri.com\/tr\/#\/schema\/logo\/image\/","url":"https:\/\/www.maccaferri.com\/tr\/wp-content\/uploads\/2022\/07\/logo-maccaferri.png","contentUrl":"https:\/\/www.maccaferri.com\/tr\/wp-content\/uploads\/2022\/07\/logo-maccaferri.png","width":152,"height":32,"caption":"Maccaferri T\u00fcrkiye"},"image":{"@id":"https:\/\/www.maccaferri.com\/tr\/#\/schema\/logo\/image\/"}}]}},"_links":{"self":[{"href":"https:\/\/www.maccaferri.com\/tr\/wp-json\/wp\/v2\/stories\/101954","targetHints":{"allow":["GET"]}}],"collection":[{"href":"https:\/\/www.maccaferri.com\/tr\/wp-json\/wp\/v2\/stories"}],"about":[{"href":"https:\/\/www.maccaferri.com\/tr\/wp-json\/wp\/v2\/types\/stories"}],"acf:post":[{"embeddable":true,"href":"https:\/\/www.maccaferri.com\/tr\/wp-json\/wp\/v2\/sectors\/105266"},{"embeddable":true,"href":"https:\/\/www.maccaferri.com\/tr\/wp-json\/wp\/v2\/solution\/105458"},{"embeddable":true,"href":"https:\/\/www.maccaferri.com\/tr\/wp-json\/wp\/v2\/application\/105314"},{"embeddable":true,"href":"https:\/\/www.maccaferri.com\/tr\/wp-json\/wp\/v2\/prodotti\/105584"}],"wp:featuredmedia":[{"embeddable":true,"href":"https:\/\/www.maccaferri.com\/tr\/wp-json\/wp\/v2\/media\/43254"}],"wp:attachment":[{"href":"https:\/\/www.maccaferri.com\/tr\/wp-json\/wp\/v2\/media?parent=101954"}],"wp:term":[{"taxonomy":"stories-category","embeddable":true,"href":"https:\/\/www.maccaferri.com\/tr\/wp-json\/wp\/v2\/stories-category?post=101954"},{"taxonomy":"stories-tag","embeddable":true,"href":"https:\/\/www.maccaferri.com\/tr\/wp-json\/wp\/v2\/stories-tag?post=101954"}],"curies":[{"name":"wp","href":"https:\/\/api.w.org\/{rel}","templated":true}]}}