{"id":75025,"date":"2025-11-17T15:05:35","date_gmt":"2025-11-17T14:05:35","guid":{"rendered":"https:\/\/www.maccaferri.com\/pt\/success-stories\/estabilizacion-del-talud-en-la-carretera-n-260-baro\/"},"modified":"2026-02-17T15:24:53","modified_gmt":"2026-02-17T14:24:53","slug":"estabilizacion-del-talud-en-la-carretera-n-260-baro","status":"publish","type":"stories","link":"https:\/\/www.maccaferri.com\/pt\/success-stories\/estabilizacion-del-talud-en-la-carretera-n-260-baro\/","title":{"rendered":"ESTABILIZACI\u00d3N DEL TALUD EN LA CARRETERA N-260 &#8211; BARO"},"content":{"rendered":"<div class=\"container-fluid carousel-image-gallery\">\n        <div class=\"row\">\n            <div id=\"carouselImageblock_63ae097fdffd7\" class=\"carousel slide carouselImageGallery\" data-bs-ride=\"carousel\">\n                <!-- \/\/ Indicators -->\n                <ol class=\"carousel-indicators\">\n                                            <li data-bs-target=\"#carouselImageblock_63ae097fdffd7\" data-bs-slide-to=\"0\" class=\"active\" aria-current=\"true\" aria-label=\"Slide\"><\/li>\n                                            <li data-bs-target=\"#carouselImageblock_63ae097fdffd7\" data-bs-slide-to=\"1\" class=\"\" aria-current=\"true\" aria-label=\"Slide\"><\/li>\n                                            <li data-bs-target=\"#carouselImageblock_63ae097fdffd7\" data-bs-slide-to=\"2\" class=\"\" aria-current=\"true\" aria-label=\"Slide\"><\/li>\n                                            <li data-bs-target=\"#carouselImageblock_63ae097fdffd7\" data-bs-slide-to=\"3\" class=\"\" aria-current=\"true\" aria-label=\"Slide\"><\/li>\n                                            <li data-bs-target=\"#carouselImageblock_63ae097fdffd7\" data-bs-slide-to=\"4\" class=\"\" aria-current=\"true\" aria-label=\"Slide\"><\/li>\n                                            <li data-bs-target=\"#carouselImageblock_63ae097fdffd7\" data-bs-slide-to=\"5\" class=\"\" aria-current=\"true\" aria-label=\"Slide\"><\/li>\n                                            <li data-bs-target=\"#carouselImageblock_63ae097fdffd7\" data-bs-slide-to=\"6\" class=\"\" aria-current=\"true\" aria-label=\"Slide\"><\/li>\n                                    <\/ol>\n\n                <div class=\"carousel-inner container\" role=\"listbox\">\n                                            <div class=\"carousel-item active\">\n                        <div class=\"col-12 col-lg-4 col-xl-4 col-xxl-4 space-mobile\">\n                            <div class=\"grid-item-wrapper\">\n                                <div class=\"img-responsive-wrapper\">\n                                    <div class=\"img-responsive\">\n                                        <div class=\"img-wrapper\"><img decoding=\"async\" src=\"https:\/\/www.maccaferri.com\/pt\/wp-content\/uploads\/2024\/11\/3860_1-1.jpg\" alt=\"\" \/><\/div>\n                                    <\/div>\n                                <\/div>\n                                <div class=\"griditem-text-wrapper text-center\">\n                                    <p class=\"griditem-text text-center\">Vista a\u00e9rea de la zona de actuaci\u00f3n<\/p>\n                   \n                                <\/div>\n                            <\/div>\n                        <\/div>\n                        <\/div>\n                                            <div class=\"carousel-item \">\n                        <div class=\"col-12 col-lg-4 col-xl-4 col-xxl-4 space-mobile\">\n                            <div class=\"grid-item-wrapper\">\n                                <div class=\"img-responsive-wrapper\">\n                                    <div class=\"img-responsive\">\n                                        <div class=\"img-wrapper\"><img decoding=\"async\" src=\"https:\/\/www.maccaferri.com\/pt\/wp-content\/uploads\/2024\/11\/3860_2-1.jpg\" alt=\"\" \/><\/div>\n                                    <\/div>\n                                <\/div>\n                                <div class=\"griditem-text-wrapper text-center\">\n                                    <p class=\"griditem-text text-center\">Vista general del talud<\/p>\n                   \n                                <\/div>\n                            <\/div>\n                        <\/div>\n                        <\/div>\n                                            <div class=\"carousel-item \">\n                        <div class=\"col-12 col-lg-4 col-xl-4 col-xxl-4 space-mobile\">\n                            <div class=\"grid-item-wrapper\">\n                                <div class=\"img-responsive-wrapper\">\n                                    <div class=\"img-responsive\">\n                                        <div class=\"img-wrapper\"><img decoding=\"async\" src=\"https:\/\/www.maccaferri.com\/pt\/wp-content\/uploads\/2024\/11\/3860_3-1.jpg\" alt=\"\" \/><\/div>\n                                    <\/div>\n                                <\/div>\n                                <div class=\"griditem-text-wrapper text-center\">\n                                    <p class=\"griditem-text text-center\">Detalle anclajes y cables horizontales<\/p>\n                   \n                                <\/div>\n                            <\/div>\n                        <\/div>\n                        <\/div>\n                                            <div class=\"carousel-item \">\n                        <div class=\"col-12 col-lg-4 col-xl-4 col-xxl-4 space-mobile\">\n                            <div class=\"grid-item-wrapper\">\n                                <div class=\"img-responsive-wrapper\">\n                                    <div class=\"img-responsive\">\n                                        <div class=\"img-wrapper\"><img decoding=\"async\" src=\"https:\/\/www.maccaferri.com\/pt\/wp-content\/uploads\/2024\/11\/3860_4-1.jpg\" alt=\"\" \/><\/div>\n                                    <\/div>\n                                <\/div>\n                                <div class=\"griditem-text-wrapper text-center\">\n                                    <p class=\"griditem-text text-center\">Vista desde el pie del talud adyacente a la carretera<\/p>\n                   \n                                <\/div>\n                            <\/div>\n                        <\/div>\n                        <\/div>\n                                            <div class=\"carousel-item \">\n                        <div class=\"col-12 col-lg-4 col-xl-4 col-xxl-4 space-mobile\">\n                            <div class=\"grid-item-wrapper\">\n                                <div class=\"img-responsive-wrapper\">\n                                    <div class=\"img-responsive\">\n                                        <div class=\"img-wrapper\"><img decoding=\"async\" src=\"https:\/\/www.maccaferri.com\/pt\/wp-content\/uploads\/2024\/11\/3860_5-1.jpg\" alt=\"\" \/><\/div>\n                                    <\/div>\n                                <\/div>\n                                <div class=\"griditem-text-wrapper text-center\">\n                                    <p class=\"griditem-text text-center\">Sistema Steelgrid HR30<\/p>\n                   \n                                <\/div>\n                            <\/div>\n                        <\/div>\n                        <\/div>\n                                            <div class=\"carousel-item \">\n                        <div class=\"col-12 col-lg-4 col-xl-4 col-xxl-4 space-mobile\">\n                            <div class=\"grid-item-wrapper\">\n                                <div class=\"img-responsive-wrapper\">\n                                    <div class=\"img-responsive\">\n                                        <div class=\"img-wrapper\"><img decoding=\"async\" src=\"https:\/\/www.maccaferri.com\/pt\/wp-content\/uploads\/2024\/11\/3860_6-1.jpg\" alt=\"\" \/><\/div>\n                                    <\/div>\n                                <\/div>\n                                <div class=\"griditem-text-wrapper text-center\">\n                                    <p class=\"griditem-text text-center\">Vista de los anclajes laterales<\/p>\n                   \n                                <\/div>\n                            <\/div>\n                        <\/div>\n                        <\/div>\n                                            <div class=\"carousel-item \">\n                        <div class=\"col-12 col-lg-4 col-xl-4 col-xxl-4 space-mobile\">\n                            <div class=\"grid-item-wrapper\">\n                                <div class=\"img-responsive-wrapper\">\n                                    <div class=\"img-responsive\">\n                                        <div class=\"img-wrapper\"><img decoding=\"async\" src=\"https:\/\/www.maccaferri.com\/pt\/wp-content\/uploads\/2024\/11\/3860_dwg-1.jpg\" alt=\"\" \/><\/div>\n                                    <\/div>\n                                <\/div>\n                                <div class=\"griditem-text-wrapper text-center\">\n                                    <p class=\"griditem-text text-center\">Sistema Steelgrid HR30<\/p>\n                   \n                                <\/div>\n                            <\/div>\n                        <\/div>\n                        <\/div>\n                                    <\/div>\n            <\/div>\n\n        <\/div>\n    <\/div><div class=\"container-full text-bocolor-block-white\">\n        <div class=\"row\">\n        <div class=\"col-12\">\n            <div class=\"container box-container\">\n                <div class=\"row\">\n                    <div class=\"col-12\">\n                        <h3>Challenge<\/h3>\n                    <\/div>\n                <\/div>\n            <\/div>\n        <\/div>    \n    <\/div>\n        <div class=\"row\">\n        <div class=\"col-12\">\n            <div class=\"container box-container\">\n                <div class=\"row\">\n                    <div class=\"col-12 content\">\n                        <p>El pasado mi\u00e9rcoles 3 de abril, un desprendimiento de tierras y rocas afect\u00f3 la carretera N-260 a la altura del P.K. 288+950, en la localidad de Baro, lo que oblig\u00f3 al cierre temporal de la v\u00eda. El talud afectado contaba con protecci\u00f3n parcial mediante una malla de triple torsi\u00f3n y una red de cable con bulones. Sin embargo, en la zona de origen del desprendimiento se detectaron grietas y bloques inestables, lo que representa un riesgo significativo para la seguridad de los usuarios de la carretera. Adem\u00e1s, los desprendimientos recurrentes en este tramo son provocados principalmente por episodios de precipitaciones intensas, ya sea de agua o nieve.<\/p>\n<p><\/p>\n<p>La geolog\u00eda de la ladera est\u00e1 compuesta por pizarras y calizas del Dev\u00f3nico en su base, dep\u00f3sitos granulares de terrazas fluviales en los pies de ladera, la formaci\u00f3n Malpas, y bloques err\u00e1ticos del Buntsandstein. Esta combinaci\u00f3n de materiales presenta una alta susceptibilidad a la erosi\u00f3n, especialmente en eventos de lluvias intensas, lo que agrava el riesgo de nuevos desprendimientos.<\/p>\n<p><\/p>\n<p><\/p>\n                    <\/div>\n                <\/div>\n            <\/div>\n        <\/div>\n    <\/div>\n    <\/div>\n<div class=\"container-full text-bocolor-block-green\">\n        <div class=\"row\">\n        <div class=\"col-12\">\n            <div class=\"container box-container\">\n                <div class=\"row\">\n                    <div class=\"col-12\">\n                        <h3>Solution<\/h3>\n                    <\/div>\n                <\/div>\n            <\/div>\n        <\/div>    \n    <\/div>\n        <div class=\"row\">\n        <div class=\"col-12\">\n            <div class=\"container box-container\">\n                <div class=\"row\">\n                    <div class=\"col-12 content\">\n                        <p>La Direcci\u00f3n General de Carreteras determin\u00f3 la instalaci\u00f3n de sistemas de contenci\u00f3n flexible para estabilizar el talud inestable. La soluci\u00f3n adoptada consiste en la colocaci\u00f3n de una membrana Steelgrid HR30, galvanizada con aleaci\u00f3n GalMac C3 (Zn90-Al10%, clase A), que garantiza una durabilidad superior a 50 a\u00f1os en entornos de corrosividad C3. Esta membrana se fija al talud mediante bulones, diferenciando dos \u00e1reas de intervenci\u00f3n: en la zona inferior, se utilizaron anclajes de barra de acero Gewi de \u00d8 32 mm, mientras que en la zona superior los anclajes tienen un di\u00e1metro de 40 mm.<\/p>\n<p><\/p>\n<p>El sistema Steelgrid HR30 destaca por su excepcional resistencia a la tracci\u00f3n de 180 kN\/m y una resistencia al punzonamiento de 155 kN, proporcionando una soluci\u00f3n duradera y eficaz.<\/p>\n                    <\/div>\n                <\/div>\n            <\/div>\n        <\/div>\n    <\/div>\n    <\/div><div class=\"wp-block-mac-container-block box-container\"><div class=\"container\"><h2>Used Products<\/h2><div class=\"row\"><div class=\"col-12 col-sm-12 col-md-12 col-lg-3 col-xl-3 col-xxl-3\"><div class=\"wp-block-mac-card-new-block block-latest-news-container\"><div class=\"card\"><div class=\"content-images\"><img decoding=\"async\" class=\"box-image\" src=\"https:\/\/www.maccaferri.com\/pt\/wp-content\/uploads\/2022\/12\/MacArmour_SteelGrid_2.jpg\" alt=\"MacArmour &#038; SteelGrid\" title=\"MacArmour &#038; SteelGrid\" \/><\/div><div class=\"card-body\"><h6>MacArmour &#038; SteelGrid<\/h6><span class=\"abstract\">O MacArmour \u00e9 um produto 2 em 1 que combina uma estrutura homog\u00eanea de cabos de a\u00e7o bidirecionais com malha de arame de dupla tor\u00e7\u00e3o. O resulta<\/span><a href=\"https:\/\/www.maccaferri.com\/pt\/produtos\/macarmour-steelgrid\/\" class=\"cta\" rel=\"noopener\" title=\"MacArmour &#038; SteelGrid\">Vis\u00e3o \n                           <span class=\"text\" value=\"\" \/>\n                           <\/a><div data-post-id=\"74617\" class=\"star \" title=\"Add to wishlist\"><span class=\"material-symbols-rounded starrate\">star<\/span><\/div><\/div><\/div><\/div><\/div><\/div><\/div><\/div><!--usedproducts-->","protected":false},"excerpt":{"rendered":"<p>La Direcci\u00f3n General de Carreteras determin\u00f3 la instalaci\u00f3n de sistemas de contenci\u00f3n flexible para estabilizar el talud inestable. La soluci\u00f3n a<\/p>\n","protected":false},"featured_media":59278,"parent":0,"menu_order":0,"template":"","stories-category":[],"stories-tag":[],"class_list":["post-75025","stories","type-stories","status-publish","has-post-thumbnail","hentry"],"acf":{"products":[74617],"applications":[73201,73201],"solutions":[73363],"sectors":null},"yoast_head":"<!-- This site is optimized with the Yoast SEO Premium plugin v27.0 (Yoast SEO v27.0) - https:\/\/yoast.com\/product\/yoast-seo-premium-wordpress\/ -->\n<title>ESTABILIZACI\u00d3N DEL TALUD EN LA CARRETERA N-260 - BARO - Maccaferri Portugal<\/title>\n<meta name=\"description\" content=\"Explore nossas hist\u00f3rias de sucesso: ESTABILIZACI\u00d3N DEL TALUD EN LA CARRETERA N-260 - BARO. Do desafio \u00e0 solu\u00e7\u00e3o, veja como ajudamos nossos clientes a alcan\u00e7ar seus objetivos com sucesso.\" \/>\n<meta name=\"robots\" content=\"index, follow, max-snippet:-1, max-image-preview:large, max-video-preview:-1\" \/>\n<link rel=\"canonical\" href=\"https:\/\/www.maccaferri.com\/pt\/success-stories\/estabilizacion-del-talud-en-la-carretera-n-260-baro\/\" \/>\n<meta property=\"og:locale\" content=\"pt_BR\" \/>\n<meta property=\"og:type\" content=\"article\" \/>\n<meta property=\"og:title\" content=\"ESTABILIZACI\u00d3N DEL TALUD EN LA CARRETERA N-260 - BARO - Maccaferri Portugal\" \/>\n<meta property=\"og:description\" content=\"Explore nossas hist\u00f3rias de sucesso: ESTABILIZACI\u00d3N DEL TALUD EN LA CARRETERA N-260 - BARO. Do desafio \u00e0 solu\u00e7\u00e3o, veja como ajudamos nossos clientes a alcan\u00e7ar seus objetivos com sucesso.\" \/>\n<meta property=\"og:url\" content=\"https:\/\/www.maccaferri.com\/pt\/success-stories\/estabilizacion-del-talud-en-la-carretera-n-260-baro\/\" \/>\n<meta property=\"og:site_name\" content=\"Maccaferri Portugal\" \/>\n<meta property=\"article:modified_time\" content=\"2026-02-17T14:24:53+00:00\" \/>\n<meta property=\"og:image\" content=\"https:\/\/www.maccaferri.com\/pt\/wp-content\/uploads\/2024\/11\/3860_2-1.jpg\" \/>\n\t<meta property=\"og:image:width\" content=\"1200\" \/>\n\t<meta property=\"og:image:height\" content=\"826\" \/>\n\t<meta property=\"og:image:type\" content=\"image\/jpeg\" \/>\n<meta name=\"twitter:card\" content=\"summary_large_image\" \/>\n<script type=\"application\/ld+json\" class=\"yoast-schema-graph\">{\"@context\":\"https:\/\/schema.org\",\"@graph\":[{\"@type\":\"WebPage\",\"@id\":\"https:\/\/www.maccaferri.com\/pt\/success-stories\/estabilizacion-del-talud-en-la-carretera-n-260-baro\/\",\"url\":\"https:\/\/www.maccaferri.com\/pt\/success-stories\/estabilizacion-del-talud-en-la-carretera-n-260-baro\/\",\"name\":\"ESTABILIZACI\u00d3N DEL TALUD EN LA CARRETERA N-260 - BARO - Maccaferri Portugal\",\"isPartOf\":{\"@id\":\"https:\/\/www.maccaferri.com\/pt\/#website\"},\"primaryImageOfPage\":{\"@id\":\"https:\/\/www.maccaferri.com\/pt\/success-stories\/estabilizacion-del-talud-en-la-carretera-n-260-baro\/#primaryimage\"},\"image\":{\"@id\":\"https:\/\/www.maccaferri.com\/pt\/success-stories\/estabilizacion-del-talud-en-la-carretera-n-260-baro\/#primaryimage\"},\"thumbnailUrl\":\"https:\/\/www.maccaferri.com\/pt\/wp-content\/uploads\/2024\/11\/3860_2-1.jpg\",\"datePublished\":\"2025-11-17T14:05:35+00:00\",\"dateModified\":\"2026-02-17T14:24:53+00:00\",\"description\":\"Explore nossas hist\u00f3rias de sucesso: ESTABILIZACI\u00d3N DEL TALUD EN LA CARRETERA N-260 - BARO. Do desafio \u00e0 solu\u00e7\u00e3o, veja como ajudamos nossos clientes a alcan\u00e7ar seus objetivos com sucesso.\",\"breadcrumb\":{\"@id\":\"https:\/\/www.maccaferri.com\/pt\/success-stories\/estabilizacion-del-talud-en-la-carretera-n-260-baro\/#breadcrumb\"},\"inLanguage\":\"pt-BR\",\"potentialAction\":[{\"@type\":\"ReadAction\",\"target\":[\"https:\/\/www.maccaferri.com\/pt\/success-stories\/estabilizacion-del-talud-en-la-carretera-n-260-baro\/\"]}]},{\"@type\":\"ImageObject\",\"inLanguage\":\"pt-BR\",\"@id\":\"https:\/\/www.maccaferri.com\/pt\/success-stories\/estabilizacion-del-talud-en-la-carretera-n-260-baro\/#primaryimage\",\"url\":\"https:\/\/www.maccaferri.com\/pt\/wp-content\/uploads\/2024\/11\/3860_2-1.jpg\",\"contentUrl\":\"https:\/\/www.maccaferri.com\/pt\/wp-content\/uploads\/2024\/11\/3860_2-1.jpg\",\"width\":1200,\"height\":826,\"caption\":\"Vista general del talud\"},{\"@type\":\"BreadcrumbList\",\"@id\":\"https:\/\/www.maccaferri.com\/pt\/success-stories\/estabilizacion-del-talud-en-la-carretera-n-260-baro\/#breadcrumb\",\"itemListElement\":[{\"@type\":\"ListItem\",\"position\":1,\"name\":\"Stories\",\"item\":\"https:\/\/www.maccaferri.com\/pt\/stories\/\"},{\"@type\":\"ListItem\",\"position\":2,\"name\":\"ESTABILIZACI\u00d3N DEL TALUD EN LA CARRETERA N-260 &#8211; BARO\"}]},{\"@type\":\"WebSite\",\"@id\":\"https:\/\/www.maccaferri.com\/pt\/#website\",\"url\":\"https:\/\/www.maccaferri.com\/pt\/\",\"name\":\"Maccaferri Portugal\",\"description\":\"\",\"publisher\":{\"@id\":\"https:\/\/www.maccaferri.com\/pt\/#organization\"},\"potentialAction\":[{\"@type\":\"SearchAction\",\"target\":{\"@type\":\"EntryPoint\",\"urlTemplate\":\"https:\/\/www.maccaferri.com\/pt\/?s={search_term_string}\"},\"query-input\":{\"@type\":\"PropertyValueSpecification\",\"valueRequired\":true,\"valueName\":\"search_term_string\"}}],\"inLanguage\":\"pt-BR\"},{\"@type\":\"Organization\",\"@id\":\"https:\/\/www.maccaferri.com\/pt\/#organization\",\"name\":\"Maccaferri Portugal\",\"url\":\"https:\/\/www.maccaferri.com\/pt\/\",\"logo\":{\"@type\":\"ImageObject\",\"inLanguage\":\"pt-BR\",\"@id\":\"https:\/\/www.maccaferri.com\/pt\/#\/schema\/logo\/image\/\",\"url\":\"https:\/\/www.maccaferri.com\/pt\/wp-content\/uploads\/2022\/07\/logo-maccaferri.png\",\"contentUrl\":\"https:\/\/www.maccaferri.com\/pt\/wp-content\/uploads\/2022\/07\/logo-maccaferri.png\",\"width\":152,\"height\":32,\"caption\":\"Maccaferri Portugal\"},\"image\":{\"@id\":\"https:\/\/www.maccaferri.com\/pt\/#\/schema\/logo\/image\/\"}}]}<\/script>\n<!-- \/ Yoast SEO Premium plugin. -->","yoast_head_json":{"title":"ESTABILIZACI\u00d3N DEL TALUD EN LA CARRETERA N-260 - BARO - Maccaferri Portugal","description":"Explore nossas hist\u00f3rias de sucesso: ESTABILIZACI\u00d3N DEL TALUD EN LA CARRETERA N-260 - BARO. Do desafio \u00e0 solu\u00e7\u00e3o, veja como ajudamos nossos clientes a alcan\u00e7ar seus objetivos com sucesso.","robots":{"index":"index","follow":"follow","max-snippet":"max-snippet:-1","max-image-preview":"max-image-preview:large","max-video-preview":"max-video-preview:-1"},"canonical":"https:\/\/www.maccaferri.com\/pt\/success-stories\/estabilizacion-del-talud-en-la-carretera-n-260-baro\/","og_locale":"pt_BR","og_type":"article","og_title":"ESTABILIZACI\u00d3N DEL TALUD EN LA CARRETERA N-260 - BARO - Maccaferri Portugal","og_description":"Explore nossas hist\u00f3rias de sucesso: ESTABILIZACI\u00d3N DEL TALUD EN LA CARRETERA N-260 - BARO. Do desafio \u00e0 solu\u00e7\u00e3o, veja como ajudamos nossos clientes a alcan\u00e7ar seus objetivos com sucesso.","og_url":"https:\/\/www.maccaferri.com\/pt\/success-stories\/estabilizacion-del-talud-en-la-carretera-n-260-baro\/","og_site_name":"Maccaferri Portugal","article_modified_time":"2026-02-17T14:24:53+00:00","og_image":[{"width":1200,"height":826,"url":"https:\/\/www.maccaferri.com\/pt\/wp-content\/uploads\/2024\/11\/3860_2-1.jpg","type":"image\/jpeg"}],"twitter_card":"summary_large_image","schema":{"@context":"https:\/\/schema.org","@graph":[{"@type":"WebPage","@id":"https:\/\/www.maccaferri.com\/pt\/success-stories\/estabilizacion-del-talud-en-la-carretera-n-260-baro\/","url":"https:\/\/www.maccaferri.com\/pt\/success-stories\/estabilizacion-del-talud-en-la-carretera-n-260-baro\/","name":"ESTABILIZACI\u00d3N DEL TALUD EN LA CARRETERA N-260 - BARO - Maccaferri Portugal","isPartOf":{"@id":"https:\/\/www.maccaferri.com\/pt\/#website"},"primaryImageOfPage":{"@id":"https:\/\/www.maccaferri.com\/pt\/success-stories\/estabilizacion-del-talud-en-la-carretera-n-260-baro\/#primaryimage"},"image":{"@id":"https:\/\/www.maccaferri.com\/pt\/success-stories\/estabilizacion-del-talud-en-la-carretera-n-260-baro\/#primaryimage"},"thumbnailUrl":"https:\/\/www.maccaferri.com\/pt\/wp-content\/uploads\/2024\/11\/3860_2-1.jpg","datePublished":"2025-11-17T14:05:35+00:00","dateModified":"2026-02-17T14:24:53+00:00","description":"Explore nossas hist\u00f3rias de sucesso: ESTABILIZACI\u00d3N DEL TALUD EN LA CARRETERA N-260 - BARO. Do desafio \u00e0 solu\u00e7\u00e3o, veja como ajudamos nossos clientes a alcan\u00e7ar seus objetivos com sucesso.","breadcrumb":{"@id":"https:\/\/www.maccaferri.com\/pt\/success-stories\/estabilizacion-del-talud-en-la-carretera-n-260-baro\/#breadcrumb"},"inLanguage":"pt-BR","potentialAction":[{"@type":"ReadAction","target":["https:\/\/www.maccaferri.com\/pt\/success-stories\/estabilizacion-del-talud-en-la-carretera-n-260-baro\/"]}]},{"@type":"ImageObject","inLanguage":"pt-BR","@id":"https:\/\/www.maccaferri.com\/pt\/success-stories\/estabilizacion-del-talud-en-la-carretera-n-260-baro\/#primaryimage","url":"https:\/\/www.maccaferri.com\/pt\/wp-content\/uploads\/2024\/11\/3860_2-1.jpg","contentUrl":"https:\/\/www.maccaferri.com\/pt\/wp-content\/uploads\/2024\/11\/3860_2-1.jpg","width":1200,"height":826,"caption":"Vista general del talud"},{"@type":"BreadcrumbList","@id":"https:\/\/www.maccaferri.com\/pt\/success-stories\/estabilizacion-del-talud-en-la-carretera-n-260-baro\/#breadcrumb","itemListElement":[{"@type":"ListItem","position":1,"name":"Stories","item":"https:\/\/www.maccaferri.com\/pt\/stories\/"},{"@type":"ListItem","position":2,"name":"ESTABILIZACI\u00d3N DEL TALUD EN LA CARRETERA N-260 &#8211; BARO"}]},{"@type":"WebSite","@id":"https:\/\/www.maccaferri.com\/pt\/#website","url":"https:\/\/www.maccaferri.com\/pt\/","name":"Maccaferri Portugal","description":"","publisher":{"@id":"https:\/\/www.maccaferri.com\/pt\/#organization"},"potentialAction":[{"@type":"SearchAction","target":{"@type":"EntryPoint","urlTemplate":"https:\/\/www.maccaferri.com\/pt\/?s={search_term_string}"},"query-input":{"@type":"PropertyValueSpecification","valueRequired":true,"valueName":"search_term_string"}}],"inLanguage":"pt-BR"},{"@type":"Organization","@id":"https:\/\/www.maccaferri.com\/pt\/#organization","name":"Maccaferri Portugal","url":"https:\/\/www.maccaferri.com\/pt\/","logo":{"@type":"ImageObject","inLanguage":"pt-BR","@id":"https:\/\/www.maccaferri.com\/pt\/#\/schema\/logo\/image\/","url":"https:\/\/www.maccaferri.com\/pt\/wp-content\/uploads\/2022\/07\/logo-maccaferri.png","contentUrl":"https:\/\/www.maccaferri.com\/pt\/wp-content\/uploads\/2022\/07\/logo-maccaferri.png","width":152,"height":32,"caption":"Maccaferri Portugal"},"image":{"@id":"https:\/\/www.maccaferri.com\/pt\/#\/schema\/logo\/image\/"}}]}},"_links":{"self":[{"href":"https:\/\/www.maccaferri.com\/pt\/wp-json\/wp\/v2\/stories\/75025","targetHints":{"allow":["GET"]}}],"collection":[{"href":"https:\/\/www.maccaferri.com\/pt\/wp-json\/wp\/v2\/stories"}],"about":[{"href":"https:\/\/www.maccaferri.com\/pt\/wp-json\/wp\/v2\/types\/stories"}],"acf:post":[{"embeddable":true,"href":"https:\/\/www.maccaferri.com\/pt\/wp-json\/wp\/v2\/solution\/73363"},{"embeddable":true,"href":"https:\/\/www.maccaferri.com\/pt\/wp-json\/wp\/v2\/application\/73201"},{"embeddable":true,"href":"https:\/\/www.maccaferri.com\/pt\/wp-json\/wp\/v2\/prodotti\/74617"}],"wp:featuredmedia":[{"embeddable":true,"href":"https:\/\/www.maccaferri.com\/pt\/wp-json\/wp\/v2\/media\/59278"}],"wp:attachment":[{"href":"https:\/\/www.maccaferri.com\/pt\/wp-json\/wp\/v2\/media?parent=75025"}],"wp:term":[{"taxonomy":"stories-category","embeddable":true,"href":"https:\/\/www.maccaferri.com\/pt\/wp-json\/wp\/v2\/stories-category?post=75025"},{"taxonomy":"stories-tag","embeddable":true,"href":"https:\/\/www.maccaferri.com\/pt\/wp-json\/wp\/v2\/stories-tag?post=75025"}],"curies":[{"name":"wp","href":"https:\/\/api.w.org\/{rel}","templated":true}]}}