{"id":74722,"date":"2025-11-17T15:02:24","date_gmt":"2025-11-17T14:02:24","guid":{"rendered":"https:\/\/www.maccaferri.com\/pt\/success-stories\/encosta-sobranceira-a-rua-dr-pestana-junior\/"},"modified":"2026-02-17T15:21:49","modified_gmt":"2026-02-17T14:21:49","slug":"encosta-sobranceira-a-rua-dr-pestana-junior","status":"publish","type":"stories","link":"https:\/\/www.maccaferri.com\/pt\/success-stories\/encosta-sobranceira-a-rua-dr-pestana-junior\/","title":{"rendered":"ENCOSTA SOBRANCEIRA \u00c0 RUA DR. PESTANA J\u00daNIOR"},"content":{"rendered":"<div class=\"container-fluid carousel-image-gallery\">\n        <div class=\"row\">\n            <div id=\"carouselImageblock_63ae097fdffd7\" class=\"carousel slide carouselImageGallery\" data-bs-ride=\"carousel\">\n                <!-- \/\/ Indicators -->\n                <ol class=\"carousel-indicators\">\n                                            <li data-bs-target=\"#carouselImageblock_63ae097fdffd7\" data-bs-slide-to=\"0\" class=\"active\" aria-current=\"true\" aria-label=\"Slide\"><\/li>\n                                            <li data-bs-target=\"#carouselImageblock_63ae097fdffd7\" data-bs-slide-to=\"1\" class=\"\" aria-current=\"true\" aria-label=\"Slide\"><\/li>\n                                            <li data-bs-target=\"#carouselImageblock_63ae097fdffd7\" data-bs-slide-to=\"2\" class=\"\" aria-current=\"true\" aria-label=\"Slide\"><\/li>\n                                    <\/ol>\n\n                <div class=\"carousel-inner container\" role=\"listbox\">\n                                            <div class=\"carousel-item active\">\n                        <div class=\"col-12 col-lg-4 col-xl-4 col-xxl-4 space-mobile\">\n                            <div class=\"grid-item-wrapper\">\n                                <div class=\"img-responsive-wrapper\">\n                                    <div class=\"img-responsive\">\n                                        <div class=\"img-wrapper\"><img decoding=\"async\" src=\"https:\/\/www.maccaferri.com\/pt\/wp-content\/uploads\/2023\/06\/1942_2.png\" alt=\"\" \/><\/div>\n                                    <\/div>\n                                <\/div>\n                                <div class=\"griditem-text-wrapper text-center\">\n                                    <p class=\"griditem-text text-center\">Estabiliza\u00e7\u00e3o com Malha de DT 8&#215;10-16<\/p>\n                   \n                                <\/div>\n                            <\/div>\n                        <\/div>\n                        <\/div>\n                                            <div class=\"carousel-item \">\n                        <div class=\"col-12 col-lg-4 col-xl-4 col-xxl-4 space-mobile\">\n                            <div class=\"grid-item-wrapper\">\n                                <div class=\"img-responsive-wrapper\">\n                                    <div class=\"img-responsive\">\n                                        <div class=\"img-wrapper\"><img decoding=\"async\" src=\"https:\/\/www.maccaferri.com\/pt\/wp-content\/uploads\/2023\/06\/1942_3.png\" alt=\"\" \/><\/div>\n                                    <\/div>\n                                <\/div>\n                                <div class=\"griditem-text-wrapper text-center\">\n                                    <p class=\"griditem-text text-center\">Estabiliza\u00e7\u00e3o com Malha de DT 8&#215;10-16, cabos di\u00e2m. 16mm \u00a0e geomalha MacMat 19.1<\/p>\n                   \n                                <\/div>\n                            <\/div>\n                        <\/div>\n                        <\/div>\n                                            <div class=\"carousel-item \">\n                        <div class=\"col-12 col-lg-4 col-xl-4 col-xxl-4 space-mobile\">\n                            <div class=\"grid-item-wrapper\">\n                                <div class=\"img-responsive-wrapper\">\n                                    <div class=\"img-responsive\">\n                                        <div class=\"img-wrapper\"><img decoding=\"async\" src=\"https:\/\/www.maccaferri.com\/pt\/wp-content\/uploads\/2023\/06\/1942_4.png\" alt=\"\" \/><\/div>\n                                    <\/div>\n                                <\/div>\n                                <div class=\"griditem-text-wrapper text-center\">\n                                    <p class=\"griditem-text text-center\">Detalhe da instala\u00e7\u00e3o Macmat 19.1, Malha DT 8&#215;10-16 e dos cabos di\u00e2m. 16 mm<\/p>\n                   \n                                <\/div>\n                            <\/div>\n                        <\/div>\n                        <\/div>\n                                    <\/div>\n            <\/div>\n\n        <\/div>\n    <\/div><div class=\"container-full text-bocolor-block-white\">\n        <div class=\"row\">\n        <div class=\"col-12\">\n            <div class=\"container box-container\">\n                <div class=\"row\">\n                    <div class=\"col-12\">\n                        <h3>Challenge<\/h3>\n                    <\/div>\n                <\/div>\n            <\/div>\n        <\/div>    \n    <\/div>\n        <div class=\"row\">\n        <div class=\"col-12\">\n            <div class=\"container box-container\">\n                <div class=\"row\">\n                    <div class=\"col-12 content\">\n                        <p>A zona em quest\u00e3o localiza-se na Encosta sobranceira \u00e0 Rua Dr. Pestana J\u00fanior no Munic\u00edpio do Funchal na Ilha da Madeira, integrada no Complexo Vulc\u00e2nico Superior (CVS) formado maioritariamente por basaltos que v\u00eam de fluxos alcalinos de lava do vulc\u00e3o escudo da Madeira. A chuva na Madeira \u00e9 um fen\u00f3meno muito comum, gerando press\u00f5es intersticiais nestes basaltos e causando deslizamentos de terra.  Devido \u00e0 queda de blocos numas das principais vias das cidade do Funchal e da necessidade de garantir as condi\u00e7\u00f5es de estabilidade e preserva\u00e7\u00e3o das constru\u00e7\u00f5es existentes na crista e no p\u00e9 do talude, tornou-se urgente uma interven\u00e7\u00e3o que garantisse o controlo dos desprendimentos e queda de blocos, mitiga\u00e7\u00e3o dos fen\u00f3menos de eros\u00e3o, bem como a preserva\u00e7\u00e3o e prote\u00e7\u00e3o do dispositivo geol\u00f3gico de elevado valor cient\u00edfico e patrimonial, encontrando uma solu\u00e7\u00e3o que permitisse a visualiza\u00e7\u00e3o do mesmo.  <\/p>\n                    <\/div>\n                <\/div>\n            <\/div>\n        <\/div>\n    <\/div>\n    <\/div>\n<div class=\"container-full text-bocolor-block-green\">\n        <div class=\"row\">\n        <div class=\"col-12\">\n            <div class=\"container box-container\">\n                <div class=\"row\">\n                    <div class=\"col-12\">\n                        <h3>Solution<\/h3>\n                    <\/div>\n                <\/div>\n            <\/div>\n        <\/div>    \n    <\/div>\n        <div class=\"row\">\n        <div class=\"col-12\">\n            <div class=\"container box-container\">\n                <div class=\"row\">\n                    <div class=\"col-12 content\">\n                        <p>Projeto consistiu na consolida\u00e7\u00e3o estrutural do talude com cerca de 185m de extens\u00e3o e 26 metros de altura. Contemplou duas solu\u00e7\u00f5es para o problema, a solu\u00e7\u00e3o tipo 1 com recurso a malha de Dupla Tor\u00e7\u00e3o 8&#215;10 &#8211; 16 (arame de 2,7mm) galvanizada com liga de Zn90%-Al10% classe A, garantindo que a durabilidade do produto seja >50 anos no ambiente C3 e marca\u00e7\u00e3o CE de acordo com ETA-16\/0758, refor\u00e7ada com uma malha de pregagens, com espa\u00e7amento vari\u00e1vel  e cabos verticais, horizontais e diagonais de di\u00e2metro 16mm galvanizados com liga de Zn95%-Al5% Classe A. Complementada com geomalha MacMat19.1, geomalha formada por uma matriz tridimensional de pol\u00edmeros com uma massa por unidade de \u00e1rea de 550 g\/m2 de acordo com a EN ISO 9864 na maior parte da \u00e1rea. A solu\u00e7\u00e3o tipo 2 com recurso a bet\u00e3o projetado com fibras met\u00e1licas e malha de pregagens e geodrenos.  Concretamente instalaram-se:  &#8211; 10.800 m2  Malha de Dupla Tor\u00e7\u00e3o 8&#215;10 &#8211; 16 (Zn90%-Al10% Classe A) refor\u00e7ada   com malha de pregagens \u00d8 25mm e 32mm e 20.000 ml de cabos de \u00d816mm (Zn95%-Al5% Classe A) e em alguns locais complementada com 9.030m2 de geomalha MacMat 19.1 de cor castanha. <\/p>\n                    <\/div>\n                <\/div>\n            <\/div>\n        <\/div>\n    <\/div>\n    <\/div><!--usedproducts-->","protected":false},"excerpt":{"rendered":"<p>Projeto consistiu na consolida\u00e7\u00e3o estrutural do talude com cerca de 185m de extens\u00e3o e 26 metros de altura. Contemplou duas solu\u00e7\u00f5es para o probl<\/p>\n","protected":false},"featured_media":7765,"parent":0,"menu_order":0,"template":"","stories-category":[],"stories-tag":[],"class_list":["post-74722","stories","type-stories","status-publish","has-post-thumbnail","hentry"],"acf":{"products":null,"applications":null,"solutions":null,"sectors":null},"yoast_head":"<!-- This site is optimized with the Yoast SEO Premium plugin v27.0 (Yoast SEO v27.0) - https:\/\/yoast.com\/product\/yoast-seo-premium-wordpress\/ -->\n<title>ENCOSTA SOBRANCEIRA \u00c0 RUA DR. PESTANA J\u00daNIOR - Maccaferri Portugal<\/title>\n<meta name=\"description\" content=\"Explore nossas hist\u00f3rias de sucesso: ENCOSTA SOBRANCEIRA \u00c0 RUA DR. PESTANA J\u00daNIOR. Do desafio \u00e0 solu\u00e7\u00e3o, veja como ajudamos nossos clientes a alcan\u00e7ar seus objetivos com sucesso.\" \/>\n<meta name=\"robots\" content=\"index, follow, max-snippet:-1, max-image-preview:large, max-video-preview:-1\" \/>\n<link rel=\"canonical\" href=\"https:\/\/www.maccaferri.com\/pt\/success-stories\/encosta-sobranceira-a-rua-dr-pestana-junior\/\" \/>\n<meta property=\"og:locale\" content=\"pt_BR\" \/>\n<meta property=\"og:type\" content=\"article\" \/>\n<meta property=\"og:title\" content=\"ENCOSTA SOBRANCEIRA \u00c0 RUA DR. PESTANA J\u00daNIOR - Maccaferri Portugal\" \/>\n<meta property=\"og:description\" content=\"Explore nossas hist\u00f3rias de sucesso: ENCOSTA SOBRANCEIRA \u00c0 RUA DR. PESTANA J\u00daNIOR. Do desafio \u00e0 solu\u00e7\u00e3o, veja como ajudamos nossos clientes a alcan\u00e7ar seus objetivos com sucesso.\" \/>\n<meta property=\"og:url\" content=\"https:\/\/www.maccaferri.com\/pt\/success-stories\/encosta-sobranceira-a-rua-dr-pestana-junior\/\" \/>\n<meta property=\"og:site_name\" content=\"Maccaferri Portugal\" \/>\n<meta property=\"article:modified_time\" content=\"2026-02-17T14:21:49+00:00\" \/>\n<meta property=\"og:image\" content=\"https:\/\/www.maccaferri.com\/pt\/wp-content\/uploads\/2023\/02\/Success-Story-Default-2.jpg\" \/>\n\t<meta property=\"og:image:width\" content=\"1920\" \/>\n\t<meta property=\"og:image:height\" content=\"1024\" \/>\n\t<meta property=\"og:image:type\" content=\"image\/jpeg\" \/>\n<meta name=\"twitter:card\" content=\"summary_large_image\" \/>\n<script type=\"application\/ld+json\" class=\"yoast-schema-graph\">{\"@context\":\"https:\/\/schema.org\",\"@graph\":[{\"@type\":\"WebPage\",\"@id\":\"https:\/\/www.maccaferri.com\/pt\/success-stories\/encosta-sobranceira-a-rua-dr-pestana-junior\/\",\"url\":\"https:\/\/www.maccaferri.com\/pt\/success-stories\/encosta-sobranceira-a-rua-dr-pestana-junior\/\",\"name\":\"ENCOSTA SOBRANCEIRA \u00c0 RUA DR. PESTANA J\u00daNIOR - Maccaferri Portugal\",\"isPartOf\":{\"@id\":\"https:\/\/www.maccaferri.com\/pt\/#website\"},\"primaryImageOfPage\":{\"@id\":\"https:\/\/www.maccaferri.com\/pt\/success-stories\/encosta-sobranceira-a-rua-dr-pestana-junior\/#primaryimage\"},\"image\":{\"@id\":\"https:\/\/www.maccaferri.com\/pt\/success-stories\/encosta-sobranceira-a-rua-dr-pestana-junior\/#primaryimage\"},\"thumbnailUrl\":\"https:\/\/www.maccaferri.com\/pt\/wp-content\/uploads\/2023\/02\/Success-Story-Default-2.jpg\",\"datePublished\":\"2025-11-17T14:02:24+00:00\",\"dateModified\":\"2026-02-17T14:21:49+00:00\",\"description\":\"Explore nossas hist\u00f3rias de sucesso: ENCOSTA SOBRANCEIRA \u00c0 RUA DR. PESTANA J\u00daNIOR. Do desafio \u00e0 solu\u00e7\u00e3o, veja como ajudamos nossos clientes a alcan\u00e7ar seus objetivos com sucesso.\",\"breadcrumb\":{\"@id\":\"https:\/\/www.maccaferri.com\/pt\/success-stories\/encosta-sobranceira-a-rua-dr-pestana-junior\/#breadcrumb\"},\"inLanguage\":\"pt-BR\",\"potentialAction\":[{\"@type\":\"ReadAction\",\"target\":[\"https:\/\/www.maccaferri.com\/pt\/success-stories\/encosta-sobranceira-a-rua-dr-pestana-junior\/\"]}]},{\"@type\":\"ImageObject\",\"inLanguage\":\"pt-BR\",\"@id\":\"https:\/\/www.maccaferri.com\/pt\/success-stories\/encosta-sobranceira-a-rua-dr-pestana-junior\/#primaryimage\",\"url\":\"https:\/\/www.maccaferri.com\/pt\/wp-content\/uploads\/2023\/02\/Success-Story-Default-2.jpg\",\"contentUrl\":\"https:\/\/www.maccaferri.com\/pt\/wp-content\/uploads\/2023\/02\/Success-Story-Default-2.jpg\",\"width\":1920,\"height\":1024},{\"@type\":\"BreadcrumbList\",\"@id\":\"https:\/\/www.maccaferri.com\/pt\/success-stories\/encosta-sobranceira-a-rua-dr-pestana-junior\/#breadcrumb\",\"itemListElement\":[{\"@type\":\"ListItem\",\"position\":1,\"name\":\"Stories\",\"item\":\"https:\/\/www.maccaferri.com\/pt\/stories\/\"},{\"@type\":\"ListItem\",\"position\":2,\"name\":\"ENCOSTA SOBRANCEIRA \u00c0 RUA DR. PESTANA J\u00daNIOR\"}]},{\"@type\":\"WebSite\",\"@id\":\"https:\/\/www.maccaferri.com\/pt\/#website\",\"url\":\"https:\/\/www.maccaferri.com\/pt\/\",\"name\":\"Maccaferri Portugal\",\"description\":\"\",\"publisher\":{\"@id\":\"https:\/\/www.maccaferri.com\/pt\/#organization\"},\"potentialAction\":[{\"@type\":\"SearchAction\",\"target\":{\"@type\":\"EntryPoint\",\"urlTemplate\":\"https:\/\/www.maccaferri.com\/pt\/?s={search_term_string}\"},\"query-input\":{\"@type\":\"PropertyValueSpecification\",\"valueRequired\":true,\"valueName\":\"search_term_string\"}}],\"inLanguage\":\"pt-BR\"},{\"@type\":\"Organization\",\"@id\":\"https:\/\/www.maccaferri.com\/pt\/#organization\",\"name\":\"Maccaferri Portugal\",\"url\":\"https:\/\/www.maccaferri.com\/pt\/\",\"logo\":{\"@type\":\"ImageObject\",\"inLanguage\":\"pt-BR\",\"@id\":\"https:\/\/www.maccaferri.com\/pt\/#\/schema\/logo\/image\/\",\"url\":\"https:\/\/www.maccaferri.com\/pt\/wp-content\/uploads\/2022\/07\/logo-maccaferri.png\",\"contentUrl\":\"https:\/\/www.maccaferri.com\/pt\/wp-content\/uploads\/2022\/07\/logo-maccaferri.png\",\"width\":152,\"height\":32,\"caption\":\"Maccaferri Portugal\"},\"image\":{\"@id\":\"https:\/\/www.maccaferri.com\/pt\/#\/schema\/logo\/image\/\"}}]}<\/script>\n<!-- \/ Yoast SEO Premium plugin. -->","yoast_head_json":{"title":"ENCOSTA SOBRANCEIRA \u00c0 RUA DR. PESTANA J\u00daNIOR - Maccaferri Portugal","description":"Explore nossas hist\u00f3rias de sucesso: ENCOSTA SOBRANCEIRA \u00c0 RUA DR. PESTANA J\u00daNIOR. Do desafio \u00e0 solu\u00e7\u00e3o, veja como ajudamos nossos clientes a alcan\u00e7ar seus objetivos com sucesso.","robots":{"index":"index","follow":"follow","max-snippet":"max-snippet:-1","max-image-preview":"max-image-preview:large","max-video-preview":"max-video-preview:-1"},"canonical":"https:\/\/www.maccaferri.com\/pt\/success-stories\/encosta-sobranceira-a-rua-dr-pestana-junior\/","og_locale":"pt_BR","og_type":"article","og_title":"ENCOSTA SOBRANCEIRA \u00c0 RUA DR. PESTANA J\u00daNIOR - Maccaferri Portugal","og_description":"Explore nossas hist\u00f3rias de sucesso: ENCOSTA SOBRANCEIRA \u00c0 RUA DR. PESTANA J\u00daNIOR. Do desafio \u00e0 solu\u00e7\u00e3o, veja como ajudamos nossos clientes a alcan\u00e7ar seus objetivos com sucesso.","og_url":"https:\/\/www.maccaferri.com\/pt\/success-stories\/encosta-sobranceira-a-rua-dr-pestana-junior\/","og_site_name":"Maccaferri Portugal","article_modified_time":"2026-02-17T14:21:49+00:00","og_image":[{"width":1920,"height":1024,"url":"https:\/\/www.maccaferri.com\/pt\/wp-content\/uploads\/2023\/02\/Success-Story-Default-2.jpg","type":"image\/jpeg"}],"twitter_card":"summary_large_image","schema":{"@context":"https:\/\/schema.org","@graph":[{"@type":"WebPage","@id":"https:\/\/www.maccaferri.com\/pt\/success-stories\/encosta-sobranceira-a-rua-dr-pestana-junior\/","url":"https:\/\/www.maccaferri.com\/pt\/success-stories\/encosta-sobranceira-a-rua-dr-pestana-junior\/","name":"ENCOSTA SOBRANCEIRA \u00c0 RUA DR. PESTANA J\u00daNIOR - Maccaferri Portugal","isPartOf":{"@id":"https:\/\/www.maccaferri.com\/pt\/#website"},"primaryImageOfPage":{"@id":"https:\/\/www.maccaferri.com\/pt\/success-stories\/encosta-sobranceira-a-rua-dr-pestana-junior\/#primaryimage"},"image":{"@id":"https:\/\/www.maccaferri.com\/pt\/success-stories\/encosta-sobranceira-a-rua-dr-pestana-junior\/#primaryimage"},"thumbnailUrl":"https:\/\/www.maccaferri.com\/pt\/wp-content\/uploads\/2023\/02\/Success-Story-Default-2.jpg","datePublished":"2025-11-17T14:02:24+00:00","dateModified":"2026-02-17T14:21:49+00:00","description":"Explore nossas hist\u00f3rias de sucesso: ENCOSTA SOBRANCEIRA \u00c0 RUA DR. PESTANA J\u00daNIOR. Do desafio \u00e0 solu\u00e7\u00e3o, veja como ajudamos nossos clientes a alcan\u00e7ar seus objetivos com sucesso.","breadcrumb":{"@id":"https:\/\/www.maccaferri.com\/pt\/success-stories\/encosta-sobranceira-a-rua-dr-pestana-junior\/#breadcrumb"},"inLanguage":"pt-BR","potentialAction":[{"@type":"ReadAction","target":["https:\/\/www.maccaferri.com\/pt\/success-stories\/encosta-sobranceira-a-rua-dr-pestana-junior\/"]}]},{"@type":"ImageObject","inLanguage":"pt-BR","@id":"https:\/\/www.maccaferri.com\/pt\/success-stories\/encosta-sobranceira-a-rua-dr-pestana-junior\/#primaryimage","url":"https:\/\/www.maccaferri.com\/pt\/wp-content\/uploads\/2023\/02\/Success-Story-Default-2.jpg","contentUrl":"https:\/\/www.maccaferri.com\/pt\/wp-content\/uploads\/2023\/02\/Success-Story-Default-2.jpg","width":1920,"height":1024},{"@type":"BreadcrumbList","@id":"https:\/\/www.maccaferri.com\/pt\/success-stories\/encosta-sobranceira-a-rua-dr-pestana-junior\/#breadcrumb","itemListElement":[{"@type":"ListItem","position":1,"name":"Stories","item":"https:\/\/www.maccaferri.com\/pt\/stories\/"},{"@type":"ListItem","position":2,"name":"ENCOSTA SOBRANCEIRA \u00c0 RUA DR. PESTANA J\u00daNIOR"}]},{"@type":"WebSite","@id":"https:\/\/www.maccaferri.com\/pt\/#website","url":"https:\/\/www.maccaferri.com\/pt\/","name":"Maccaferri Portugal","description":"","publisher":{"@id":"https:\/\/www.maccaferri.com\/pt\/#organization"},"potentialAction":[{"@type":"SearchAction","target":{"@type":"EntryPoint","urlTemplate":"https:\/\/www.maccaferri.com\/pt\/?s={search_term_string}"},"query-input":{"@type":"PropertyValueSpecification","valueRequired":true,"valueName":"search_term_string"}}],"inLanguage":"pt-BR"},{"@type":"Organization","@id":"https:\/\/www.maccaferri.com\/pt\/#organization","name":"Maccaferri Portugal","url":"https:\/\/www.maccaferri.com\/pt\/","logo":{"@type":"ImageObject","inLanguage":"pt-BR","@id":"https:\/\/www.maccaferri.com\/pt\/#\/schema\/logo\/image\/","url":"https:\/\/www.maccaferri.com\/pt\/wp-content\/uploads\/2022\/07\/logo-maccaferri.png","contentUrl":"https:\/\/www.maccaferri.com\/pt\/wp-content\/uploads\/2022\/07\/logo-maccaferri.png","width":152,"height":32,"caption":"Maccaferri Portugal"},"image":{"@id":"https:\/\/www.maccaferri.com\/pt\/#\/schema\/logo\/image\/"}}]}},"_links":{"self":[{"href":"https:\/\/www.maccaferri.com\/pt\/wp-json\/wp\/v2\/stories\/74722","targetHints":{"allow":["GET"]}}],"collection":[{"href":"https:\/\/www.maccaferri.com\/pt\/wp-json\/wp\/v2\/stories"}],"about":[{"href":"https:\/\/www.maccaferri.com\/pt\/wp-json\/wp\/v2\/types\/stories"}],"wp:featuredmedia":[{"embeddable":true,"href":"https:\/\/www.maccaferri.com\/pt\/wp-json\/wp\/v2\/media\/7765"}],"wp:attachment":[{"href":"https:\/\/www.maccaferri.com\/pt\/wp-json\/wp\/v2\/media?parent=74722"}],"wp:term":[{"taxonomy":"stories-category","embeddable":true,"href":"https:\/\/www.maccaferri.com\/pt\/wp-json\/wp\/v2\/stories-category?post=74722"},{"taxonomy":"stories-tag","embeddable":true,"href":"https:\/\/www.maccaferri.com\/pt\/wp-json\/wp\/v2\/stories-tag?post=74722"}],"curies":[{"name":"wp","href":"https:\/\/api.w.org\/{rel}","templated":true}]}}