{"id":119268,"date":"2025-01-27T21:32:41","date_gmt":"2025-01-27T20:32:41","guid":{"rendered":"https:\/\/www.maccaferri.com\/mx\/?p=119268"},"modified":"2025-11-03T21:15:29","modified_gmt":"2025-11-03T20:15:29","slug":"el-ingeniero-pablo-talamantes-asumio-su-cargo-como-nuevo-presidente-del-cicq","status":"publish","type":"post","link":"https:\/\/www.maccaferri.com\/mx\/news\/el-ingeniero-pablo-talamantes-asumio-su-cargo-como-nuevo-presidente-del-cicq\/","title":{"rendered":"Nuevo presidente del Colegio de Ingenieros Civiles de Quer\u00e9taro: toma de protesta 2025"},"content":{"rendered":"<div class=\"wp-block-mac-container-block box-container\"><div class=\"wp-block-columns is-layout-flex wp-container-core-columns-is-layout-9d6595d7 wp-block-columns-is-layout-flex\"><div class=\"wp-block-column is-layout-flow wp-block-column-is-layout-flow\"><p><\/p>\n\n<p>El 9 de enero de 2025, el <strong>Ing. Pablo Talamantes<\/strong> asumi\u00f3 la presidencia del XXVII Consejo Directivo del <strong>Colegio de Ingenieros Civiles del Estado de Quer\u00e9taro<\/strong> (CICQ). El evento cont\u00f3 con la presencia de autoridades como el gobernador Mauricio Kuri y el secretario de SDUOP, Fernando Gonz\u00e1lez. Maccaferri estuvo presente en la ceremonia como refrendo de su s\u00f3lida colaboraci\u00f3n con la asociaci\u00f3n.<\/p><\/div><\/div>\n\n<h2 class=\"wp-block-heading\" id=\"h-nuevo-presidente-del-colegio-de-ingenieros-civiles-de-queretaro\"><strong>Nuevo presidente del Colegio de Ingenieros Civiles de Quer\u00e9taro<\/strong><\/h2>\n\n<p>El pasado 9 de enero de 2025 se llev\u00f3 a cabo la toma de protesta del XXVII Consejo Directivo del <a href=\"https:\/\/colegiodeingenieroscivilesdequeretaro.org\/\" target=\"_blank\" rel=\"noreferrer noopener\">Colegio de Ingenieros Civiles del Estado de <strong>Quer\u00e9taro (CICQ)<\/strong><\/a><strong>,<\/strong> durante la cual el <strong>Ing. Pablo Talamantes<\/strong> asumi\u00f3 el cargo como <strong>nuevo presidente<\/strong> de dicha asociaci\u00f3n. El evento comenz\u00f3 en punto de las 11 de la ma\u00f1ana y tuvo como sede el Centro de Convenciones de Quer\u00e9taro.&nbsp;<\/p>\n\n<p>En cuanto a los asistentes, la ceremonia cont\u00f3 con la participaci\u00f3n de todos los agremiados, as\u00ed como con la presencia del gobernador del estado, <strong>Mauricio<\/strong> <strong>Kuri<\/strong>; el secretario de Desarrollo Urbano y <strong>Obras P\u00fablicas (SDUOP),<\/strong> Fernando Gonz\u00e1lez; y el presidente municipal de <strong>Quer\u00e9taro<\/strong>, Felipe Mac\u00edas.&nbsp;<\/p>\n\n<p>Durante la investidura, el Ing. <strong>Rom\u00e1n<\/strong> <strong>Tzintzun<\/strong> agradeci\u00f3 el apoyo a su gesti\u00f3n por parte de los integrantes del consejo. Cabe destacar que <strong>Tzintzun<\/strong> se despidi\u00f3 de su cargo luego de un significativo periodo de colaboraci\u00f3n con <strong>Maccaferri<\/strong>. Bajo su liderazgo, se consolid\u00f3 una exitosa relaci\u00f3n enfocada en la capacitaci\u00f3n de <strong>soluciones t\u00e9cnicas Maccaferri<\/strong> para los directores responsables de obra del estado.&nbsp;&nbsp;<\/p>\n\n<p>Asimismo, este trabajo conjunto permiti\u00f3 desarrollar y cumplir desaf\u00edos en las universidades locales, lo que contribuy\u00f3 a la profesionalizaci\u00f3n del sector en Quer\u00e9taro. Uno de los logros m\u00e1s relevantes de la gesti\u00f3n del Ing. Tzintzun fue la visita de la <a href=\"https:\/\/www.femcic.org\/\" target=\"_blank\" rel=\"noreferrer noopener\"><strong>Federaci\u00f3n Mexicana de Colegios de Ingenieros Civiles (FEMCIC)<\/strong><\/a> a la planta de <strong>Maccaferri<\/strong>, el pasado julio de 2024; dicho evento contribuy\u00f3 a fortalecer la relaci\u00f3n entre el colegio y la empresa mediante la interacci\u00f3n de conocimientos cruciales para el sector.&nbsp;<\/p>\n\n<p><\/p>\n\n<div class=\"wp-block-buttons is-layout-flex wp-block-buttons-is-layout-flex\"><div class=\"wp-block-button\"><a class=\"wp-block-button__link has-luminous-vivid-orange-background-color has-background has-medium-font-size has-custom-font-size wp-element-button\" href=\"https:\/\/www.maccaferri.com\/mx\/news\/ingenieria-civil-para-incrementar-la-seguridad-en-vias-de-comunicacion\/\" style=\"padding-top:var(--wp--preset--spacing--40);padding-bottom:var(--wp--preset--spacing--40)\" target=\"_blank\" rel=\"noreferrer noopener\"><strong>Ingenieros civiles intercambian soluciones para mejorar la seguridad estructural en las carreteras de M\u00e9xico: da clic aqu\u00ed para leer<\/strong><\/a><\/div><\/div>\n\n<p><\/p>\n\n<p>Por lo anterior, <strong>Maccaferri<\/strong> estuvo presente en la ceremonia con el objetivo de continuar fortaleciendo el v\u00ednculo con el <strong>CICQ<\/strong>, relaci\u00f3n que propicia, a su vez, el intercambio de informaci\u00f3n t\u00e9cnica innovadora acerca de soluciones especializadas en diversas \u00e1reas de la infraestructura y el <strong>desarrollo urbano del estado<\/strong>. Para ello, el servicio de soporte t\u00e9cnico especializado permite reafirmar una colaboraci\u00f3n activa de la empresa en los sectores de <a href=\"https:\/\/www.maccaferri.com\/mx\/sectores\/infraestructura-de-transporte\/\" target=\"_blank\" rel=\"noreferrer noopener\">transporte<\/a>, <a href=\"https:\/\/www.maccaferri.com\/mx\/aplicaciones\/obras-hidraulicas\/\" target=\"_blank\" rel=\"noreferrer noopener\">hidr\u00e1ulica<\/a> e <a href=\"https:\/\/www.maccaferri.com\/mx\/sectores\/infraestructura-urbana\/\" target=\"_blank\" rel=\"noreferrer noopener\">infraestructura urbana<\/a> de la regi\u00f3n.&nbsp;<\/p>\n\n<p><\/p>\n\n<h2 class=\"wp-block-heading\" id=\"h-con-el-ing-pablo-talamantes-al-frente-el-cicq-seguira-una-ruta-de-innovacion-y-sostenibilidad-nbsp-nbsp\"><strong>Con el Ing. Pablo Talamantes al frente, el CICQ seguir\u00e1 una ruta de innovaci\u00f3n y sostenibilidad&nbsp;<\/strong>&nbsp;<\/h2>\n\n<p>Entre los compromisos expresados por el <strong>Ing. Talamantes <\/strong>se encuentran la b\u00fasqueda de la excelencia profesional, la innovaci\u00f3n y la sostenibilidad, as\u00ed como la colaboraci\u00f3n y activa participaci\u00f3n de todos los agremiados. A prop\u00f3sito de su trayectoria, el <strong>Ing. Talamantes<\/strong>, con Maestr\u00eda en Ingenier\u00eda Hidr\u00e1ulica y en Administraci\u00f3n, fue reconocido como el Ingeniero del A\u00f1o en el 2023.&nbsp;<\/p>\n\n<p>Talamantes tambi\u00e9n ostenta una robusta labor acad\u00e9mica como investigador y profesor de tiempo completo en la <a href=\"https:\/\/ingenieria.uaq.mx\/\" target=\"_blank\" rel=\"noreferrer noopener\">Facultad de Ingenier\u00eda de la Universidad Aut\u00f3noma de Quer\u00e9taro (UAQ)<\/a>. Asimismo, en la Facultad de Ciencias Naturales imparte clases para la Maestr\u00eda en Gesti\u00f3n Integrada de Cuencas. A prop\u00f3sito de riesgos hidrometeorol\u00f3gicos y dise\u00f1o de obras hidr\u00e1ulicas para la protecci\u00f3n del territorio, su formaci\u00f3n abarca cursos de especializaci\u00f3n realizados en Italia.&nbsp;&nbsp;<\/p>\n\n<p>Por todo lo anterior, el liderazgo y bagaje del Ing. Pablo Talamantes brinda la certeza de que la colaboraci\u00f3n entre <strong>Maccaferri<\/strong> y el <strong>CICQ<\/strong> continuar\u00e1 siendo s\u00f3lida, misma que permitir\u00e1 a la empresa mantenerse como un referente entre los pilares fundamentales para el progreso y la innovaci\u00f3n de la <a href=\"https:\/\/www.maccaferri.com\/mx\/sectores\/industrial-construccion-civil-ligera\/\" target=\"_blank\" rel=\"noreferrer noopener\"><strong>ingenier\u00eda civil en Quer\u00e9taro<\/strong><\/a>.&nbsp;&nbsp;<\/p>\n\n<p><\/p>\n\n<p class=\"has-medium-font-size\">\u00a1Mantente al tanto de esta y m\u00e1s noticias que <strong>Maccaferri<\/strong> trae para ti!&nbsp; Suscr\u00edbete en nuestro bolet\u00edn para recibir nuestras actualizaciones.&nbsp;<\/p>\n\n<p><\/p>\n\n<div class=\"wp-block-buttons has-custom-font-size has-medium-font-size is-content-justification-left is-layout-flex wp-container-core-buttons-is-layout-fdcfc74e wp-block-buttons-is-layout-flex\"><div class=\"wp-block-button\"><a class=\"wp-block-button__link has-luminous-vivid-orange-background-color has-background has-large-font-size has-custom-font-size wp-element-button\" href=\"https:\/\/wa.me\/+5214461392134?text=Hola\" style=\"padding-top:var(--wp--preset--spacing--50);padding-bottom:var(--wp--preset--spacing--50)\" target=\"_blank\" rel=\"noreferrer noopener\"><strong>platica con un asesor por whatsapp<\/strong><\/a><\/div><\/div>\n\n<p><\/p><\/div><div class=\"container-fluid carousel-image-gallery\">\n        <div class=\"row\">\n            <div id=\"carouselImageblock_e597c006c4ba70bc72c7c9543817d5b5\" class=\"carousel slide carouselImageGallery\" data-bs-ride=\"carousel\">\n                <!-- \/\/ Indicators -->\n                <ol class=\"carousel-indicators\">\n                                            <li data-bs-target=\"#carouselImageblock_e597c006c4ba70bc72c7c9543817d5b5\" data-bs-slide-to=\"0\" class=\"active\" aria-current=\"true\" aria-label=\"Slide\"><\/li>\n                                            <li data-bs-target=\"#carouselImageblock_e597c006c4ba70bc72c7c9543817d5b5\" data-bs-slide-to=\"1\" class=\"\" aria-current=\"true\" aria-label=\"Slide\"><\/li>\n                                            <li data-bs-target=\"#carouselImageblock_e597c006c4ba70bc72c7c9543817d5b5\" data-bs-slide-to=\"2\" class=\"\" aria-current=\"true\" aria-label=\"Slide\"><\/li>\n                                            <li data-bs-target=\"#carouselImageblock_e597c006c4ba70bc72c7c9543817d5b5\" data-bs-slide-to=\"3\" class=\"\" aria-current=\"true\" aria-label=\"Slide\"><\/li>\n                                            <li data-bs-target=\"#carouselImageblock_e597c006c4ba70bc72c7c9543817d5b5\" data-bs-slide-to=\"4\" class=\"\" aria-current=\"true\" aria-label=\"Slide\"><\/li>\n                                            <li data-bs-target=\"#carouselImageblock_e597c006c4ba70bc72c7c9543817d5b5\" data-bs-slide-to=\"5\" class=\"\" aria-current=\"true\" aria-label=\"Slide\"><\/li>\n                                            <li data-bs-target=\"#carouselImageblock_e597c006c4ba70bc72c7c9543817d5b5\" data-bs-slide-to=\"6\" class=\"\" aria-current=\"true\" aria-label=\"Slide\"><\/li>\n                                            <li data-bs-target=\"#carouselImageblock_e597c006c4ba70bc72c7c9543817d5b5\" data-bs-slide-to=\"7\" class=\"\" aria-current=\"true\" aria-label=\"Slide\"><\/li>\n                                    <\/ol>\n\n                <div class=\"carousel-inner container\" role=\"listbox\">\n                                            <div class=\"carousel-item active\">\n                        <div class=\"col-12 col-lg-4 col-xl-4 col-xxl-4 space-mobile\">\n                            <div class=\"grid-item-wrapper\">\n                                <div class=\"img-responsive-wrapper\">\n                                    <div class=\"img-responsive\">\n                                        <div class=\"img-wrapper\"><img decoding=\"async\" src=\"https:\/\/www.maccaferri.com\/mx\/wp-content\/uploads\/2025\/01\/Nuevo-presidente-CICQ-2-1-scaled.jpg\" alt=\"El ingeniero Pablo Talamantes asumi\u00f3 su cargo como nuevo presidente del CICQ\" \/><\/div>\n                                    <\/div>\n                                <\/div>\n                                <div class=\"griditem-text-wrapper text-center\">\n                                    <p class=\"griditem-text text-center\">Nuevo presidente Colegio de Ingenieros Civiles de Quer\u00e9taro<\/p>\n                   \n                                <\/div>\n                            <\/div>\n                        <\/div>\n                        <\/div>\n                                            <div class=\"carousel-item \">\n                        <div class=\"col-12 col-lg-4 col-xl-4 col-xxl-4 space-mobile\">\n                            <div class=\"grid-item-wrapper\">\n                                <div class=\"img-responsive-wrapper\">\n                                    <div class=\"img-responsive\">\n                                        <div class=\"img-wrapper\"><img decoding=\"async\" src=\"https:\/\/www.maccaferri.com\/mx\/wp-content\/uploads\/2025\/01\/Nuevo-presidente-CICQ-3-1-scaled.jpg\" alt=\"El ingeniero Pablo Talamantes asumi\u00f3 su cargo como nuevo presidente del CICQ\" \/><\/div>\n                                    <\/div>\n                                <\/div>\n                                <div class=\"griditem-text-wrapper text-center\">\n                                    <p class=\"griditem-text text-center\">Nuevo presidente Colegio de Ingenieros Civiles de Quer\u00e9taro<\/p>\n                   \n                                <\/div>\n                            <\/div>\n                        <\/div>\n                        <\/div>\n                                            <div class=\"carousel-item \">\n                        <div class=\"col-12 col-lg-4 col-xl-4 col-xxl-4 space-mobile\">\n                            <div class=\"grid-item-wrapper\">\n                                <div class=\"img-responsive-wrapper\">\n                                    <div class=\"img-responsive\">\n                                        <div class=\"img-wrapper\"><img decoding=\"async\" src=\"https:\/\/www.maccaferri.com\/mx\/wp-content\/uploads\/2025\/01\/Nuevo-presidente-CICQ-4-1-scaled.jpg\" alt=\"El ingeniero Pablo Talamantes asumi\u00f3 su cargo como nuevo presidente del CICQ\" \/><\/div>\n                                    <\/div>\n                                <\/div>\n                                <div class=\"griditem-text-wrapper text-center\">\n                                    <p class=\"griditem-text text-center\">Nuevo presidente Colegio de Ingenieros Civiles de Quer\u00e9taro<\/p>\n                   \n                                <\/div>\n                            <\/div>\n                        <\/div>\n                        <\/div>\n                                            <div class=\"carousel-item \">\n                        <div class=\"col-12 col-lg-4 col-xl-4 col-xxl-4 space-mobile\">\n                            <div class=\"grid-item-wrapper\">\n                                <div class=\"img-responsive-wrapper\">\n                                    <div class=\"img-responsive\">\n                                        <div class=\"img-wrapper\"><img decoding=\"async\" src=\"https:\/\/www.maccaferri.com\/mx\/wp-content\/uploads\/2025\/01\/Nuevo-presidente-CICQ-5-1-scaled.jpg\" alt=\"El ingeniero Pablo Talamantes asumi\u00f3 su cargo como nuevo presidente del CICQ\" \/><\/div>\n                                    <\/div>\n                                <\/div>\n                                <div class=\"griditem-text-wrapper text-center\">\n                                    <p class=\"griditem-text text-center\">Nuevo presidente Colegio de Ingenieros Civiles de Quer\u00e9taro<\/p>\n                   \n                                <\/div>\n                            <\/div>\n                        <\/div>\n                        <\/div>\n                                            <div class=\"carousel-item \">\n                        <div class=\"col-12 col-lg-4 col-xl-4 col-xxl-4 space-mobile\">\n                            <div class=\"grid-item-wrapper\">\n                                <div class=\"img-responsive-wrapper\">\n                                    <div class=\"img-responsive\">\n                                        <div class=\"img-wrapper\"><img decoding=\"async\" src=\"https:\/\/www.maccaferri.com\/mx\/wp-content\/uploads\/2025\/01\/Nuevo-presidente-CICQ-6-1-scaled.jpg\" alt=\"El ingeniero Pablo Talamantes asumi\u00f3 su cargo como nuevo presidente del CICQ\" \/><\/div>\n                                    <\/div>\n                                <\/div>\n                                <div class=\"griditem-text-wrapper text-center\">\n                                    <p class=\"griditem-text text-center\">Nuevo presidente Colegio de Ingenieros Civiles de Quer\u00e9taro<\/p>\n                   \n                                <\/div>\n                            <\/div>\n                        <\/div>\n                        <\/div>\n                                            <div class=\"carousel-item \">\n                        <div class=\"col-12 col-lg-4 col-xl-4 col-xxl-4 space-mobile\">\n                            <div class=\"grid-item-wrapper\">\n                                <div class=\"img-responsive-wrapper\">\n                                    <div class=\"img-responsive\">\n                                        <div class=\"img-wrapper\"><img decoding=\"async\" src=\"https:\/\/www.maccaferri.com\/mx\/wp-content\/uploads\/2025\/01\/Nuevo-presidente-CICQ-7-scaled.jpg\" alt=\"El ingeniero Pablo Talamantes asumi\u00f3 su cargo como nuevo presidente del CICQ\" \/><\/div>\n                                    <\/div>\n                                <\/div>\n                                <div class=\"griditem-text-wrapper text-center\">\n                                    <p class=\"griditem-text text-center\">Nuevo presidente Colegio de Ingenieros Civiles de Quer\u00e9taro<\/p>\n                   \n                                <\/div>\n                            <\/div>\n                        <\/div>\n                        <\/div>\n                                            <div class=\"carousel-item \">\n                        <div class=\"col-12 col-lg-4 col-xl-4 col-xxl-4 space-mobile\">\n                            <div class=\"grid-item-wrapper\">\n                                <div class=\"img-responsive-wrapper\">\n                                    <div class=\"img-responsive\">\n                                        <div class=\"img-wrapper\"><img decoding=\"async\" src=\"https:\/\/www.maccaferri.com\/mx\/wp-content\/uploads\/2025\/01\/Nuevo-presidente-CICQ-8-1-scaled.jpg\" alt=\"El ingeniero Pablo Talamantes asumi\u00f3 su cargo como nuevo presidente del CICQ\" \/><\/div>\n                                    <\/div>\n                                <\/div>\n                                <div class=\"griditem-text-wrapper text-center\">\n                                    <p class=\"griditem-text text-center\">Nuevo presidente Colegio de Ingenieros Civiles de Quer\u00e9taro<\/p>\n                   \n                                <\/div>\n                            <\/div>\n                        <\/div>\n                        <\/div>\n                                            <div class=\"carousel-item \">\n                        <div class=\"col-12 col-lg-4 col-xl-4 col-xxl-4 space-mobile\">\n                            <div class=\"grid-item-wrapper\">\n                                <div class=\"img-responsive-wrapper\">\n                                    <div class=\"img-responsive\">\n                                        <div class=\"img-wrapper\"><img decoding=\"async\" src=\"https:\/\/www.maccaferri.com\/mx\/wp-content\/uploads\/2025\/01\/Nuevo-presidente-CICQ-scaled.jpg\" alt=\"Presidente del colegio de ingenieros civiles de quer\u00e9taro\" \/><\/div>\n                                    <\/div>\n                                <\/div>\n                                <div class=\"griditem-text-wrapper text-center\">\n                                    <p class=\"griditem-text text-center\">Presidente del colegio de ingenieros civiles de quer\u00e9taro<\/p>\n                   \n                                <\/div>\n                            <\/div>\n                        <\/div>\n                        <\/div>\n                                    <\/div>\n            <\/div>\n\n        <\/div>\n    <\/div>","protected":false},"excerpt":{"rendered":"<p>Maccaferri estuvo presente en la toma de protesta del nuevo presidente del Colegio de Ingenieros Civiles de Quer\u00e9taro.<\/p>\n","protected":false},"author":20,"featured_media":119305,"comment_status":"closed","ping_status":"closed","sticky":false,"template":"","format":"standard","meta":{"_acf_changed":false,"_joinchat":[],"footnotes":""},"categories":[1],"tags":[],"class_list":["post-119268","post","type-post","status-publish","format-standard","has-post-thumbnail","hentry","category-news"],"acf":[],"yoast_head":"<!-- This site is optimized with the Yoast SEO Premium plugin v27.0 (Yoast SEO v27.0) - https:\/\/yoast.com\/product\/yoast-seo-premium-wordpress\/ -->\n<title>Colegio de ingenieros civiles de Quer\u00e9taro: nuevo presidente 2025<\/title>\n<meta name=\"description\" content=\"El Ing. Pablo Talamantes se convierte en presidente del Colegio de Ingenieros Civiles de Quer\u00e9taro. Conoce c\u00f3mo fue su toma de protesta 2025.\" \/>\n<meta name=\"robots\" content=\"index, follow, max-snippet:-1, max-image-preview:large, max-video-preview:-1\" \/>\n<link rel=\"canonical\" href=\"https:\/\/www.maccaferri.com\/mx\/news\/el-ingeniero-pablo-talamantes-asumio-su-cargo-como-nuevo-presidente-del-cicq\/\" \/>\n<meta property=\"og:locale\" content=\"es_ES\" \/>\n<meta property=\"og:type\" content=\"article\" \/>\n<meta property=\"og:title\" content=\"Nuevo presidente del Colegio de Ingenieros Civiles de Quer\u00e9taro: toma de protesta 2025\" \/>\n<meta property=\"og:description\" content=\"El Ing. Pablo Talamantes se convierte en presidente del Colegio de Ingenieros Civiles de Quer\u00e9taro. Conoce c\u00f3mo fue su toma de protesta 2025.\" \/>\n<meta property=\"og:url\" content=\"https:\/\/www.maccaferri.com\/mx\/news\/el-ingeniero-pablo-talamantes-asumio-su-cargo-como-nuevo-presidente-del-cicq\/\" \/>\n<meta property=\"og:site_name\" content=\"Maccaferri Mexico\" \/>\n<meta property=\"article:published_time\" content=\"2025-01-27T20:32:41+00:00\" \/>\n<meta property=\"article:modified_time\" content=\"2025-11-03T20:15:29+00:00\" \/>\n<meta property=\"og:image\" content=\"https:\/\/www.maccaferri.com\/mx\/wp-content\/uploads\/2025\/01\/Nuevo-presidente-CICQ-scaled.jpg\" \/>\n\t<meta property=\"og:image:width\" content=\"2560\" \/>\n\t<meta property=\"og:image:height\" content=\"1920\" \/>\n\t<meta property=\"og:image:type\" content=\"image\/jpeg\" \/>\n<meta name=\"author\" content=\"Julio Justino\" \/>\n<meta name=\"twitter:card\" content=\"summary_large_image\" \/>\n<meta name=\"twitter:label1\" content=\"Written by\" \/>\n\t<meta name=\"twitter:data1\" content=\"Julio Justino\" \/>\n\t<meta name=\"twitter:label2\" content=\"Est. reading time\" \/>\n\t<meta name=\"twitter:data2\" content=\"4 minutes\" \/>\n<script type=\"application\/ld+json\" class=\"yoast-schema-graph\">{\"@context\":\"https:\/\/schema.org\",\"@graph\":[{\"@type\":\"Article\",\"@id\":\"https:\/\/www.maccaferri.com\/mx\/news\/el-ingeniero-pablo-talamantes-asumio-su-cargo-como-nuevo-presidente-del-cicq\/#article\",\"isPartOf\":{\"@id\":\"https:\/\/www.maccaferri.com\/mx\/news\/el-ingeniero-pablo-talamantes-asumio-su-cargo-como-nuevo-presidente-del-cicq\/\"},\"author\":{\"name\":\"Julio Justino\",\"@id\":\"https:\/\/www.maccaferri.com\/mx\/#\/schema\/person\/1cc5242c850b1a82437d89dd269e3fdb\"},\"headline\":\"Nuevo presidente del Colegio de Ingenieros Civiles de Quer\u00e9taro: toma de protesta 2025\",\"datePublished\":\"2025-01-27T20:32:41+00:00\",\"dateModified\":\"2025-11-03T20:15:29+00:00\",\"mainEntityOfPage\":{\"@id\":\"https:\/\/www.maccaferri.com\/mx\/news\/el-ingeniero-pablo-talamantes-asumio-su-cargo-como-nuevo-presidente-del-cicq\/\"},\"wordCount\":732,\"publisher\":{\"@id\":\"https:\/\/www.maccaferri.com\/mx\/#organization\"},\"image\":{\"@id\":\"https:\/\/www.maccaferri.com\/mx\/news\/el-ingeniero-pablo-talamantes-asumio-su-cargo-como-nuevo-presidente-del-cicq\/#primaryimage\"},\"thumbnailUrl\":\"https:\/\/www.maccaferri.com\/mx\/wp-content\/uploads\/2025\/01\/Nuevo-presidente-CICQ-scaled.jpg\",\"articleSection\":[\"News\"],\"inLanguage\":\"es-ES\"},{\"@type\":\"WebPage\",\"@id\":\"https:\/\/www.maccaferri.com\/mx\/news\/el-ingeniero-pablo-talamantes-asumio-su-cargo-como-nuevo-presidente-del-cicq\/\",\"url\":\"https:\/\/www.maccaferri.com\/mx\/news\/el-ingeniero-pablo-talamantes-asumio-su-cargo-como-nuevo-presidente-del-cicq\/\",\"name\":\"Colegio de ingenieros civiles de Quer\u00e9taro: nuevo presidente 2025\",\"isPartOf\":{\"@id\":\"https:\/\/www.maccaferri.com\/mx\/#website\"},\"primaryImageOfPage\":{\"@id\":\"https:\/\/www.maccaferri.com\/mx\/news\/el-ingeniero-pablo-talamantes-asumio-su-cargo-como-nuevo-presidente-del-cicq\/#primaryimage\"},\"image\":{\"@id\":\"https:\/\/www.maccaferri.com\/mx\/news\/el-ingeniero-pablo-talamantes-asumio-su-cargo-como-nuevo-presidente-del-cicq\/#primaryimage\"},\"thumbnailUrl\":\"https:\/\/www.maccaferri.com\/mx\/wp-content\/uploads\/2025\/01\/Nuevo-presidente-CICQ-scaled.jpg\",\"datePublished\":\"2025-01-27T20:32:41+00:00\",\"dateModified\":\"2025-11-03T20:15:29+00:00\",\"description\":\"El Ing. Pablo Talamantes se convierte en presidente del Colegio de Ingenieros Civiles de Quer\u00e9taro. Conoce c\u00f3mo fue su toma de protesta 2025.\",\"breadcrumb\":{\"@id\":\"https:\/\/www.maccaferri.com\/mx\/news\/el-ingeniero-pablo-talamantes-asumio-su-cargo-como-nuevo-presidente-del-cicq\/#breadcrumb\"},\"inLanguage\":\"es-ES\",\"potentialAction\":[{\"@type\":\"ReadAction\",\"target\":[\"https:\/\/www.maccaferri.com\/mx\/news\/el-ingeniero-pablo-talamantes-asumio-su-cargo-como-nuevo-presidente-del-cicq\/\"]}]},{\"@type\":\"ImageObject\",\"inLanguage\":\"es-ES\",\"@id\":\"https:\/\/www.maccaferri.com\/mx\/news\/el-ingeniero-pablo-talamantes-asumio-su-cargo-como-nuevo-presidente-del-cicq\/#primaryimage\",\"url\":\"https:\/\/www.maccaferri.com\/mx\/wp-content\/uploads\/2025\/01\/Nuevo-presidente-CICQ-scaled.jpg\",\"contentUrl\":\"https:\/\/www.maccaferri.com\/mx\/wp-content\/uploads\/2025\/01\/Nuevo-presidente-CICQ-scaled.jpg\",\"width\":2560,\"height\":1920,\"caption\":\"Presidente del colegio de ingenieros civiles de quer\u00e9taro\"},{\"@type\":\"BreadcrumbList\",\"@id\":\"https:\/\/www.maccaferri.com\/mx\/news\/el-ingeniero-pablo-talamantes-asumio-su-cargo-como-nuevo-presidente-del-cicq\/#breadcrumb\",\"itemListElement\":[{\"@type\":\"ListItem\",\"position\":1,\"name\":\"Home\",\"item\":\"https:\/\/www.maccaferri.com\/mx\/\"},{\"@type\":\"ListItem\",\"position\":2,\"name\":\"Nuevo presidente del Colegio de Ingenieros Civiles de Quer\u00e9taro: toma de protesta 2025\"}]},{\"@type\":\"WebSite\",\"@id\":\"https:\/\/www.maccaferri.com\/mx\/#website\",\"url\":\"https:\/\/www.maccaferri.com\/mx\/\",\"name\":\"Maccaferri Mexico\",\"description\":\"\",\"publisher\":{\"@id\":\"https:\/\/www.maccaferri.com\/mx\/#organization\"},\"potentialAction\":[{\"@type\":\"SearchAction\",\"target\":{\"@type\":\"EntryPoint\",\"urlTemplate\":\"https:\/\/www.maccaferri.com\/mx\/?s={search_term_string}\"},\"query-input\":{\"@type\":\"PropertyValueSpecification\",\"valueRequired\":true,\"valueName\":\"search_term_string\"}}],\"inLanguage\":\"es-ES\"},{\"@type\":\"Organization\",\"@id\":\"https:\/\/www.maccaferri.com\/mx\/#organization\",\"name\":\"Maccaferri Mexico\",\"url\":\"https:\/\/www.maccaferri.com\/mx\/\",\"logo\":{\"@type\":\"ImageObject\",\"inLanguage\":\"es-ES\",\"@id\":\"https:\/\/www.maccaferri.com\/mx\/#\/schema\/logo\/image\/\",\"url\":\"https:\/\/www.maccaferri.com\/mx\/wp-content\/uploads\/2022\/07\/logo-maccaferri.png\",\"contentUrl\":\"https:\/\/www.maccaferri.com\/mx\/wp-content\/uploads\/2022\/07\/logo-maccaferri.png\",\"width\":152,\"height\":32,\"caption\":\"Maccaferri Mexico\"},\"image\":{\"@id\":\"https:\/\/www.maccaferri.com\/mx\/#\/schema\/logo\/image\/\"}},{\"@type\":\"Person\",\"@id\":\"https:\/\/www.maccaferri.com\/mx\/#\/schema\/person\/1cc5242c850b1a82437d89dd269e3fdb\",\"name\":\"Julio Justino\",\"image\":{\"@type\":\"ImageObject\",\"inLanguage\":\"es-ES\",\"@id\":\"https:\/\/www.maccaferri.com\/mx\/#\/schema\/person\/image\/\",\"url\":\"https:\/\/secure.gravatar.com\/avatar\/93dbe948e464e4f62c990406d99c1349568bc2647ece7d29d2efb11d31c5af94?s=96&d=mm&r=g\",\"contentUrl\":\"https:\/\/secure.gravatar.com\/avatar\/93dbe948e464e4f62c990406d99c1349568bc2647ece7d29d2efb11d31c5af94?s=96&d=mm&r=g\",\"caption\":\"Julio Justino\"}}]}<\/script>\n<!-- \/ Yoast SEO Premium plugin. -->","yoast_head_json":{"title":"Colegio de ingenieros civiles de Quer\u00e9taro: nuevo presidente 2025","description":"El Ing. Pablo Talamantes se convierte en presidente del Colegio de Ingenieros Civiles de Quer\u00e9taro. Conoce c\u00f3mo fue su toma de protesta 2025.","robots":{"index":"index","follow":"follow","max-snippet":"max-snippet:-1","max-image-preview":"max-image-preview:large","max-video-preview":"max-video-preview:-1"},"canonical":"https:\/\/www.maccaferri.com\/mx\/news\/el-ingeniero-pablo-talamantes-asumio-su-cargo-como-nuevo-presidente-del-cicq\/","og_locale":"es_ES","og_type":"article","og_title":"Nuevo presidente del Colegio de Ingenieros Civiles de Quer\u00e9taro: toma de protesta 2025","og_description":"El Ing. Pablo Talamantes se convierte en presidente del Colegio de Ingenieros Civiles de Quer\u00e9taro. Conoce c\u00f3mo fue su toma de protesta 2025.","og_url":"https:\/\/www.maccaferri.com\/mx\/news\/el-ingeniero-pablo-talamantes-asumio-su-cargo-como-nuevo-presidente-del-cicq\/","og_site_name":"Maccaferri Mexico","article_published_time":"2025-01-27T20:32:41+00:00","article_modified_time":"2025-11-03T20:15:29+00:00","og_image":[{"width":2560,"height":1920,"url":"https:\/\/www.maccaferri.com\/mx\/wp-content\/uploads\/2025\/01\/Nuevo-presidente-CICQ-scaled.jpg","type":"image\/jpeg"}],"author":"Julio Justino","twitter_card":"summary_large_image","twitter_misc":{"Written by":"Julio Justino","Est. reading time":"4 minutes"},"schema":{"@context":"https:\/\/schema.org","@graph":[{"@type":"Article","@id":"https:\/\/www.maccaferri.com\/mx\/news\/el-ingeniero-pablo-talamantes-asumio-su-cargo-como-nuevo-presidente-del-cicq\/#article","isPartOf":{"@id":"https:\/\/www.maccaferri.com\/mx\/news\/el-ingeniero-pablo-talamantes-asumio-su-cargo-como-nuevo-presidente-del-cicq\/"},"author":{"name":"Julio Justino","@id":"https:\/\/www.maccaferri.com\/mx\/#\/schema\/person\/1cc5242c850b1a82437d89dd269e3fdb"},"headline":"Nuevo presidente del Colegio de Ingenieros Civiles de Quer\u00e9taro: toma de protesta 2025","datePublished":"2025-01-27T20:32:41+00:00","dateModified":"2025-11-03T20:15:29+00:00","mainEntityOfPage":{"@id":"https:\/\/www.maccaferri.com\/mx\/news\/el-ingeniero-pablo-talamantes-asumio-su-cargo-como-nuevo-presidente-del-cicq\/"},"wordCount":732,"publisher":{"@id":"https:\/\/www.maccaferri.com\/mx\/#organization"},"image":{"@id":"https:\/\/www.maccaferri.com\/mx\/news\/el-ingeniero-pablo-talamantes-asumio-su-cargo-como-nuevo-presidente-del-cicq\/#primaryimage"},"thumbnailUrl":"https:\/\/www.maccaferri.com\/mx\/wp-content\/uploads\/2025\/01\/Nuevo-presidente-CICQ-scaled.jpg","articleSection":["News"],"inLanguage":"es-ES"},{"@type":"WebPage","@id":"https:\/\/www.maccaferri.com\/mx\/news\/el-ingeniero-pablo-talamantes-asumio-su-cargo-como-nuevo-presidente-del-cicq\/","url":"https:\/\/www.maccaferri.com\/mx\/news\/el-ingeniero-pablo-talamantes-asumio-su-cargo-como-nuevo-presidente-del-cicq\/","name":"Colegio de ingenieros civiles de Quer\u00e9taro: nuevo presidente 2025","isPartOf":{"@id":"https:\/\/www.maccaferri.com\/mx\/#website"},"primaryImageOfPage":{"@id":"https:\/\/www.maccaferri.com\/mx\/news\/el-ingeniero-pablo-talamantes-asumio-su-cargo-como-nuevo-presidente-del-cicq\/#primaryimage"},"image":{"@id":"https:\/\/www.maccaferri.com\/mx\/news\/el-ingeniero-pablo-talamantes-asumio-su-cargo-como-nuevo-presidente-del-cicq\/#primaryimage"},"thumbnailUrl":"https:\/\/www.maccaferri.com\/mx\/wp-content\/uploads\/2025\/01\/Nuevo-presidente-CICQ-scaled.jpg","datePublished":"2025-01-27T20:32:41+00:00","dateModified":"2025-11-03T20:15:29+00:00","description":"El Ing. Pablo Talamantes se convierte en presidente del Colegio de Ingenieros Civiles de Quer\u00e9taro. Conoce c\u00f3mo fue su toma de protesta 2025.","breadcrumb":{"@id":"https:\/\/www.maccaferri.com\/mx\/news\/el-ingeniero-pablo-talamantes-asumio-su-cargo-como-nuevo-presidente-del-cicq\/#breadcrumb"},"inLanguage":"es-ES","potentialAction":[{"@type":"ReadAction","target":["https:\/\/www.maccaferri.com\/mx\/news\/el-ingeniero-pablo-talamantes-asumio-su-cargo-como-nuevo-presidente-del-cicq\/"]}]},{"@type":"ImageObject","inLanguage":"es-ES","@id":"https:\/\/www.maccaferri.com\/mx\/news\/el-ingeniero-pablo-talamantes-asumio-su-cargo-como-nuevo-presidente-del-cicq\/#primaryimage","url":"https:\/\/www.maccaferri.com\/mx\/wp-content\/uploads\/2025\/01\/Nuevo-presidente-CICQ-scaled.jpg","contentUrl":"https:\/\/www.maccaferri.com\/mx\/wp-content\/uploads\/2025\/01\/Nuevo-presidente-CICQ-scaled.jpg","width":2560,"height":1920,"caption":"Presidente del colegio de ingenieros civiles de quer\u00e9taro"},{"@type":"BreadcrumbList","@id":"https:\/\/www.maccaferri.com\/mx\/news\/el-ingeniero-pablo-talamantes-asumio-su-cargo-como-nuevo-presidente-del-cicq\/#breadcrumb","itemListElement":[{"@type":"ListItem","position":1,"name":"Home","item":"https:\/\/www.maccaferri.com\/mx\/"},{"@type":"ListItem","position":2,"name":"Nuevo presidente del Colegio de Ingenieros Civiles de Quer\u00e9taro: toma de protesta 2025"}]},{"@type":"WebSite","@id":"https:\/\/www.maccaferri.com\/mx\/#website","url":"https:\/\/www.maccaferri.com\/mx\/","name":"Maccaferri Mexico","description":"","publisher":{"@id":"https:\/\/www.maccaferri.com\/mx\/#organization"},"potentialAction":[{"@type":"SearchAction","target":{"@type":"EntryPoint","urlTemplate":"https:\/\/www.maccaferri.com\/mx\/?s={search_term_string}"},"query-input":{"@type":"PropertyValueSpecification","valueRequired":true,"valueName":"search_term_string"}}],"inLanguage":"es-ES"},{"@type":"Organization","@id":"https:\/\/www.maccaferri.com\/mx\/#organization","name":"Maccaferri Mexico","url":"https:\/\/www.maccaferri.com\/mx\/","logo":{"@type":"ImageObject","inLanguage":"es-ES","@id":"https:\/\/www.maccaferri.com\/mx\/#\/schema\/logo\/image\/","url":"https:\/\/www.maccaferri.com\/mx\/wp-content\/uploads\/2022\/07\/logo-maccaferri.png","contentUrl":"https:\/\/www.maccaferri.com\/mx\/wp-content\/uploads\/2022\/07\/logo-maccaferri.png","width":152,"height":32,"caption":"Maccaferri Mexico"},"image":{"@id":"https:\/\/www.maccaferri.com\/mx\/#\/schema\/logo\/image\/"}},{"@type":"Person","@id":"https:\/\/www.maccaferri.com\/mx\/#\/schema\/person\/1cc5242c850b1a82437d89dd269e3fdb","name":"Julio Justino","image":{"@type":"ImageObject","inLanguage":"es-ES","@id":"https:\/\/www.maccaferri.com\/mx\/#\/schema\/person\/image\/","url":"https:\/\/secure.gravatar.com\/avatar\/93dbe948e464e4f62c990406d99c1349568bc2647ece7d29d2efb11d31c5af94?s=96&d=mm&r=g","contentUrl":"https:\/\/secure.gravatar.com\/avatar\/93dbe948e464e4f62c990406d99c1349568bc2647ece7d29d2efb11d31c5af94?s=96&d=mm&r=g","caption":"Julio Justino"}}]}},"_links":{"self":[{"href":"https:\/\/www.maccaferri.com\/mx\/wp-json\/wp\/v2\/posts\/119268","targetHints":{"allow":["GET"]}}],"collection":[{"href":"https:\/\/www.maccaferri.com\/mx\/wp-json\/wp\/v2\/posts"}],"about":[{"href":"https:\/\/www.maccaferri.com\/mx\/wp-json\/wp\/v2\/types\/post"}],"author":[{"embeddable":true,"href":"https:\/\/www.maccaferri.com\/mx\/wp-json\/wp\/v2\/users\/20"}],"replies":[{"embeddable":true,"href":"https:\/\/www.maccaferri.com\/mx\/wp-json\/wp\/v2\/comments?post=119268"}],"version-history":[{"count":11,"href":"https:\/\/www.maccaferri.com\/mx\/wp-json\/wp\/v2\/posts\/119268\/revisions"}],"predecessor-version":[{"id":140077,"href":"https:\/\/www.maccaferri.com\/mx\/wp-json\/wp\/v2\/posts\/119268\/revisions\/140077"}],"wp:featuredmedia":[{"embeddable":true,"href":"https:\/\/www.maccaferri.com\/mx\/wp-json\/wp\/v2\/media\/119305"}],"wp:attachment":[{"href":"https:\/\/www.maccaferri.com\/mx\/wp-json\/wp\/v2\/media?parent=119268"}],"wp:term":[{"taxonomy":"category","embeddable":true,"href":"https:\/\/www.maccaferri.com\/mx\/wp-json\/wp\/v2\/categories?post=119268"},{"taxonomy":"post_tag","embeddable":true,"href":"https:\/\/www.maccaferri.com\/mx\/wp-json\/wp\/v2\/tags?post=119268"}],"curies":[{"name":"wp","href":"https:\/\/api.w.org\/{rel}","templated":true}]}}