{"id":63318,"date":"2025-03-07T12:44:35","date_gmt":"2025-03-07T11:44:35","guid":{"rendered":"https:\/\/www.maccaferri.com\/latam\/?p=63318"},"modified":"2025-03-25T23:41:11","modified_gmt":"2025-03-25T22:41:11","slug":"ccros-2025-amplia-tu-conocimiento-en-obras-subterraneas-de-la-mano-de-grandes-expertos","status":"publish","type":"post","link":"https:\/\/www.maccaferri.com\/latam\/news\/ccros-2025-amplia-tu-conocimiento-en-obras-subterraneas-de-la-mano-de-grandes-expertos\/","title":{"rendered":"Soluciones Rockfall en el Congreso de Obras Subterr\u00e1neas de Costa Rica 2025: as\u00ed se vivi\u00f3\u00a0"},"content":{"rendered":"<div class=\"wp-block-mac-container-block box-container\"><div class=\"wp-block-columns is-layout-flex wp-container-core-columns-is-layout-9d6595d7 wp-block-columns-is-layout-flex\"><div class=\"wp-block-column is-layout-flow wp-block-column-is-layout-flow\"><p>El CCROS 2025 reuni\u00f3 a expertos en obras subterr\u00e1neas los pasados 20 y 21 de marzo en Costa Rica. Los asistentes participaron en conferencias, un curso precongreso y una feria empresarial en modalidad h\u00edbrida. Este evento permiti\u00f3 la actualizaci\u00f3n en innovaciones clave para la infraestructura y sostenibilidad urbana.<\/p><\/div><\/div>\n\n<p>El <a href=\"https:\/\/www.acroscr.com\/evento\/congreso-costarricense-de-obras-subterraneas-ccros-2025\/\"><strong>Congreso Costarricense de Obras Subterr\u00e1neas<\/strong> (<strong>CCROS<\/strong> <strong>2025<\/strong>)<\/a> tuvo lugar los d\u00edas 20 y 21 de marzo en el Auditorio Ing. Jorge Manuel Dengo, del <a href=\"https:\/\/cfia.or.cr\/site\/\"><strong>Colegio Federado de Ingenieros y de Arquitectos de Costa Rica<\/strong><\/a>. Este evento represent\u00f3 una oportunidad \u00fanica para profesionales del sector que buscan actualizarse en las \u00faltimas <strong>innovaciones en t\u00faneles y proyectos subterr\u00e1neos<\/strong>. Recordemos que estos temas son esenciales para el desarrollo urbano y la <strong>sostenibilidad<\/strong> en la regi\u00f3n.\u00a0\u00a0\u00a0<\/p>\n\n<p>En esta edici\u00f3n, el <strong>CCROS 2025<\/strong> se realizar\u00e1 en <strong>modalidad<\/strong> <strong>h\u00edbrida<\/strong>, por lo que los asistentes pudieron acceder tanto de modo presencial como virtual v\u00eda Zoom. Esta flexibilidad permiti\u00f3 contar con la participaci\u00f3n de expertos nacionales e internacionales en la planificaci\u00f3n, dise\u00f1o y construcci\u00f3n de <strong>infraestructuras<\/strong> <strong>subterr\u00e1neas<\/strong>.\u00a0\u00a0\u00a0<\/p>\n\n<h2 class=\"wp-block-heading\" id=\"h-que-ocurrio-durante-el-ccros-2025\"><strong>\u00bfQu\u00e9 ocurri\u00f3 durante el CCROS 2025?\u00a0\u00a0<\/strong>\u00a0<\/h2>\n\n<p>El <strong>CCROS 2025<\/strong> incluy\u00f3 <strong>conferencias magistrales<\/strong> por parte de reconocidos especialistas, quienes compartieron su experiencia y los \u00faltimos avances en el sector de <strong>obras<\/strong> <strong>subterr\u00e1neas<\/strong>.\u00a0\u00a0<\/p>\n\n<p>Adem\u00e1s, los asistentes pudieron tomar un <strong>curso precongreso<\/strong> que abarc\u00f3 informaci\u00f3n t\u00e9cnica avanzada. Dicha informaci\u00f3n estuvo orientada a fortalecer las capacidades de los profesionales en cuanto a la planificaci\u00f3n y ejecuci\u00f3n de <strong>proyectos<\/strong> <strong>subterr\u00e1neos<\/strong>.\u00a0<\/p>\n\n<p>Otro aspecto clave del congreso fue la feria empresarial, donde los participantes pudieron conocer las soluciones m\u00e1s innovadoras, as\u00ed como tecnolog\u00eda de vanguardia que es aplicada a <strong>obras subterr\u00e1neas y a t\u00faneles<\/strong>, como es el caso de las <a href=\"https:\/\/www.maccaferri.com\/latam\/productos\/barreras-contra-desprendimientos-de-rocas\/\"><strong>soluciones Rockfall de Maccaferri<\/strong><\/a>.\u00a0\u00a0\u00a0<\/p>\n\n<p>Asimismo, el <strong>CCROS 2025<\/strong> sirvi\u00f3 como un espacio de networking, pues facilit\u00f3 la interacci\u00f3n entre ingenieros, arquitectos y otros l\u00edderes de la industria; esta din\u00e1mica promovi\u00f3, al mismo tiempo, el intercambio de ideas y la generaci\u00f3n de nuevas oportunidades de colaboraci\u00f3n.\u00a0<\/p>\n\n<p>Finalmente, entre los expositores destacados estuvieron <strong>Nicola Della Valle<\/strong>, <strong>ingeniero de Minas<\/strong> que cuenta con una amplia trayectoria en <strong>proyectos de t\u00faneles<\/strong> e <strong>infraestructura<\/strong> <strong>hidroel\u00e9ctrica<\/strong> a nivel mundial. Adem\u00e1s, es fundador de <strong>Tunnelconsult<\/strong>, empresa que ahora forma parte del grupo <strong>TYLin<\/strong>.\u00a0\u00a0<\/p>\n\n<p>Durante el <strong>CCROS 2025<\/strong> tambi\u00e9n particip\u00f3 como expositor <strong>Jos\u00e9 Miguel Galera<\/strong>, experto en <strong>geotecnia<\/strong> y CEO de <strong>SYSTRA Subterra<\/strong>. De igual manera, tiene amplia trayectoria, pues cuenta con m\u00e1s de 40 a\u00f1os de experiencia en <strong>obras<\/strong> <strong>subterr\u00e1neas<\/strong> <strong>civiles<\/strong> y <strong>mineras<\/strong> en 38 pa\u00edses.\u00a0<\/p>\n\n<h2 class=\"wp-block-heading\" id=\"h-cuando-fue-el-congreso-costarricense-de-obras-subterraneas-ccros-2025\"><strong>\u00bfCu\u00e1ndo fue el Congreso Costarricense de Obras Subterr\u00e1neas \u2013 CCROS 2025?<\/strong>\u00a0<\/h2>\n\n<p>Otro dato relevante sobre este evento en <strong>Costa<\/strong> <strong>Rica<\/strong> fue que los profesionales interesados en presentar una ponencia pudieron acceder al <strong>Formulario de Ponencias<\/strong>, donde encontraron los requisitos y las instrucciones detalladas para completar su postulaci\u00f3n. Este encuentro tuvo lugar los pasados <strong>20 y 21 de marzo, <\/strong>en el <strong>Auditorio Ing. Jorge Manuel Dengo<\/strong>.\u00a0\u00a1Mira en im\u00e1genes c\u00f3mo se vivi\u00f3 esta experiencia!<\/p>\n\n<p><\/p>\n\n<figure class=\"wp-block-gallery has-nested-images columns-default is-cropped wp-block-gallery-1 is-layout-flex wp-block-gallery-is-layout-flex\"><figure class=\"wp-block-image size-large\"><img fetchpriority=\"high\" decoding=\"async\" width=\"768\" height=\"1024\" data-id=\"65092\" src=\"https:\/\/www.maccaferri.com\/latam\/wp-content\/uploads\/2025\/03\/soluciones-contra-caidos-en-el-congreso-de-obras-subterraneas-2025-de-costa-rica-768x1024.jpg\" alt=\"soluciones contra ca\u00eddos en el congreso de obras subterr\u00e1neas 2025 de costa rica\" class=\"wp-image-65092\" srcset=\"https:\/\/www.maccaferri.com\/latam\/wp-content\/uploads\/2025\/03\/soluciones-contra-caidos-en-el-congreso-de-obras-subterraneas-2025-de-costa-rica-768x1024.jpg 768w, https:\/\/www.maccaferri.com\/latam\/wp-content\/uploads\/2025\/03\/soluciones-contra-caidos-en-el-congreso-de-obras-subterraneas-2025-de-costa-rica-225x300.jpg 225w, https:\/\/www.maccaferri.com\/latam\/wp-content\/uploads\/2025\/03\/soluciones-contra-caidos-en-el-congreso-de-obras-subterraneas-2025-de-costa-rica-1152x1536.jpg 1152w, https:\/\/www.maccaferri.com\/latam\/wp-content\/uploads\/2025\/03\/soluciones-contra-caidos-en-el-congreso-de-obras-subterraneas-2025-de-costa-rica-90x120.jpg 90w, https:\/\/www.maccaferri.com\/latam\/wp-content\/uploads\/2025\/03\/soluciones-contra-caidos-en-el-congreso-de-obras-subterraneas-2025-de-costa-rica.jpg 1200w\" sizes=\"(max-width: 768px) 100vw, 768px\" \/><figcaption class=\"wp-element-caption\">soluciones contra ca\u00eddos en el congreso de obras subterr\u00e1neas 2025 de costa rica<\/figcaption><\/figure>\n\n<figure class=\"wp-block-image size-large\"><img decoding=\"async\" width=\"768\" height=\"1024\" data-id=\"65087\" src=\"https:\/\/www.maccaferri.com\/latam\/wp-content\/uploads\/2025\/03\/soluciones-rockfalla-de-maccaferri-en-el-CCOS2025-768x1024.jpg\" alt=\"Soluciones rockfall de maccaferri en el CCOS2025\" class=\"wp-image-65087\" srcset=\"https:\/\/www.maccaferri.com\/latam\/wp-content\/uploads\/2025\/03\/soluciones-rockfalla-de-maccaferri-en-el-CCOS2025-768x1024.jpg 768w, https:\/\/www.maccaferri.com\/latam\/wp-content\/uploads\/2025\/03\/soluciones-rockfalla-de-maccaferri-en-el-CCOS2025-225x300.jpg 225w, https:\/\/www.maccaferri.com\/latam\/wp-content\/uploads\/2025\/03\/soluciones-rockfalla-de-maccaferri-en-el-CCOS2025-1152x1536.jpg 1152w, https:\/\/www.maccaferri.com\/latam\/wp-content\/uploads\/2025\/03\/soluciones-rockfalla-de-maccaferri-en-el-CCOS2025-90x120.jpg 90w, https:\/\/www.maccaferri.com\/latam\/wp-content\/uploads\/2025\/03\/soluciones-rockfalla-de-maccaferri-en-el-CCOS2025.jpg 1200w\" sizes=\"(max-width: 768px) 100vw, 768px\" \/><figcaption class=\"wp-element-caption\">Soluciones rockfall de maccaferri en el CCOS2025<\/figcaption><\/figure>\n\n<figure class=\"wp-block-image size-large\"><img decoding=\"async\" width=\"1024\" height=\"768\" data-id=\"65082\" src=\"https:\/\/www.maccaferri.com\/latam\/wp-content\/uploads\/2025\/03\/Congreso-de-obras-subterraneas-2025-en-costa-rica-1024x768.jpg\" alt=\"Congreso de obras subterr\u00e1neas 2025 en costa rica\" class=\"wp-image-65082\" srcset=\"https:\/\/www.maccaferri.com\/latam\/wp-content\/uploads\/2025\/03\/Congreso-de-obras-subterraneas-2025-en-costa-rica-1024x768.jpg 1024w, https:\/\/www.maccaferri.com\/latam\/wp-content\/uploads\/2025\/03\/Congreso-de-obras-subterraneas-2025-en-costa-rica-300x225.jpg 300w, https:\/\/www.maccaferri.com\/latam\/wp-content\/uploads\/2025\/03\/Congreso-de-obras-subterraneas-2025-en-costa-rica-768x576.jpg 768w, https:\/\/www.maccaferri.com\/latam\/wp-content\/uploads\/2025\/03\/Congreso-de-obras-subterraneas-2025-en-costa-rica-1536x1152.jpg 1536w, https:\/\/www.maccaferri.com\/latam\/wp-content\/uploads\/2025\/03\/Congreso-de-obras-subterraneas-2025-en-costa-rica-120x90.jpg 120w, https:\/\/www.maccaferri.com\/latam\/wp-content\/uploads\/2025\/03\/Congreso-de-obras-subterraneas-2025-en-costa-rica.jpg 1600w\" sizes=\"(max-width: 1024px) 100vw, 1024px\" \/><figcaption class=\"wp-element-caption\">Congreso de obras subterr\u00e1neas 2025 en costa rica<\/figcaption><\/figure>\n\n<figure class=\"wp-block-image size-large\"><img loading=\"lazy\" decoding=\"async\" width=\"1024\" height=\"576\" data-id=\"65076\" src=\"https:\/\/www.maccaferri.com\/latam\/wp-content\/uploads\/2025\/03\/congreso-de-obras-subterraneas-en-costa-rica-2025-1024x576.jpg\" alt=\"Congreso de obras subterr\u00e1neas en Costa Rica 2025\" class=\"wp-image-65076\" srcset=\"https:\/\/www.maccaferri.com\/latam\/wp-content\/uploads\/2025\/03\/congreso-de-obras-subterraneas-en-costa-rica-2025-1024x576.jpg 1024w, https:\/\/www.maccaferri.com\/latam\/wp-content\/uploads\/2025\/03\/congreso-de-obras-subterraneas-en-costa-rica-2025-300x169.jpg 300w, https:\/\/www.maccaferri.com\/latam\/wp-content\/uploads\/2025\/03\/congreso-de-obras-subterraneas-en-costa-rica-2025-768x432.jpg 768w, https:\/\/www.maccaferri.com\/latam\/wp-content\/uploads\/2025\/03\/congreso-de-obras-subterraneas-en-costa-rica-2025-1536x864.jpg 1536w, https:\/\/www.maccaferri.com\/latam\/wp-content\/uploads\/2025\/03\/congreso-de-obras-subterraneas-en-costa-rica-2025-120x68.jpg 120w, https:\/\/www.maccaferri.com\/latam\/wp-content\/uploads\/2025\/03\/congreso-de-obras-subterraneas-en-costa-rica-2025.jpg 1600w\" sizes=\"(max-width: 1024px) 100vw, 1024px\" \/><figcaption class=\"wp-element-caption\">Congreso de obras subterr\u00e1neas en Costa Rica 2025.<\/figcaption><\/figure>\n\n<figure class=\"wp-block-image size-large\"><img loading=\"lazy\" decoding=\"async\" width=\"772\" height=\"1024\" data-id=\"65071\" src=\"https:\/\/www.maccaferri.com\/latam\/wp-content\/uploads\/2025\/03\/maccaferri-en-el-congreso-costarricense-de-obras-subterraneas-2025-772x1024.jpg\" alt=\"Maccaferri en el congreso costarricense de obras subterr\u00e1neas 2025\" class=\"wp-image-65071\" srcset=\"https:\/\/www.maccaferri.com\/latam\/wp-content\/uploads\/2025\/03\/maccaferri-en-el-congreso-costarricense-de-obras-subterraneas-2025-772x1024.jpg 772w, https:\/\/www.maccaferri.com\/latam\/wp-content\/uploads\/2025\/03\/maccaferri-en-el-congreso-costarricense-de-obras-subterraneas-2025-226x300.jpg 226w, https:\/\/www.maccaferri.com\/latam\/wp-content\/uploads\/2025\/03\/maccaferri-en-el-congreso-costarricense-de-obras-subterraneas-2025-768x1018.jpg 768w, https:\/\/www.maccaferri.com\/latam\/wp-content\/uploads\/2025\/03\/maccaferri-en-el-congreso-costarricense-de-obras-subterraneas-2025-1159x1536.jpg 1159w, https:\/\/www.maccaferri.com\/latam\/wp-content\/uploads\/2025\/03\/maccaferri-en-el-congreso-costarricense-de-obras-subterraneas-2025-91x120.jpg 91w, https:\/\/www.maccaferri.com\/latam\/wp-content\/uploads\/2025\/03\/maccaferri-en-el-congreso-costarricense-de-obras-subterraneas-2025.jpg 1207w\" sizes=\"(max-width: 772px) 100vw, 772px\" \/><figcaption class=\"wp-element-caption\">Maccaferri en el Congreso Costarricense de Obras Subterr\u00e1neas 2025<\/figcaption><\/figure><\/figure><\/div><p><\/p>","protected":false},"excerpt":{"rendered":"<p>\u00bfCu\u00e1ndo es el CCROS 2025? Aqu\u00ed te decimos fecha, sede y expositores <\/p>\n","protected":false},"author":20,"featured_media":65096,"comment_status":"closed","ping_status":"closed","sticky":false,"template":"","format":"standard","meta":{"_acf_changed":false,"_joinchat":[],"footnotes":""},"categories":[1],"tags":[],"class_list":["post-63318","post","type-post","status-publish","format-standard","has-post-thumbnail","hentry","category-news"],"acf":[],"yoast_head":"<!-- This site is optimized with the Yoast SEO Premium plugin v27.0 (Yoast SEO v27.0) - https:\/\/yoast.com\/product\/yoast-seo-premium-wordpress\/ -->\n<title>Congreso de Obras Subterr\u00e1neas en Costa Rica 2025<\/title>\n<meta name=\"description\" content=\"As\u00ed se vivi\u00f3 el Congreso Costarricense de Obras Subterr\u00e1neas 2025.\" \/>\n<meta name=\"robots\" content=\"index, follow, max-snippet:-1, max-image-preview:large, max-video-preview:-1\" \/>\n<link rel=\"canonical\" href=\"https:\/\/www.maccaferri.com\/latam\/news\/ccros-2025-amplia-tu-conocimiento-en-obras-subterraneas-de-la-mano-de-grandes-expertos\/\" \/>\n<meta property=\"og:locale\" content=\"es_ES\" \/>\n<meta property=\"og:type\" content=\"article\" \/>\n<meta property=\"og:title\" content=\"Congreso de Obras Subterr\u00e1neas en Costa Rica 2025\" \/>\n<meta property=\"og:description\" content=\"As\u00ed se vivi\u00f3 el Congreso Costarricense de Obras Subterr\u00e1neas 2025.\" \/>\n<meta property=\"og:url\" content=\"https:\/\/www.maccaferri.com\/latam\/news\/ccros-2025-amplia-tu-conocimiento-en-obras-subterraneas-de-la-mano-de-grandes-expertos\/\" \/>\n<meta property=\"og:site_name\" content=\"Maccaferri Latam\" \/>\n<meta property=\"article:published_time\" content=\"2025-03-07T11:44:35+00:00\" \/>\n<meta property=\"article:modified_time\" content=\"2025-03-25T22:41:11+00:00\" \/>\n<meta property=\"og:image\" content=\"https:\/\/www.maccaferri.com\/latam\/wp-content\/uploads\/2025\/03\/Maccaferri-en-el-congreso-de-obras-subterraneas-2025-de-costa-rica.jpg\" \/>\n\t<meta property=\"og:image:width\" content=\"1915\" \/>\n\t<meta property=\"og:image:height\" content=\"530\" \/>\n\t<meta property=\"og:image:type\" content=\"image\/jpeg\" \/>\n<meta name=\"author\" content=\"Julio Justino\" \/>\n<meta name=\"twitter:card\" content=\"summary_large_image\" \/>\n<meta name=\"twitter:label1\" content=\"Written by\" \/>\n\t<meta name=\"twitter:data1\" content=\"Julio Justino\" \/>\n\t<meta name=\"twitter:label2\" content=\"Est. reading time\" \/>\n\t<meta name=\"twitter:data2\" content=\"4 minutes\" \/>\n<script type=\"application\/ld+json\" class=\"yoast-schema-graph\">{\"@context\":\"https:\/\/schema.org\",\"@graph\":[{\"@type\":\"Article\",\"@id\":\"https:\/\/www.maccaferri.com\/latam\/news\/ccros-2025-amplia-tu-conocimiento-en-obras-subterraneas-de-la-mano-de-grandes-expertos\/#article\",\"isPartOf\":{\"@id\":\"https:\/\/www.maccaferri.com\/latam\/news\/ccros-2025-amplia-tu-conocimiento-en-obras-subterraneas-de-la-mano-de-grandes-expertos\/\"},\"author\":{\"name\":\"Julio Justino\",\"@id\":\"https:\/\/www.maccaferri.com\/latam\/#\/schema\/person\/1cc5242c850b1a82437d89dd269e3fdb\"},\"headline\":\"Soluciones Rockfall en el Congreso de Obras Subterr\u00e1neas de Costa Rica 2025: as\u00ed se vivi\u00f3\u00a0\",\"datePublished\":\"2025-03-07T11:44:35+00:00\",\"dateModified\":\"2025-03-25T22:41:11+00:00\",\"mainEntityOfPage\":{\"@id\":\"https:\/\/www.maccaferri.com\/latam\/news\/ccros-2025-amplia-tu-conocimiento-en-obras-subterraneas-de-la-mano-de-grandes-expertos\/\"},\"wordCount\":563,\"publisher\":{\"@id\":\"https:\/\/www.maccaferri.com\/latam\/#organization\"},\"image\":{\"@id\":\"https:\/\/www.maccaferri.com\/latam\/news\/ccros-2025-amplia-tu-conocimiento-en-obras-subterraneas-de-la-mano-de-grandes-expertos\/#primaryimage\"},\"thumbnailUrl\":\"https:\/\/www.maccaferri.com\/latam\/wp-content\/uploads\/2025\/03\/Maccaferri-en-el-congreso-de-obras-subterraneas-2025-de-costa-rica.jpg\",\"articleSection\":[\"News\"],\"inLanguage\":\"es-ES\"},{\"@type\":\"WebPage\",\"@id\":\"https:\/\/www.maccaferri.com\/latam\/news\/ccros-2025-amplia-tu-conocimiento-en-obras-subterraneas-de-la-mano-de-grandes-expertos\/\",\"url\":\"https:\/\/www.maccaferri.com\/latam\/news\/ccros-2025-amplia-tu-conocimiento-en-obras-subterraneas-de-la-mano-de-grandes-expertos\/\",\"name\":\"Congreso de Obras Subterr\u00e1neas en Costa Rica 2025\",\"isPartOf\":{\"@id\":\"https:\/\/www.maccaferri.com\/latam\/#website\"},\"primaryImageOfPage\":{\"@id\":\"https:\/\/www.maccaferri.com\/latam\/news\/ccros-2025-amplia-tu-conocimiento-en-obras-subterraneas-de-la-mano-de-grandes-expertos\/#primaryimage\"},\"image\":{\"@id\":\"https:\/\/www.maccaferri.com\/latam\/news\/ccros-2025-amplia-tu-conocimiento-en-obras-subterraneas-de-la-mano-de-grandes-expertos\/#primaryimage\"},\"thumbnailUrl\":\"https:\/\/www.maccaferri.com\/latam\/wp-content\/uploads\/2025\/03\/Maccaferri-en-el-congreso-de-obras-subterraneas-2025-de-costa-rica.jpg\",\"datePublished\":\"2025-03-07T11:44:35+00:00\",\"dateModified\":\"2025-03-25T22:41:11+00:00\",\"description\":\"As\u00ed se vivi\u00f3 el Congreso Costarricense de Obras Subterr\u00e1neas 2025.\",\"inLanguage\":\"es-ES\",\"potentialAction\":[{\"@type\":\"ReadAction\",\"target\":[\"https:\/\/www.maccaferri.com\/latam\/news\/ccros-2025-amplia-tu-conocimiento-en-obras-subterraneas-de-la-mano-de-grandes-expertos\/\"]}]},{\"@type\":\"ImageObject\",\"inLanguage\":\"es-ES\",\"@id\":\"https:\/\/www.maccaferri.com\/latam\/news\/ccros-2025-amplia-tu-conocimiento-en-obras-subterraneas-de-la-mano-de-grandes-expertos\/#primaryimage\",\"url\":\"https:\/\/www.maccaferri.com\/latam\/wp-content\/uploads\/2025\/03\/Maccaferri-en-el-congreso-de-obras-subterraneas-2025-de-costa-rica.jpg\",\"contentUrl\":\"https:\/\/www.maccaferri.com\/latam\/wp-content\/uploads\/2025\/03\/Maccaferri-en-el-congreso-de-obras-subterraneas-2025-de-costa-rica.jpg\",\"width\":1915,\"height\":530,\"caption\":\"Maccaferri en el congreso de obras subterr\u00e1neas 2025 de costa rica\"},{\"@type\":\"WebSite\",\"@id\":\"https:\/\/www.maccaferri.com\/latam\/#website\",\"url\":\"https:\/\/www.maccaferri.com\/latam\/\",\"name\":\"Maccaferri Latam\",\"description\":\"\",\"publisher\":{\"@id\":\"https:\/\/www.maccaferri.com\/latam\/#organization\"},\"potentialAction\":[{\"@type\":\"SearchAction\",\"target\":{\"@type\":\"EntryPoint\",\"urlTemplate\":\"https:\/\/www.maccaferri.com\/latam\/?s={search_term_string}\"},\"query-input\":{\"@type\":\"PropertyValueSpecification\",\"valueRequired\":true,\"valueName\":\"search_term_string\"}}],\"inLanguage\":\"es-ES\"},{\"@type\":\"Organization\",\"@id\":\"https:\/\/www.maccaferri.com\/latam\/#organization\",\"name\":\"Maccaferri Latam\",\"url\":\"https:\/\/www.maccaferri.com\/latam\/\",\"logo\":{\"@type\":\"ImageObject\",\"inLanguage\":\"es-ES\",\"@id\":\"https:\/\/www.maccaferri.com\/latam\/#\/schema\/logo\/image\/\",\"url\":\"https:\/\/www.maccaferri.com\/latam\/wp-content\/uploads\/2022\/07\/logo-maccaferri.png\",\"contentUrl\":\"https:\/\/www.maccaferri.com\/latam\/wp-content\/uploads\/2022\/07\/logo-maccaferri.png\",\"width\":152,\"height\":32,\"caption\":\"Maccaferri Latam\"},\"image\":{\"@id\":\"https:\/\/www.maccaferri.com\/latam\/#\/schema\/logo\/image\/\"}},{\"@type\":\"Person\",\"@id\":\"https:\/\/www.maccaferri.com\/latam\/#\/schema\/person\/1cc5242c850b1a82437d89dd269e3fdb\",\"name\":\"Julio Justino\",\"image\":{\"@type\":\"ImageObject\",\"inLanguage\":\"es-ES\",\"@id\":\"https:\/\/www.maccaferri.com\/latam\/#\/schema\/person\/image\/\",\"url\":\"https:\/\/secure.gravatar.com\/avatar\/93dbe948e464e4f62c990406d99c1349568bc2647ece7d29d2efb11d31c5af94?s=96&d=mm&r=g\",\"contentUrl\":\"https:\/\/secure.gravatar.com\/avatar\/93dbe948e464e4f62c990406d99c1349568bc2647ece7d29d2efb11d31c5af94?s=96&d=mm&r=g\",\"caption\":\"Julio Justino\"}}]}<\/script>\n<!-- \/ Yoast SEO Premium plugin. -->","yoast_head_json":{"title":"Congreso de Obras Subterr\u00e1neas en Costa Rica 2025","description":"As\u00ed se vivi\u00f3 el Congreso Costarricense de Obras Subterr\u00e1neas 2025.","robots":{"index":"index","follow":"follow","max-snippet":"max-snippet:-1","max-image-preview":"max-image-preview:large","max-video-preview":"max-video-preview:-1"},"canonical":"https:\/\/www.maccaferri.com\/latam\/news\/ccros-2025-amplia-tu-conocimiento-en-obras-subterraneas-de-la-mano-de-grandes-expertos\/","og_locale":"es_ES","og_type":"article","og_title":"Congreso de Obras Subterr\u00e1neas en Costa Rica 2025","og_description":"As\u00ed se vivi\u00f3 el Congreso Costarricense de Obras Subterr\u00e1neas 2025.","og_url":"https:\/\/www.maccaferri.com\/latam\/news\/ccros-2025-amplia-tu-conocimiento-en-obras-subterraneas-de-la-mano-de-grandes-expertos\/","og_site_name":"Maccaferri Latam","article_published_time":"2025-03-07T11:44:35+00:00","article_modified_time":"2025-03-25T22:41:11+00:00","og_image":[{"width":1915,"height":530,"url":"https:\/\/www.maccaferri.com\/latam\/wp-content\/uploads\/2025\/03\/Maccaferri-en-el-congreso-de-obras-subterraneas-2025-de-costa-rica.jpg","type":"image\/jpeg"}],"author":"Julio Justino","twitter_card":"summary_large_image","twitter_misc":{"Written by":"Julio Justino","Est. reading time":"4 minutes"},"schema":{"@context":"https:\/\/schema.org","@graph":[{"@type":"Article","@id":"https:\/\/www.maccaferri.com\/latam\/news\/ccros-2025-amplia-tu-conocimiento-en-obras-subterraneas-de-la-mano-de-grandes-expertos\/#article","isPartOf":{"@id":"https:\/\/www.maccaferri.com\/latam\/news\/ccros-2025-amplia-tu-conocimiento-en-obras-subterraneas-de-la-mano-de-grandes-expertos\/"},"author":{"name":"Julio Justino","@id":"https:\/\/www.maccaferri.com\/latam\/#\/schema\/person\/1cc5242c850b1a82437d89dd269e3fdb"},"headline":"Soluciones Rockfall en el Congreso de Obras Subterr\u00e1neas de Costa Rica 2025: as\u00ed se vivi\u00f3\u00a0","datePublished":"2025-03-07T11:44:35+00:00","dateModified":"2025-03-25T22:41:11+00:00","mainEntityOfPage":{"@id":"https:\/\/www.maccaferri.com\/latam\/news\/ccros-2025-amplia-tu-conocimiento-en-obras-subterraneas-de-la-mano-de-grandes-expertos\/"},"wordCount":563,"publisher":{"@id":"https:\/\/www.maccaferri.com\/latam\/#organization"},"image":{"@id":"https:\/\/www.maccaferri.com\/latam\/news\/ccros-2025-amplia-tu-conocimiento-en-obras-subterraneas-de-la-mano-de-grandes-expertos\/#primaryimage"},"thumbnailUrl":"https:\/\/www.maccaferri.com\/latam\/wp-content\/uploads\/2025\/03\/Maccaferri-en-el-congreso-de-obras-subterraneas-2025-de-costa-rica.jpg","articleSection":["News"],"inLanguage":"es-ES"},{"@type":"WebPage","@id":"https:\/\/www.maccaferri.com\/latam\/news\/ccros-2025-amplia-tu-conocimiento-en-obras-subterraneas-de-la-mano-de-grandes-expertos\/","url":"https:\/\/www.maccaferri.com\/latam\/news\/ccros-2025-amplia-tu-conocimiento-en-obras-subterraneas-de-la-mano-de-grandes-expertos\/","name":"Congreso de Obras Subterr\u00e1neas en Costa Rica 2025","isPartOf":{"@id":"https:\/\/www.maccaferri.com\/latam\/#website"},"primaryImageOfPage":{"@id":"https:\/\/www.maccaferri.com\/latam\/news\/ccros-2025-amplia-tu-conocimiento-en-obras-subterraneas-de-la-mano-de-grandes-expertos\/#primaryimage"},"image":{"@id":"https:\/\/www.maccaferri.com\/latam\/news\/ccros-2025-amplia-tu-conocimiento-en-obras-subterraneas-de-la-mano-de-grandes-expertos\/#primaryimage"},"thumbnailUrl":"https:\/\/www.maccaferri.com\/latam\/wp-content\/uploads\/2025\/03\/Maccaferri-en-el-congreso-de-obras-subterraneas-2025-de-costa-rica.jpg","datePublished":"2025-03-07T11:44:35+00:00","dateModified":"2025-03-25T22:41:11+00:00","description":"As\u00ed se vivi\u00f3 el Congreso Costarricense de Obras Subterr\u00e1neas 2025.","inLanguage":"es-ES","potentialAction":[{"@type":"ReadAction","target":["https:\/\/www.maccaferri.com\/latam\/news\/ccros-2025-amplia-tu-conocimiento-en-obras-subterraneas-de-la-mano-de-grandes-expertos\/"]}]},{"@type":"ImageObject","inLanguage":"es-ES","@id":"https:\/\/www.maccaferri.com\/latam\/news\/ccros-2025-amplia-tu-conocimiento-en-obras-subterraneas-de-la-mano-de-grandes-expertos\/#primaryimage","url":"https:\/\/www.maccaferri.com\/latam\/wp-content\/uploads\/2025\/03\/Maccaferri-en-el-congreso-de-obras-subterraneas-2025-de-costa-rica.jpg","contentUrl":"https:\/\/www.maccaferri.com\/latam\/wp-content\/uploads\/2025\/03\/Maccaferri-en-el-congreso-de-obras-subterraneas-2025-de-costa-rica.jpg","width":1915,"height":530,"caption":"Maccaferri en el congreso de obras subterr\u00e1neas 2025 de costa rica"},{"@type":"WebSite","@id":"https:\/\/www.maccaferri.com\/latam\/#website","url":"https:\/\/www.maccaferri.com\/latam\/","name":"Maccaferri Latam","description":"","publisher":{"@id":"https:\/\/www.maccaferri.com\/latam\/#organization"},"potentialAction":[{"@type":"SearchAction","target":{"@type":"EntryPoint","urlTemplate":"https:\/\/www.maccaferri.com\/latam\/?s={search_term_string}"},"query-input":{"@type":"PropertyValueSpecification","valueRequired":true,"valueName":"search_term_string"}}],"inLanguage":"es-ES"},{"@type":"Organization","@id":"https:\/\/www.maccaferri.com\/latam\/#organization","name":"Maccaferri Latam","url":"https:\/\/www.maccaferri.com\/latam\/","logo":{"@type":"ImageObject","inLanguage":"es-ES","@id":"https:\/\/www.maccaferri.com\/latam\/#\/schema\/logo\/image\/","url":"https:\/\/www.maccaferri.com\/latam\/wp-content\/uploads\/2022\/07\/logo-maccaferri.png","contentUrl":"https:\/\/www.maccaferri.com\/latam\/wp-content\/uploads\/2022\/07\/logo-maccaferri.png","width":152,"height":32,"caption":"Maccaferri Latam"},"image":{"@id":"https:\/\/www.maccaferri.com\/latam\/#\/schema\/logo\/image\/"}},{"@type":"Person","@id":"https:\/\/www.maccaferri.com\/latam\/#\/schema\/person\/1cc5242c850b1a82437d89dd269e3fdb","name":"Julio Justino","image":{"@type":"ImageObject","inLanguage":"es-ES","@id":"https:\/\/www.maccaferri.com\/latam\/#\/schema\/person\/image\/","url":"https:\/\/secure.gravatar.com\/avatar\/93dbe948e464e4f62c990406d99c1349568bc2647ece7d29d2efb11d31c5af94?s=96&d=mm&r=g","contentUrl":"https:\/\/secure.gravatar.com\/avatar\/93dbe948e464e4f62c990406d99c1349568bc2647ece7d29d2efb11d31c5af94?s=96&d=mm&r=g","caption":"Julio Justino"}}]}},"_links":{"self":[{"href":"https:\/\/www.maccaferri.com\/latam\/wp-json\/wp\/v2\/posts\/63318","targetHints":{"allow":["GET"]}}],"collection":[{"href":"https:\/\/www.maccaferri.com\/latam\/wp-json\/wp\/v2\/posts"}],"about":[{"href":"https:\/\/www.maccaferri.com\/latam\/wp-json\/wp\/v2\/types\/post"}],"author":[{"embeddable":true,"href":"https:\/\/www.maccaferri.com\/latam\/wp-json\/wp\/v2\/users\/20"}],"replies":[{"embeddable":true,"href":"https:\/\/www.maccaferri.com\/latam\/wp-json\/wp\/v2\/comments?post=63318"}],"version-history":[{"count":3,"href":"https:\/\/www.maccaferri.com\/latam\/wp-json\/wp\/v2\/posts\/63318\/revisions"}],"predecessor-version":[{"id":65106,"href":"https:\/\/www.maccaferri.com\/latam\/wp-json\/wp\/v2\/posts\/63318\/revisions\/65106"}],"wp:featuredmedia":[{"embeddable":true,"href":"https:\/\/www.maccaferri.com\/latam\/wp-json\/wp\/v2\/media\/65096"}],"wp:attachment":[{"href":"https:\/\/www.maccaferri.com\/latam\/wp-json\/wp\/v2\/media?parent=63318"}],"wp:term":[{"taxonomy":"category","embeddable":true,"href":"https:\/\/www.maccaferri.com\/latam\/wp-json\/wp\/v2\/categories?post=63318"},{"taxonomy":"post_tag","embeddable":true,"href":"https:\/\/www.maccaferri.com\/latam\/wp-json\/wp\/v2\/tags?post=63318"}],"curies":[{"name":"wp","href":"https:\/\/api.w.org\/{rel}","templated":true}]}}