{"id":63147,"date":"2025-02-25T13:17:38","date_gmt":"2025-02-25T12:17:38","guid":{"rendered":"https:\/\/www.maccaferri.com\/latam\/?p=63147"},"modified":"2025-03-27T18:05:43","modified_gmt":"2025-03-27T17:05:43","slug":"encuentro-nacional-de-la-construccion-segura-en-guatemala-asi-se-vivio-el-evento","status":"publish","type":"post","link":"https:\/\/www.maccaferri.com\/latam\/news\/encuentro-nacional-de-la-construccion-segura-en-guatemala-asi-se-vivio-el-evento\/","title":{"rendered":"Encuentro Nacional de la Construcci\u00f3n Segura en Guatemala: as\u00ed se vivi\u00f3 el evento"},"content":{"rendered":"<div class=\"wp-block-mac-container-block box-container\"><div class=\"wp-block-columns is-layout-flex wp-container-core-columns-is-layout-9d6595d7 wp-block-columns-is-layout-flex\"><div class=\"wp-block-column is-layout-flow wp-block-column-is-layout-flow\"><p>El Encuentro Nacional de la Construcci\u00f3n Segura 2025 tuvo lugar el 19 de febrero en el Hotel Westin Camino Real en Guatemala; el evento reuni\u00f3 a expertos del sector para promover la aplicaci\u00f3n de normas t\u00e9cnicas y garantizar la seguridad tanto en las edificaciones como en las obras de ingenier\u00eda civil en general.<\/p><\/div><\/div>\n\n<h2 class=\"wp-block-heading\" id=\"h-cuando-fue-este-evento-de-la-construccion-en-guatemala\">\u00bfCu\u00e1ndo fue este evento de la construcci\u00f3n en Guatemala?<\/h2>\n\n<p>El 19 de febrero de 2025, el <strong>Hotel Westin Camino Real en Guatemala<\/strong> fue el escenario de la segunda edici\u00f3n del <a href=\"https:\/\/www.facebook.com\/events\/503334772384687\/?acontext=%7B%22event_action_history%22%3A%5b%7B%22mechanism%22%3A%22surface%22%2C%22surface%22%3A%22groups_highlight_units%22%7D%5d%2C%22ref_notif_type%22%3Anull%7D&amp;locale=es_LA\"><strong>Encuentro Nacional de la Construcci\u00f3n Segura<\/strong><\/a>, un evento organizado por <strong>CIG<\/strong> y <strong>GREBLOCK<\/strong> en alianza con la <a href=\"https:\/\/construguate.com\/\"><strong>C\u00e1mara<\/strong> <strong>Guatemalteca<\/strong> <strong>de la Construcci\u00f3n (CGC)<\/strong><\/a> y su gremial de <strong>Industria<\/strong>, <strong>Comercio<\/strong> y <strong>Servicios<\/strong> para la <strong>Construcci\u00f3n<\/strong> (ICS).&nbsp;&nbsp;<\/p>\n\n<p>Durante una jornada que se extendi\u00f3 de 8:00 a 18:00 horas, el encuentro reuni\u00f3 a <strong>expertos y profesionales del sector de la construcci\u00f3n<\/strong> para fomentar la implementaci\u00f3n de normas t\u00e9cnicas en la planificaci\u00f3n y ejecuci\u00f3n de proyectos, con el objetivo de garantizar la seguridad tanto de los trabajadores como de quienes habitan estos espacios.&nbsp;&nbsp;&nbsp;<\/p>\n\n<p>El <a href=\"https:\/\/www.facebook.com\/events\/503334772384687\/?acontext=%7B%22event_action_history%22%3A%5b%7B%22mechanism%22%3A%22surface%22%2C%22surface%22%3A%22groups_highlight_units%22%7D%5d%2C%22ref_notif_type%22%3Anull%7D&amp;locale=es_LA\"><strong>Encuentro Nacional de la Construcci\u00f3n Segura<\/strong><\/a> cont\u00f3 con la participaci\u00f3n de destacados especialistas nacionales e internacionales, quienes compartieron sus conocimientos a trav\u00e9s de conferencias magistrales, charlas t\u00e9cnicas y casos de \u00e9xito. Entre los temas que se abordaron se encontraron los criterios de normalizaci\u00f3n, las regulaciones aplicables a los <strong>materiales de construcci\u00f3n en Guatemala<\/strong> y las lecciones aprendidas tras <strong>desastres s\u00edsmicos en la regi\u00f3n<\/strong>.&nbsp;&nbsp;&nbsp;<\/p>\n\n<p>Adem\u00e1s, los asistentes pudieron conocer m\u00e1s sobre las instituciones encargadas de la normalizaci\u00f3n en el pa\u00eds y las iniciativas de empresas patrocinadoras que impulsan la <strong>seguridad en la construcci\u00f3n<\/strong>. Tambi\u00e9n hubo espacios dise\u00f1ados para fortalecer la colaboraci\u00f3n entre empresas, funcionarios p\u00fablicos, l\u00edderes empresariales y organismos internacionales, fomentando el intercambio de conocimientos y la creaci\u00f3n de alianzas estrat\u00e9gicas.&nbsp;&nbsp;&nbsp;<\/p>\n\n<p>En este caso, <a href=\"https:\/\/www.maccaferri.com\/latam\/\" target=\"_blank\" rel=\"noreferrer noopener\"><strong>Maccaferri<\/strong> <\/a>fungi\u00f3 como patrocinador plata, pues como empresa tenemos la convicci\u00f3n de colaborar en eventos que fomentan y sensibilizan pr\u00e1cticas orientadas a la <strong>seguridad<\/strong>, <strong>sostenibilidad<\/strong> y desarrollo de las comunidades en <strong>Guatemala<\/strong>.\u00a0\u00a0<\/p><\/div><div class=\"container-fluid carousel-image-gallery\">\n        <div class=\"row\">\n            <div id=\"carouselImageblock_8bb4298c1825d3eb8e50de6b60797898\" class=\"carousel slide carouselImageGallery\" data-bs-ride=\"carousel\">\n                <!-- \/\/ Indicators -->\n                <ol class=\"carousel-indicators\">\n                                            <li data-bs-target=\"#carouselImageblock_8bb4298c1825d3eb8e50de6b60797898\" data-bs-slide-to=\"0\" class=\"active\" aria-current=\"true\" aria-label=\"Slide\"><\/li>\n                                            <li data-bs-target=\"#carouselImageblock_8bb4298c1825d3eb8e50de6b60797898\" data-bs-slide-to=\"1\" class=\"\" aria-current=\"true\" aria-label=\"Slide\"><\/li>\n                                            <li data-bs-target=\"#carouselImageblock_8bb4298c1825d3eb8e50de6b60797898\" data-bs-slide-to=\"2\" class=\"\" aria-current=\"true\" aria-label=\"Slide\"><\/li>\n                                            <li data-bs-target=\"#carouselImageblock_8bb4298c1825d3eb8e50de6b60797898\" data-bs-slide-to=\"3\" class=\"\" aria-current=\"true\" aria-label=\"Slide\"><\/li>\n                                            <li data-bs-target=\"#carouselImageblock_8bb4298c1825d3eb8e50de6b60797898\" data-bs-slide-to=\"4\" class=\"\" aria-current=\"true\" aria-label=\"Slide\"><\/li>\n                                            <li data-bs-target=\"#carouselImageblock_8bb4298c1825d3eb8e50de6b60797898\" data-bs-slide-to=\"5\" class=\"\" aria-current=\"true\" aria-label=\"Slide\"><\/li>\n                                            <li data-bs-target=\"#carouselImageblock_8bb4298c1825d3eb8e50de6b60797898\" data-bs-slide-to=\"6\" class=\"\" aria-current=\"true\" aria-label=\"Slide\"><\/li>\n                                            <li data-bs-target=\"#carouselImageblock_8bb4298c1825d3eb8e50de6b60797898\" data-bs-slide-to=\"7\" class=\"\" aria-current=\"true\" aria-label=\"Slide\"><\/li>\n                                            <li data-bs-target=\"#carouselImageblock_8bb4298c1825d3eb8e50de6b60797898\" data-bs-slide-to=\"8\" class=\"\" aria-current=\"true\" aria-label=\"Slide\"><\/li>\n                                            <li data-bs-target=\"#carouselImageblock_8bb4298c1825d3eb8e50de6b60797898\" data-bs-slide-to=\"9\" class=\"\" aria-current=\"true\" aria-label=\"Slide\"><\/li>\n                                    <\/ol>\n\n                <div class=\"carousel-inner container\" role=\"listbox\">\n                                            <div class=\"carousel-item active\">\n                        <div class=\"col-12 col-lg-4 col-xl-4 col-xxl-4 space-mobile\">\n                            <div class=\"grid-item-wrapper\">\n                                <div class=\"img-responsive-wrapper\">\n                                    <div class=\"img-responsive\">\n                                        <div class=\"img-wrapper\"><img decoding=\"async\" src=\"https:\/\/www.maccaferri.com\/latam\/wp-content\/uploads\/2025\/02\/Imagen-de-WhatsApp-2025-02-19-a-las-08.53.00_7aad5ecd-scaled.jpg\" alt=\"Encuentro Nacional de la Construcci\u00f3n Segura en Guatemala\" \/><\/div>\n                                    <\/div>\n                                <\/div>\n                                <div class=\"griditem-text-wrapper text-center\">\n                                    <p class=\"griditem-text text-center\">Encuentro Nacional de la Construcci\u00f3n Segura en Guatemala<\/p>\n                   \n                                <\/div>\n                            <\/div>\n                        <\/div>\n                        <\/div>\n                                            <div class=\"carousel-item \">\n                        <div class=\"col-12 col-lg-4 col-xl-4 col-xxl-4 space-mobile\">\n                            <div class=\"grid-item-wrapper\">\n                                <div class=\"img-responsive-wrapper\">\n                                    <div class=\"img-responsive\">\n                                        <div class=\"img-wrapper\"><img decoding=\"async\" src=\"https:\/\/www.maccaferri.com\/latam\/wp-content\/uploads\/2025\/02\/Imagen-de-WhatsApp-2025-02-19-a-las-08.53.05_8a9cd349-scaled.jpg\" alt=\"Encuentro Nacional de la Construcci\u00f3n Segura en Guatemala\" \/><\/div>\n                                    <\/div>\n                                <\/div>\n                                <div class=\"griditem-text-wrapper text-center\">\n                                    <p class=\"griditem-text text-center\">Encuentro Nacional de la Construcci\u00f3n Segura en Guatemala<\/p>\n                   \n                                <\/div>\n                            <\/div>\n                        <\/div>\n                        <\/div>\n                                            <div class=\"carousel-item \">\n                        <div class=\"col-12 col-lg-4 col-xl-4 col-xxl-4 space-mobile\">\n                            <div class=\"grid-item-wrapper\">\n                                <div class=\"img-responsive-wrapper\">\n                                    <div class=\"img-responsive\">\n                                        <div class=\"img-wrapper\"><img decoding=\"async\" src=\"https:\/\/www.maccaferri.com\/latam\/wp-content\/uploads\/2025\/02\/Imagen-de-WhatsApp-2025-02-19-a-las-08.53.05_b1b0a2f6-scaled.jpg\" alt=\"Encuentro Nacional de la Construcci\u00f3n Segura en Guatemala\" \/><\/div>\n                                    <\/div>\n                                <\/div>\n                                <div class=\"griditem-text-wrapper text-center\">\n                                    <p class=\"griditem-text text-center\">Encuentro Nacional de la Construcci\u00f3n Segura en Guatemala<\/p>\n                   \n                                <\/div>\n                            <\/div>\n                        <\/div>\n                        <\/div>\n                                            <div class=\"carousel-item \">\n                        <div class=\"col-12 col-lg-4 col-xl-4 col-xxl-4 space-mobile\">\n                            <div class=\"grid-item-wrapper\">\n                                <div class=\"img-responsive-wrapper\">\n                                    <div class=\"img-responsive\">\n                                        <div class=\"img-wrapper\"><img decoding=\"async\" src=\"https:\/\/www.maccaferri.com\/latam\/wp-content\/uploads\/2025\/02\/Imagen-de-WhatsApp-2025-02-19-a-las-08.57.02_1a227207-scaled.jpg\" alt=\"Encuentro Nacional de la Construcci\u00f3n Segura en Guatemala\" \/><\/div>\n                                    <\/div>\n                                <\/div>\n                                <div class=\"griditem-text-wrapper text-center\">\n                                    <p class=\"griditem-text text-center\">Encuentro Nacional de la Construcci\u00f3n Segura en Guatemala<\/p>\n                   \n                                <\/div>\n                            <\/div>\n                        <\/div>\n                        <\/div>\n                                            <div class=\"carousel-item \">\n                        <div class=\"col-12 col-lg-4 col-xl-4 col-xxl-4 space-mobile\">\n                            <div class=\"grid-item-wrapper\">\n                                <div class=\"img-responsive-wrapper\">\n                                    <div class=\"img-responsive\">\n                                        <div class=\"img-wrapper\"><img decoding=\"async\" src=\"https:\/\/www.maccaferri.com\/latam\/wp-content\/uploads\/2025\/02\/Imagen-de-WhatsApp-2025-02-19-a-las-08.57.03_acde771b-scaled.jpg\" alt=\"Encuentro Nacional de la Construcci\u00f3n Segura en Guatemala\" \/><\/div>\n                                    <\/div>\n                                <\/div>\n                                <div class=\"griditem-text-wrapper text-center\">\n                                    <p class=\"griditem-text text-center\">Encuentro Nacional de la Construcci\u00f3n Segura en Guatemala<\/p>\n                   \n                                <\/div>\n                            <\/div>\n                        <\/div>\n                        <\/div>\n                                            <div class=\"carousel-item \">\n                        <div class=\"col-12 col-lg-4 col-xl-4 col-xxl-4 space-mobile\">\n                            <div class=\"grid-item-wrapper\">\n                                <div class=\"img-responsive-wrapper\">\n                                    <div class=\"img-responsive\">\n                                        <div class=\"img-wrapper\"><img decoding=\"async\" src=\"https:\/\/www.maccaferri.com\/latam\/wp-content\/uploads\/2025\/02\/Imagen-de-WhatsApp-2025-02-19-a-las-08.57.04_a96a77f8-scaled.jpg\" alt=\"Encuentro Nacional de la Construcci\u00f3n Segura en Guatemala\" \/><\/div>\n                                    <\/div>\n                                <\/div>\n                                <div class=\"griditem-text-wrapper text-center\">\n                                    <p class=\"griditem-text text-center\">Encuentro Nacional de la Construcci\u00f3n Segura en Guatemala<\/p>\n                   \n                                <\/div>\n                            <\/div>\n                        <\/div>\n                        <\/div>\n                                            <div class=\"carousel-item \">\n                        <div class=\"col-12 col-lg-4 col-xl-4 col-xxl-4 space-mobile\">\n                            <div class=\"grid-item-wrapper\">\n                                <div class=\"img-responsive-wrapper\">\n                                    <div class=\"img-responsive\">\n                                        <div class=\"img-wrapper\"><img decoding=\"async\" src=\"https:\/\/www.maccaferri.com\/latam\/wp-content\/uploads\/2025\/02\/Imagen-de-WhatsApp-2025-02-19-a-las-09.11.36_1f21dd56.jpg\" alt=\"Encuentro Nacional de la Construcci\u00f3n Segura en Guatemala\" \/><\/div>\n                                    <\/div>\n                                <\/div>\n                                <div class=\"griditem-text-wrapper text-center\">\n                                    <p class=\"griditem-text text-center\">Encuentro Nacional de la Construcci\u00f3n Segura en Guatemala<\/p>\n                   \n                                <\/div>\n                            <\/div>\n                        <\/div>\n                        <\/div>\n                                            <div class=\"carousel-item \">\n                        <div class=\"col-12 col-lg-4 col-xl-4 col-xxl-4 space-mobile\">\n                            <div class=\"grid-item-wrapper\">\n                                <div class=\"img-responsive-wrapper\">\n                                    <div class=\"img-responsive\">\n                                        <div class=\"img-wrapper\"><img decoding=\"async\" src=\"https:\/\/www.maccaferri.com\/latam\/wp-content\/uploads\/2025\/02\/Imagen-de-WhatsApp-2025-02-19-a-las-09.26.42_b3d6daf4.jpg\" alt=\"Encuentro Nacional de la Construcci\u00f3n Segura en Guatemala\" \/><\/div>\n                                    <\/div>\n                                <\/div>\n                                <div class=\"griditem-text-wrapper text-center\">\n                                    <p class=\"griditem-text text-center\">Encuentro Nacional de la Construcci\u00f3n Segura en Guatemala<\/p>\n                   \n                                <\/div>\n                            <\/div>\n                        <\/div>\n                        <\/div>\n                                            <div class=\"carousel-item \">\n                        <div class=\"col-12 col-lg-4 col-xl-4 col-xxl-4 space-mobile\">\n                            <div class=\"grid-item-wrapper\">\n                                <div class=\"img-responsive-wrapper\">\n                                    <div class=\"img-responsive\">\n                                        <div class=\"img-wrapper\"><img decoding=\"async\" src=\"https:\/\/www.maccaferri.com\/latam\/wp-content\/uploads\/2025\/02\/Imagen-de-WhatsApp-2025-02-19-a-las-09.26.42_c6ff8e76.jpg\" alt=\"Encuentro Nacional de la Construcci\u00f3n Segura en Guatemala\" \/><\/div>\n                                    <\/div>\n                                <\/div>\n                                <div class=\"griditem-text-wrapper text-center\">\n                                    <p class=\"griditem-text text-center\">Encuentro Nacional de la Construcci\u00f3n Segura en Guatemala<\/p>\n                   \n                                <\/div>\n                            <\/div>\n                        <\/div>\n                        <\/div>\n                                            <div class=\"carousel-item \">\n                        <div class=\"col-12 col-lg-4 col-xl-4 col-xxl-4 space-mobile\">\n                            <div class=\"grid-item-wrapper\">\n                                <div class=\"img-responsive-wrapper\">\n                                    <div class=\"img-responsive\">\n                                        <div class=\"img-wrapper\"><img decoding=\"async\" src=\"https:\/\/www.maccaferri.com\/latam\/wp-content\/uploads\/2025\/02\/Imagen-de-WhatsApp-2025-02-19-a-las-09.26.42_fcbdca04.jpg\" alt=\"Encuentro Nacional de la Construcci\u00f3n Segura en Guatemala\" \/><\/div>\n                                    <\/div>\n                                <\/div>\n                                <div class=\"griditem-text-wrapper text-center\">\n                                    <p class=\"griditem-text text-center\">Encuentro Nacional de la Construcci\u00f3n Segura en Guatemala<\/p>\n                   \n                                <\/div>\n                            <\/div>\n                        <\/div>\n                        <\/div>\n                                    <\/div>\n            <\/div>\n\n        <\/div>\n    <\/div>","protected":false},"excerpt":{"rendered":"<p>El Encuentro Nacional de la Construcci\u00f3n Segura 2025 tuvo lugar el 19 de febrero en el Hotel Westin Camino Real en Guatemala.<\/p>\n","protected":false},"author":20,"featured_media":63149,"comment_status":"closed","ping_status":"closed","sticky":false,"template":"","format":"standard","meta":{"_acf_changed":false,"_joinchat":[],"footnotes":""},"categories":[1],"tags":[],"class_list":["post-63147","post","type-post","status-publish","format-standard","has-post-thumbnail","hentry","category-news"],"acf":[],"yoast_head":"<!-- This site is optimized with the Yoast SEO Premium plugin v27.0 (Yoast SEO v27.0) - https:\/\/yoast.com\/product\/yoast-seo-premium-wordpress\/ -->\n<title>Encuentro de la Construcci\u00f3n Segura en Guatemala 2025<\/title>\n<meta name=\"description\" content=\"El Encuentro Nacional de la Construcci\u00f3n Segura 2025 tuvo lugar el 19 de febrero en el Hotel Westin Camino Real en Guatemala.\" \/>\n<meta name=\"robots\" content=\"index, follow, max-snippet:-1, max-image-preview:large, max-video-preview:-1\" \/>\n<link rel=\"canonical\" href=\"https:\/\/www.maccaferri.com\/latam\/news\/encuentro-nacional-de-la-construccion-segura-en-guatemala-asi-se-vivio-el-evento\/\" \/>\n<meta property=\"og:locale\" content=\"es_ES\" \/>\n<meta property=\"og:type\" content=\"article\" \/>\n<meta property=\"og:title\" content=\"Encuentro de la Construcci\u00f3n Segura en Guatemala 2025\" \/>\n<meta property=\"og:description\" content=\"El Encuentro Nacional de la Construcci\u00f3n Segura 2025 tuvo lugar el 19 de febrero en el Hotel Westin Camino Real en Guatemala.\" \/>\n<meta property=\"og:url\" content=\"https:\/\/www.maccaferri.com\/latam\/news\/encuentro-nacional-de-la-construccion-segura-en-guatemala-asi-se-vivio-el-evento\/\" \/>\n<meta property=\"og:site_name\" content=\"Maccaferri Latam\" \/>\n<meta property=\"article:published_time\" content=\"2025-02-25T12:17:38+00:00\" \/>\n<meta property=\"article:modified_time\" content=\"2025-03-27T17:05:43+00:00\" \/>\n<meta property=\"og:image\" content=\"https:\/\/www.maccaferri.com\/latam\/wp-content\/uploads\/2025\/02\/1.-Portaba-blog-Construccion-segura-Guatemala-19-de-febrero.jpg\" \/>\n\t<meta property=\"og:image:width\" content=\"1915\" \/>\n\t<meta property=\"og:image:height\" content=\"530\" \/>\n\t<meta property=\"og:image:type\" content=\"image\/jpeg\" \/>\n<meta name=\"author\" content=\"Julio Justino\" \/>\n<meta name=\"twitter:card\" content=\"summary_large_image\" \/>\n<meta name=\"twitter:label1\" content=\"Written by\" \/>\n\t<meta name=\"twitter:data1\" content=\"Julio Justino\" \/>\n\t<meta name=\"twitter:label2\" content=\"Est. reading time\" \/>\n\t<meta name=\"twitter:data2\" content=\"2 minutes\" \/>\n<script type=\"application\/ld+json\" class=\"yoast-schema-graph\">{\"@context\":\"https:\/\/schema.org\",\"@graph\":[{\"@type\":\"Article\",\"@id\":\"https:\/\/www.maccaferri.com\/latam\/news\/encuentro-nacional-de-la-construccion-segura-en-guatemala-asi-se-vivio-el-evento\/#article\",\"isPartOf\":{\"@id\":\"https:\/\/www.maccaferri.com\/latam\/news\/encuentro-nacional-de-la-construccion-segura-en-guatemala-asi-se-vivio-el-evento\/\"},\"author\":{\"name\":\"Julio Justino\",\"@id\":\"https:\/\/www.maccaferri.com\/latam\/#\/schema\/person\/1cc5242c850b1a82437d89dd269e3fdb\"},\"headline\":\"Encuentro Nacional de la Construcci\u00f3n Segura en Guatemala: as\u00ed se vivi\u00f3 el evento\",\"datePublished\":\"2025-02-25T12:17:38+00:00\",\"dateModified\":\"2025-03-27T17:05:43+00:00\",\"mainEntityOfPage\":{\"@id\":\"https:\/\/www.maccaferri.com\/latam\/news\/encuentro-nacional-de-la-construccion-segura-en-guatemala-asi-se-vivio-el-evento\/\"},\"wordCount\":385,\"publisher\":{\"@id\":\"https:\/\/www.maccaferri.com\/latam\/#organization\"},\"image\":{\"@id\":\"https:\/\/www.maccaferri.com\/latam\/news\/encuentro-nacional-de-la-construccion-segura-en-guatemala-asi-se-vivio-el-evento\/#primaryimage\"},\"thumbnailUrl\":\"https:\/\/www.maccaferri.com\/latam\/wp-content\/uploads\/2025\/02\/1.-Portaba-blog-Construccion-segura-Guatemala-19-de-febrero.jpg\",\"articleSection\":[\"News\"],\"inLanguage\":\"es-ES\"},{\"@type\":\"WebPage\",\"@id\":\"https:\/\/www.maccaferri.com\/latam\/news\/encuentro-nacional-de-la-construccion-segura-en-guatemala-asi-se-vivio-el-evento\/\",\"url\":\"https:\/\/www.maccaferri.com\/latam\/news\/encuentro-nacional-de-la-construccion-segura-en-guatemala-asi-se-vivio-el-evento\/\",\"name\":\"Encuentro de la Construcci\u00f3n Segura en Guatemala 2025\",\"isPartOf\":{\"@id\":\"https:\/\/www.maccaferri.com\/latam\/#website\"},\"primaryImageOfPage\":{\"@id\":\"https:\/\/www.maccaferri.com\/latam\/news\/encuentro-nacional-de-la-construccion-segura-en-guatemala-asi-se-vivio-el-evento\/#primaryimage\"},\"image\":{\"@id\":\"https:\/\/www.maccaferri.com\/latam\/news\/encuentro-nacional-de-la-construccion-segura-en-guatemala-asi-se-vivio-el-evento\/#primaryimage\"},\"thumbnailUrl\":\"https:\/\/www.maccaferri.com\/latam\/wp-content\/uploads\/2025\/02\/1.-Portaba-blog-Construccion-segura-Guatemala-19-de-febrero.jpg\",\"datePublished\":\"2025-02-25T12:17:38+00:00\",\"dateModified\":\"2025-03-27T17:05:43+00:00\",\"description\":\"El Encuentro Nacional de la Construcci\u00f3n Segura 2025 tuvo lugar el 19 de febrero en el Hotel Westin Camino Real en Guatemala.\",\"inLanguage\":\"es-ES\",\"potentialAction\":[{\"@type\":\"ReadAction\",\"target\":[\"https:\/\/www.maccaferri.com\/latam\/news\/encuentro-nacional-de-la-construccion-segura-en-guatemala-asi-se-vivio-el-evento\/\"]}]},{\"@type\":\"ImageObject\",\"inLanguage\":\"es-ES\",\"@id\":\"https:\/\/www.maccaferri.com\/latam\/news\/encuentro-nacional-de-la-construccion-segura-en-guatemala-asi-se-vivio-el-evento\/#primaryimage\",\"url\":\"https:\/\/www.maccaferri.com\/latam\/wp-content\/uploads\/2025\/02\/1.-Portaba-blog-Construccion-segura-Guatemala-19-de-febrero.jpg\",\"contentUrl\":\"https:\/\/www.maccaferri.com\/latam\/wp-content\/uploads\/2025\/02\/1.-Portaba-blog-Construccion-segura-Guatemala-19-de-febrero.jpg\",\"width\":1915,\"height\":530,\"caption\":\"Encuentro de la Construcci\u00f3n Segura en Guatemala 2025\"},{\"@type\":\"WebSite\",\"@id\":\"https:\/\/www.maccaferri.com\/latam\/#website\",\"url\":\"https:\/\/www.maccaferri.com\/latam\/\",\"name\":\"Maccaferri Latam\",\"description\":\"\",\"publisher\":{\"@id\":\"https:\/\/www.maccaferri.com\/latam\/#organization\"},\"potentialAction\":[{\"@type\":\"SearchAction\",\"target\":{\"@type\":\"EntryPoint\",\"urlTemplate\":\"https:\/\/www.maccaferri.com\/latam\/?s={search_term_string}\"},\"query-input\":{\"@type\":\"PropertyValueSpecification\",\"valueRequired\":true,\"valueName\":\"search_term_string\"}}],\"inLanguage\":\"es-ES\"},{\"@type\":\"Organization\",\"@id\":\"https:\/\/www.maccaferri.com\/latam\/#organization\",\"name\":\"Maccaferri Latam\",\"url\":\"https:\/\/www.maccaferri.com\/latam\/\",\"logo\":{\"@type\":\"ImageObject\",\"inLanguage\":\"es-ES\",\"@id\":\"https:\/\/www.maccaferri.com\/latam\/#\/schema\/logo\/image\/\",\"url\":\"https:\/\/www.maccaferri.com\/latam\/wp-content\/uploads\/2022\/07\/logo-maccaferri.png\",\"contentUrl\":\"https:\/\/www.maccaferri.com\/latam\/wp-content\/uploads\/2022\/07\/logo-maccaferri.png\",\"width\":152,\"height\":32,\"caption\":\"Maccaferri Latam\"},\"image\":{\"@id\":\"https:\/\/www.maccaferri.com\/latam\/#\/schema\/logo\/image\/\"}},{\"@type\":\"Person\",\"@id\":\"https:\/\/www.maccaferri.com\/latam\/#\/schema\/person\/1cc5242c850b1a82437d89dd269e3fdb\",\"name\":\"Julio Justino\",\"image\":{\"@type\":\"ImageObject\",\"inLanguage\":\"es-ES\",\"@id\":\"https:\/\/www.maccaferri.com\/latam\/#\/schema\/person\/image\/\",\"url\":\"https:\/\/secure.gravatar.com\/avatar\/93dbe948e464e4f62c990406d99c1349568bc2647ece7d29d2efb11d31c5af94?s=96&d=mm&r=g\",\"contentUrl\":\"https:\/\/secure.gravatar.com\/avatar\/93dbe948e464e4f62c990406d99c1349568bc2647ece7d29d2efb11d31c5af94?s=96&d=mm&r=g\",\"caption\":\"Julio Justino\"}}]}<\/script>\n<!-- \/ Yoast SEO Premium plugin. -->","yoast_head_json":{"title":"Encuentro de la Construcci\u00f3n Segura en Guatemala 2025","description":"El Encuentro Nacional de la Construcci\u00f3n Segura 2025 tuvo lugar el 19 de febrero en el Hotel Westin Camino Real en Guatemala.","robots":{"index":"index","follow":"follow","max-snippet":"max-snippet:-1","max-image-preview":"max-image-preview:large","max-video-preview":"max-video-preview:-1"},"canonical":"https:\/\/www.maccaferri.com\/latam\/news\/encuentro-nacional-de-la-construccion-segura-en-guatemala-asi-se-vivio-el-evento\/","og_locale":"es_ES","og_type":"article","og_title":"Encuentro de la Construcci\u00f3n Segura en Guatemala 2025","og_description":"El Encuentro Nacional de la Construcci\u00f3n Segura 2025 tuvo lugar el 19 de febrero en el Hotel Westin Camino Real en Guatemala.","og_url":"https:\/\/www.maccaferri.com\/latam\/news\/encuentro-nacional-de-la-construccion-segura-en-guatemala-asi-se-vivio-el-evento\/","og_site_name":"Maccaferri Latam","article_published_time":"2025-02-25T12:17:38+00:00","article_modified_time":"2025-03-27T17:05:43+00:00","og_image":[{"width":1915,"height":530,"url":"https:\/\/www.maccaferri.com\/latam\/wp-content\/uploads\/2025\/02\/1.-Portaba-blog-Construccion-segura-Guatemala-19-de-febrero.jpg","type":"image\/jpeg"}],"author":"Julio Justino","twitter_card":"summary_large_image","twitter_misc":{"Written by":"Julio Justino","Est. reading time":"2 minutes"},"schema":{"@context":"https:\/\/schema.org","@graph":[{"@type":"Article","@id":"https:\/\/www.maccaferri.com\/latam\/news\/encuentro-nacional-de-la-construccion-segura-en-guatemala-asi-se-vivio-el-evento\/#article","isPartOf":{"@id":"https:\/\/www.maccaferri.com\/latam\/news\/encuentro-nacional-de-la-construccion-segura-en-guatemala-asi-se-vivio-el-evento\/"},"author":{"name":"Julio Justino","@id":"https:\/\/www.maccaferri.com\/latam\/#\/schema\/person\/1cc5242c850b1a82437d89dd269e3fdb"},"headline":"Encuentro Nacional de la Construcci\u00f3n Segura en Guatemala: as\u00ed se vivi\u00f3 el evento","datePublished":"2025-02-25T12:17:38+00:00","dateModified":"2025-03-27T17:05:43+00:00","mainEntityOfPage":{"@id":"https:\/\/www.maccaferri.com\/latam\/news\/encuentro-nacional-de-la-construccion-segura-en-guatemala-asi-se-vivio-el-evento\/"},"wordCount":385,"publisher":{"@id":"https:\/\/www.maccaferri.com\/latam\/#organization"},"image":{"@id":"https:\/\/www.maccaferri.com\/latam\/news\/encuentro-nacional-de-la-construccion-segura-en-guatemala-asi-se-vivio-el-evento\/#primaryimage"},"thumbnailUrl":"https:\/\/www.maccaferri.com\/latam\/wp-content\/uploads\/2025\/02\/1.-Portaba-blog-Construccion-segura-Guatemala-19-de-febrero.jpg","articleSection":["News"],"inLanguage":"es-ES"},{"@type":"WebPage","@id":"https:\/\/www.maccaferri.com\/latam\/news\/encuentro-nacional-de-la-construccion-segura-en-guatemala-asi-se-vivio-el-evento\/","url":"https:\/\/www.maccaferri.com\/latam\/news\/encuentro-nacional-de-la-construccion-segura-en-guatemala-asi-se-vivio-el-evento\/","name":"Encuentro de la Construcci\u00f3n Segura en Guatemala 2025","isPartOf":{"@id":"https:\/\/www.maccaferri.com\/latam\/#website"},"primaryImageOfPage":{"@id":"https:\/\/www.maccaferri.com\/latam\/news\/encuentro-nacional-de-la-construccion-segura-en-guatemala-asi-se-vivio-el-evento\/#primaryimage"},"image":{"@id":"https:\/\/www.maccaferri.com\/latam\/news\/encuentro-nacional-de-la-construccion-segura-en-guatemala-asi-se-vivio-el-evento\/#primaryimage"},"thumbnailUrl":"https:\/\/www.maccaferri.com\/latam\/wp-content\/uploads\/2025\/02\/1.-Portaba-blog-Construccion-segura-Guatemala-19-de-febrero.jpg","datePublished":"2025-02-25T12:17:38+00:00","dateModified":"2025-03-27T17:05:43+00:00","description":"El Encuentro Nacional de la Construcci\u00f3n Segura 2025 tuvo lugar el 19 de febrero en el Hotel Westin Camino Real en Guatemala.","inLanguage":"es-ES","potentialAction":[{"@type":"ReadAction","target":["https:\/\/www.maccaferri.com\/latam\/news\/encuentro-nacional-de-la-construccion-segura-en-guatemala-asi-se-vivio-el-evento\/"]}]},{"@type":"ImageObject","inLanguage":"es-ES","@id":"https:\/\/www.maccaferri.com\/latam\/news\/encuentro-nacional-de-la-construccion-segura-en-guatemala-asi-se-vivio-el-evento\/#primaryimage","url":"https:\/\/www.maccaferri.com\/latam\/wp-content\/uploads\/2025\/02\/1.-Portaba-blog-Construccion-segura-Guatemala-19-de-febrero.jpg","contentUrl":"https:\/\/www.maccaferri.com\/latam\/wp-content\/uploads\/2025\/02\/1.-Portaba-blog-Construccion-segura-Guatemala-19-de-febrero.jpg","width":1915,"height":530,"caption":"Encuentro de la Construcci\u00f3n Segura en Guatemala 2025"},{"@type":"WebSite","@id":"https:\/\/www.maccaferri.com\/latam\/#website","url":"https:\/\/www.maccaferri.com\/latam\/","name":"Maccaferri Latam","description":"","publisher":{"@id":"https:\/\/www.maccaferri.com\/latam\/#organization"},"potentialAction":[{"@type":"SearchAction","target":{"@type":"EntryPoint","urlTemplate":"https:\/\/www.maccaferri.com\/latam\/?s={search_term_string}"},"query-input":{"@type":"PropertyValueSpecification","valueRequired":true,"valueName":"search_term_string"}}],"inLanguage":"es-ES"},{"@type":"Organization","@id":"https:\/\/www.maccaferri.com\/latam\/#organization","name":"Maccaferri Latam","url":"https:\/\/www.maccaferri.com\/latam\/","logo":{"@type":"ImageObject","inLanguage":"es-ES","@id":"https:\/\/www.maccaferri.com\/latam\/#\/schema\/logo\/image\/","url":"https:\/\/www.maccaferri.com\/latam\/wp-content\/uploads\/2022\/07\/logo-maccaferri.png","contentUrl":"https:\/\/www.maccaferri.com\/latam\/wp-content\/uploads\/2022\/07\/logo-maccaferri.png","width":152,"height":32,"caption":"Maccaferri Latam"},"image":{"@id":"https:\/\/www.maccaferri.com\/latam\/#\/schema\/logo\/image\/"}},{"@type":"Person","@id":"https:\/\/www.maccaferri.com\/latam\/#\/schema\/person\/1cc5242c850b1a82437d89dd269e3fdb","name":"Julio Justino","image":{"@type":"ImageObject","inLanguage":"es-ES","@id":"https:\/\/www.maccaferri.com\/latam\/#\/schema\/person\/image\/","url":"https:\/\/secure.gravatar.com\/avatar\/93dbe948e464e4f62c990406d99c1349568bc2647ece7d29d2efb11d31c5af94?s=96&d=mm&r=g","contentUrl":"https:\/\/secure.gravatar.com\/avatar\/93dbe948e464e4f62c990406d99c1349568bc2647ece7d29d2efb11d31c5af94?s=96&d=mm&r=g","caption":"Julio Justino"}}]}},"_links":{"self":[{"href":"https:\/\/www.maccaferri.com\/latam\/wp-json\/wp\/v2\/posts\/63147","targetHints":{"allow":["GET"]}}],"collection":[{"href":"https:\/\/www.maccaferri.com\/latam\/wp-json\/wp\/v2\/posts"}],"about":[{"href":"https:\/\/www.maccaferri.com\/latam\/wp-json\/wp\/v2\/types\/post"}],"author":[{"embeddable":true,"href":"https:\/\/www.maccaferri.com\/latam\/wp-json\/wp\/v2\/users\/20"}],"replies":[{"embeddable":true,"href":"https:\/\/www.maccaferri.com\/latam\/wp-json\/wp\/v2\/comments?post=63147"}],"version-history":[{"count":3,"href":"https:\/\/www.maccaferri.com\/latam\/wp-json\/wp\/v2\/posts\/63147\/revisions"}],"predecessor-version":[{"id":65306,"href":"https:\/\/www.maccaferri.com\/latam\/wp-json\/wp\/v2\/posts\/63147\/revisions\/65306"}],"wp:featuredmedia":[{"embeddable":true,"href":"https:\/\/www.maccaferri.com\/latam\/wp-json\/wp\/v2\/media\/63149"}],"wp:attachment":[{"href":"https:\/\/www.maccaferri.com\/latam\/wp-json\/wp\/v2\/media?parent=63147"}],"wp:term":[{"taxonomy":"category","embeddable":true,"href":"https:\/\/www.maccaferri.com\/latam\/wp-json\/wp\/v2\/categories?post=63147"},{"taxonomy":"post_tag","embeddable":true,"href":"https:\/\/www.maccaferri.com\/latam\/wp-json\/wp\/v2\/tags?post=63147"}],"curies":[{"name":"wp","href":"https:\/\/api.w.org\/{rel}","templated":true}]}}