{"id":59119,"date":"2024-06-11T16:27:01","date_gmt":"2024-06-11T14:27:01","guid":{"rendered":"https:\/\/www.maccaferri.com\/latam\/?p=59119"},"modified":"2025-07-09T21:50:20","modified_gmt":"2025-07-09T19:50:20","slug":"obra-de-contencion-en-costa-rica-caso-de-exito-en-las-catalinas","status":"publish","type":"post","link":"https:\/\/www.maccaferri.com\/latam\/news\/obra-de-contencion-en-costa-rica-caso-de-exito-en-las-catalinas\/","title":{"rendered":"Muro de suelo reforzado para desarrollo tur\u00edstico costero en Costa Rica\u00a0"},"content":{"rendered":"<div class=\"wp-block-mac-container-block box-container\"><div class=\"wp-block-columns is-layout-flex wp-container-core-columns-is-layout-9d6595d7 wp-block-columns-is-layout-flex\"><div class=\"wp-block-column is-layout-flow wp-block-column-is-layout-flow\"><p><\/p>\n\n<p>Las obras de contenci\u00f3n en Costa Rica pueden plantear desaf\u00edos \u00fanicos debido a la topograf\u00eda irregular de algunas zonas. En Las Catalinas, un muro de suelo reforzado de 19 metros permiti\u00f3 instalar tanques de agua en una zona elevada. \u00bfCon qu\u00e9 soluciones se logr\u00f3?\u00a0<\/p><\/div><\/div>\n\n<p>El desarrollo tur\u00edstico de <a href=\"https:\/\/es.visitcostarica.com\/blog\/las-catalinas-principle-new-urbanism\" target=\"_blank\" rel=\"noreferrer noopener\"><strong>Las Catalinas<\/strong><\/a> est\u00e1 ubicado en la <strong>costa del Pac\u00edfico<\/strong>, en <strong>Costa<\/strong> <strong>Rica<\/strong>. Pertenece a la Provincia de <strong>Guanacaste<\/strong> y enfrentaba un crecimiento acelerado porque es una de las zonas tur\u00edsticas m\u00e1s cotizadas de la regi\u00f3n. Esto llevo a un reto: el <strong>abastecimiento de agua potable<\/strong> mediante el almacenamiento en <strong>tanques de agua<\/strong>.\u00a0\u00a0<\/p>\n\n<h2 class=\"wp-block-heading\" id=\"h-desafios-que-planteaba-esta-obra-en-costa-rica-nbsp\"><strong>Desaf\u00edos que planteaba esta obra en Costa Rica<\/strong>&nbsp;<\/h2>\n\n<p>Para albergar tales estructuras, exist\u00eda una complicaci\u00f3n geogr\u00e1fica particular, pues algunas de las propiedades se encontraban en partes altas, en laderas con <strong>pendientes bastante pronunciadas<\/strong>. La exigencia, por lo tanto, era generar una plataforma que permitiera albergar el <strong>sistema de tanques<\/strong>, a pesar de la altura del <strong>terreno<\/strong> o las irregularidades de este.&nbsp;&nbsp;<\/p>\n\n<p><\/p>\n\n<div class=\"wp-block-buttons is-layout-flex wp-block-buttons-is-layout-flex\"><div class=\"wp-block-button\"><a class=\"wp-block-button__link has-luminous-vivid-orange-background-color has-background wp-element-button\" href=\"https:\/\/www.maccaferri.com\/latam\/news\/recupera-espacios-danados-por-acumulacion-de-agua-usa-estos-geocompuestos-de-drenaje\/\" target=\"_blank\" rel=\"noreferrer noopener\"><strong>Conoce c\u00f3mo Recuperar espacios da\u00f1ados por acumulaci\u00f3n de agua: da clic aqu\u00ed\u00a0<\/strong><\/a><\/div><\/div>\n\n<p><\/p>\n\n<p>Otro de los principales desaf\u00edos para esta <a href=\"https:\/\/www.maccaferri.com\/latam\/news\/muro-de-suelo-reforzado-aprovecha-todo-el-terreno-con-estas-dos-soluciones-para-ingenieria-civil\/\" target=\"_blank\" rel=\"noreferrer noopener\"><strong>construcci\u00f3n en Costa Rica<\/strong><\/a> era la altura. La obra de contenci\u00f3n necesaria superaba los 14 m. Por otro lado, el cliente tambi\u00e9n buscaba que el material resultante de la <strong>excavaci\u00f3n<\/strong> fuera aprovechado como <strong>relleno<\/strong> <strong>estructural<\/strong>.\u00a0<\/p>\n\n<h2 class=\"wp-block-heading\" id=\"h-objetivos-que-debia-cumplir-la-solucion-en-costa-rica-nbsp\"><strong>Objetivos que deb\u00eda cumplir la soluci\u00f3n en Costa Rica<\/strong>&nbsp;<\/h2>\n\n<p>As\u00ed, los objetivos de esta <strong>obra en Costa<\/strong> <strong>Rica<\/strong>, a pesar de los diferentes desaf\u00edos, eran los siguientes:&nbsp;&nbsp;<\/p>\n\n<ul class=\"wp-block-list\"><li>Abastecer de agua potable a toda la zona en crecimiento.\u00a0<\/li>\n\n<li>Instalar un <strong>sistema de tanques para el almacenamiento<\/strong> en una zona elevada de la costa, aun con <a href=\"https:\/\/www.maccaferri.com\/latam\/news\/muro-de-suelo-reforzado-aprovecha-todo-el-terreno-con-estas-dos-soluciones-para-ingenieria-civil\/\" target=\"_blank\" rel=\"noreferrer noopener\"><strong>terreno inestable y quebrado<\/strong><\/a>.\u00a0\u00a0<\/li>\n\n<li>Construir un <a href=\"https:\/\/www.maccaferri.com\/latam\/news\/muro-de-suelo-reforzado-aprovecha-todo-el-terreno-con-estas-dos-soluciones-para-ingenieria-civil\/\" target=\"_blank\" rel=\"noreferrer noopener\"><strong>muro de contenci\u00f3n<\/strong><\/a> superior a los 14 m.\u00a0<\/li>\n\n<li>Reducir costos en material para <strong>relleno<\/strong> <strong>estructural<\/strong>.\u00a0\u00a0<\/li>\n\n<li>Cumplir con <a href=\"https:\/\/www.maccaferri.com\/latam\/news\/construccion-sostenible-esta-es-la-huella-de-carbono-que-evitas-al-utilizar-gaviones-en-lugar-de-concreto\/\" target=\"_blank\" rel=\"noreferrer noopener\">normas ambientales<\/a> que limitan la exportaci\u00f3n de <strong>material de<\/strong> <strong>excavaci\u00f3n<\/strong>.\u00a0<\/li><\/ul>\n\n<h2 class=\"wp-block-heading\" id=\"h-sistema-de-malla-doble-torsion-y-geomallas-para-garantizar-estabilidad-y-reducir-costos-nbsp\"><strong>Sistema de malla doble torsi\u00f3n y geomallas para garantizar estabilidad y reducir costos<\/strong>&nbsp;<\/h2>\n\n<p>La soluci\u00f3n lleg\u00f3 en forma de un <a href=\"https:\/\/www.maccaferri.com\/latam\/productos\/terramesh\/\" target=\"_blank\" rel=\"noreferrer noopener\"><strong>muro de suelo reforzado<\/strong><\/a> que alcanz\u00f3 una altura de 19 metros. Como tal, se ciment\u00f3 sobre un suelo firme con una capacidad portante adecuada. Su <strong>construcci\u00f3n<\/strong> involucr\u00f3 una cantidad significativa de\u202f<a href=\"https:\/\/www.maccaferri.com\/latam\/productos\/multi-composites\/\" target=\"_blank\" rel=\"noreferrer noopener\"><strong>geomallas<\/strong><\/a>\u202fcon el fin de garantizar la estabilidad del muro de contenci\u00f3n.\u00a0\u00a0<\/p>\n\n<p>Una de las claves de \u00e9xito\u202ffue el <a href=\"https:\/\/www.maccaferri.com\/latam\/news\/recupera-espacios-danados-por-acumulacion-de-agua-usa-estos-geocompuestos-de-drenaje\/\" target=\"_blank\" rel=\"noreferrer noopener\"><strong>relleno del muro<\/strong><\/a>, para el cual se emple\u00f3 el material proveniente de la\u202fmisma <strong>excavaci\u00f3n<\/strong>. Con ello, fue posible cumplir cabalmente no solo la reducci\u00f3n significativa de costos, sino contribuir a una gesti\u00f3n m\u00e1s sostenible de los recursos.\u202f\u00a0<\/p>\n\n<p><\/p>\n\n<div class=\"wp-block-buttons is-layout-flex wp-block-buttons-is-layout-flex\"><div class=\"wp-block-button\"><a class=\"wp-block-button__link has-luminous-vivid-orange-background-color has-background wp-element-button\" href=\"https:\/\/www.maccaferri.com\/latam\/news\/construccion-sostenible-esta-es-la-huella-de-carbono-que-evitas-al-utilizar-gaviones-en-lugar-de-concreto\/\" target=\"_blank\" rel=\"noreferrer noopener\"><strong>Descarga gratis el manual Obras de Contenci\u00f3n: da clic aqu\u00ed<\/strong>\u00a0<\/a><\/div><\/div>\n\n<p><\/p>\n\n<p>La construcci\u00f3n de este muro de contenci\u00f3n requiri\u00f3 las siguientes soluciones prove\u00eddas por <strong>Maccaferri en Costa Rica<\/strong>:&nbsp;&nbsp;<\/p>\n\n<ul class=\"wp-block-list\"><li><a href=\"https:\/\/www.maccaferri.com\/latam\/productos\/geomallas-biaxiales\/\" target=\"_blank\" rel=\"noreferrer noopener\"><strong>Geomallas<\/strong><\/a><strong> ParaGrid\u00ae<\/strong>: 8,300 m2\u202f\u00a0<\/li>\n\n<li><strong>Sistema de malla de acero doble torsi\u00f3n <\/strong><a href=\"https:\/\/www.maccaferri.com\/latam\/productos\/terramesh\/\" target=\"_blank\" rel=\"noreferrer noopener\"><strong>TerraMesh<\/strong><\/a><strong>\u00ae<\/strong>: 464 m3\u202f\u00a0<\/li><\/ul>\n\n<p>La ejecuci\u00f3n de esta <strong>obra<\/strong> emblem\u00e1tica tuvo lugar en\u202fmarzo de 2023, marcando un hito en la <strong>ingenier\u00eda<\/strong> <strong>civil<\/strong> y el\u202f<strong>desarrollo tur\u00edstico de Las Catalinas<\/strong>, en <strong>Costa<\/strong> <strong>Rica<\/strong>. Este proyecto no solo resolvi\u00f3 un <strong>desaf\u00edo<\/strong> <strong>t\u00e9cnico<\/strong> complejo, sino que tambi\u00e9n sent\u00f3 un\u202fprecedente\u202fpara\u202ffuturas innovaciones\u202fen la construcci\u00f3n de <strong>infraestructuras en<\/strong> <strong>terrenos<\/strong> dif\u00edciles.\u202f&nbsp;<\/p>\n\n<p class=\"has-medium-font-size\"><strong>Soluciones para obras contenci\u00f3n: contacta a un asesor en Costa Rica<\/strong>&nbsp;<\/p>\n\n<div class=\"wp-block-buttons is-layout-flex wp-block-buttons-is-layout-flex\"><div class=\"wp-block-button\"><a class=\"wp-block-button__link has-luminous-vivid-orange-background-color has-background wp-element-button\" href=\"https:\/\/wa.me\/50664311598\" target=\"_blank\" rel=\"noreferrer noopener\"><strong>Whatsapp<\/strong><\/a><\/div><\/div>\n\n<p><\/p><\/div><div class=\"container-fluid carousel-image-gallery\">\n        <div class=\"row\">\n            <div id=\"carouselImageblock_3cb5753b8664bcf47f514ffe5f5560ed\" class=\"carousel slide carouselImageGallery\" data-bs-ride=\"carousel\">\n                <!-- \/\/ Indicators -->\n                <ol class=\"carousel-indicators\">\n                                            <li data-bs-target=\"#carouselImageblock_3cb5753b8664bcf47f514ffe5f5560ed\" data-bs-slide-to=\"0\" class=\"active\" aria-current=\"true\" aria-label=\"Slide\"><\/li>\n                                            <li data-bs-target=\"#carouselImageblock_3cb5753b8664bcf47f514ffe5f5560ed\" data-bs-slide-to=\"1\" class=\"\" aria-current=\"true\" aria-label=\"Slide\"><\/li>\n                                            <li data-bs-target=\"#carouselImageblock_3cb5753b8664bcf47f514ffe5f5560ed\" data-bs-slide-to=\"2\" class=\"\" aria-current=\"true\" aria-label=\"Slide\"><\/li>\n                                            <li data-bs-target=\"#carouselImageblock_3cb5753b8664bcf47f514ffe5f5560ed\" data-bs-slide-to=\"3\" class=\"\" aria-current=\"true\" aria-label=\"Slide\"><\/li>\n                                            <li data-bs-target=\"#carouselImageblock_3cb5753b8664bcf47f514ffe5f5560ed\" data-bs-slide-to=\"4\" class=\"\" aria-current=\"true\" aria-label=\"Slide\"><\/li>\n                                    <\/ol>\n\n                <div class=\"carousel-inner container\" role=\"listbox\">\n                                            <div class=\"carousel-item active\">\n                        <div class=\"col-12 col-lg-4 col-xl-4 col-xxl-4 space-mobile\">\n                            <div class=\"grid-item-wrapper\">\n                                <div class=\"img-responsive-wrapper\">\n                                    <div class=\"img-responsive\">\n                                        <div class=\"img-wrapper\"><img decoding=\"async\" src=\"https:\/\/www.maccaferri.com\/latam\/wp-content\/uploads\/2024\/06\/PHOTO-2024-01-04-14-10-36-7.jpg\" alt=\"Muro de suelo reforzado en Las Catalinas Costa Rica\" \/><\/div>\n                                    <\/div>\n                                <\/div>\n                                <div class=\"griditem-text-wrapper text-center\">\n                                    <p class=\"griditem-text text-center\">Muro de suelo reforzado en Las Catalinas Costa Rica<\/p>\n                   \n                                <\/div>\n                            <\/div>\n                        <\/div>\n                        <\/div>\n                                            <div class=\"carousel-item \">\n                        <div class=\"col-12 col-lg-4 col-xl-4 col-xxl-4 space-mobile\">\n                            <div class=\"grid-item-wrapper\">\n                                <div class=\"img-responsive-wrapper\">\n                                    <div class=\"img-responsive\">\n                                        <div class=\"img-wrapper\"><img decoding=\"async\" src=\"https:\/\/www.maccaferri.com\/latam\/wp-content\/uploads\/2024\/06\/PHOTO-2024-01-04-14-10-38-17.jpg\" alt=\"Uso de TerraMesh\u00ae para muro de suelo reforzado\" \/><\/div>\n                                    <\/div>\n                                <\/div>\n                                <div class=\"griditem-text-wrapper text-center\">\n                                    <p class=\"griditem-text text-center\">Uso de TerraMesh\u00ae para muro de suelo reforzado<\/p>\n                   \n                                <\/div>\n                            <\/div>\n                        <\/div>\n                        <\/div>\n                                            <div class=\"carousel-item \">\n                        <div class=\"col-12 col-lg-4 col-xl-4 col-xxl-4 space-mobile\">\n                            <div class=\"grid-item-wrapper\">\n                                <div class=\"img-responsive-wrapper\">\n                                    <div class=\"img-responsive\">\n                                        <div class=\"img-wrapper\"><img decoding=\"async\" src=\"https:\/\/www.maccaferri.com\/latam\/wp-content\/uploads\/2024\/06\/PHOTO-2024-01-04-14-10-38.jpg\" alt=\"Muro con TerraMesh\u00ae en Costa Rica\" \/><\/div>\n                                    <\/div>\n                                <\/div>\n                                <div class=\"griditem-text-wrapper text-center\">\n                                    <p class=\"griditem-text text-center\">Muro con TerraMesh\u00ae en Costa Rica<\/p>\n                   \n                                <\/div>\n                            <\/div>\n                        <\/div>\n                        <\/div>\n                                            <div class=\"carousel-item \">\n                        <div class=\"col-12 col-lg-4 col-xl-4 col-xxl-4 space-mobile\">\n                            <div class=\"grid-item-wrapper\">\n                                <div class=\"img-responsive-wrapper\">\n                                    <div class=\"img-responsive\">\n                                        <div class=\"img-wrapper\"><img decoding=\"async\" src=\"https:\/\/www.maccaferri.com\/latam\/wp-content\/uploads\/2024\/06\/PHOTO-2024-01-04-14-10-39-24.jpg\" alt=\"Geomallas para refuerzo de suelo.\" \/><\/div>\n                                    <\/div>\n                                <\/div>\n                                <div class=\"griditem-text-wrapper text-center\">\n                                    <p class=\"griditem-text text-center\">Geomallas para refuerzo de suelo. <\/p>\n                   \n                                <\/div>\n                            <\/div>\n                        <\/div>\n                        <\/div>\n                                            <div class=\"carousel-item \">\n                        <div class=\"col-12 col-lg-4 col-xl-4 col-xxl-4 space-mobile\">\n                            <div class=\"grid-item-wrapper\">\n                                <div class=\"img-responsive-wrapper\">\n                                    <div class=\"img-responsive\">\n                                        <div class=\"img-wrapper\"><img decoding=\"async\" src=\"https:\/\/www.maccaferri.com\/latam\/wp-content\/uploads\/2024\/06\/PHOTO-2024-01-04-14-10-39.jpg\" alt=\"Sistema de malla de acero doble torsi\u00f3n TerraMesh\u00ae para muro de suelo reforzado\" \/><\/div>\n                                    <\/div>\n                                <\/div>\n                                <div class=\"griditem-text-wrapper text-center\">\n                                    <p class=\"griditem-text text-center\">Sistema de malla de acero doble torsi\u00f3n TerraMesh\u00ae para muro de suelo reforzado<\/p>\n                   \n                                <\/div>\n                            <\/div>\n                        <\/div>\n                        <\/div>\n                                    <\/div>\n            <\/div>\n\n        <\/div>\n    <\/div>","protected":false},"excerpt":{"rendered":"<p>Las obras de contenci\u00f3n en Costa Rica pueden plantear desaf\u00edos \u00fanicos debido a la topograf\u00eda irregular de algunas zonas. En Las Catalinas, un muro de suelo reforzado de 19 metros permiti\u00f3 instalar tanques de agua en una zona elevada. \u00bfCon qu\u00e9 soluciones se logr\u00f3?\u00a0<\/p>\n","protected":false},"author":20,"featured_media":59125,"comment_status":"closed","ping_status":"closed","sticky":false,"template":"","format":"standard","meta":{"_acf_changed":false,"_joinchat":[],"footnotes":""},"categories":[1],"tags":[],"class_list":["post-59119","post","type-post","status-publish","format-standard","has-post-thumbnail","hentry","category-news"],"acf":[],"yoast_head":"<!-- This site is optimized with the Yoast SEO Premium plugin v27.0 (Yoast SEO v27.0) - https:\/\/yoast.com\/product\/yoast-seo-premium-wordpress\/ -->\n<title>Obra de contenci\u00f3n en Costa Rica: caso de \u00e9xito en Las Catalinas<\/title>\n<meta name=\"description\" content=\"Las obras de contenci\u00f3n en Costa Rica pueden plantear desaf\u00edos \u00fanicos debido a la topograf\u00eda irregular de algunas zonas.\" \/>\n<meta name=\"robots\" content=\"index, follow, max-snippet:-1, max-image-preview:large, max-video-preview:-1\" \/>\n<link rel=\"canonical\" href=\"https:\/\/www.maccaferri.com\/latam\/news\/obra-de-contencion-en-costa-rica-caso-de-exito-en-las-catalinas\/\" \/>\n<meta property=\"og:locale\" content=\"es_ES\" \/>\n<meta property=\"og:type\" content=\"article\" \/>\n<meta property=\"og:title\" content=\"Obra de contenci\u00f3n en Costa Rica: caso de \u00e9xito en Las Catalinas\" \/>\n<meta property=\"og:description\" content=\"Las obras de contenci\u00f3n en Costa Rica pueden plantear desaf\u00edos \u00fanicos debido a la topograf\u00eda irregular de algunas zonas.\" \/>\n<meta property=\"og:url\" content=\"https:\/\/www.maccaferri.com\/latam\/news\/obra-de-contencion-en-costa-rica-caso-de-exito-en-las-catalinas\/\" \/>\n<meta property=\"og:site_name\" content=\"Maccaferri Latam\" \/>\n<meta property=\"article:published_time\" content=\"2024-06-11T14:27:01+00:00\" \/>\n<meta property=\"article:modified_time\" content=\"2025-07-09T19:50:20+00:00\" \/>\n<meta property=\"og:image\" content=\"https:\/\/www.maccaferri.com\/latam\/wp-content\/uploads\/2024\/06\/portada-noticia-3.jpg\" \/>\n\t<meta property=\"og:image:width\" content=\"1915\" \/>\n\t<meta property=\"og:image:height\" content=\"530\" \/>\n\t<meta property=\"og:image:type\" content=\"image\/jpeg\" \/>\n<meta name=\"author\" content=\"Julio Justino\" \/>\n<meta name=\"twitter:card\" content=\"summary_large_image\" \/>\n<meta name=\"twitter:label1\" content=\"Written by\" \/>\n\t<meta name=\"twitter:data1\" content=\"Julio Justino\" \/>\n\t<meta name=\"twitter:label2\" content=\"Est. reading time\" \/>\n\t<meta name=\"twitter:data2\" content=\"3 minutes\" \/>\n<script type=\"application\/ld+json\" class=\"yoast-schema-graph\">{\"@context\":\"https:\/\/schema.org\",\"@graph\":[{\"@type\":\"Article\",\"@id\":\"https:\/\/www.maccaferri.com\/latam\/news\/obra-de-contencion-en-costa-rica-caso-de-exito-en-las-catalinas\/#article\",\"isPartOf\":{\"@id\":\"https:\/\/www.maccaferri.com\/latam\/news\/obra-de-contencion-en-costa-rica-caso-de-exito-en-las-catalinas\/\"},\"author\":{\"name\":\"Julio Justino\",\"@id\":\"https:\/\/www.maccaferri.com\/latam\/#\/schema\/person\/1cc5242c850b1a82437d89dd269e3fdb\"},\"headline\":\"Muro de suelo reforzado para desarrollo tur\u00edstico costero en Costa Rica\u00a0\",\"datePublished\":\"2024-06-11T14:27:01+00:00\",\"dateModified\":\"2025-07-09T19:50:20+00:00\",\"mainEntityOfPage\":{\"@id\":\"https:\/\/www.maccaferri.com\/latam\/news\/obra-de-contencion-en-costa-rica-caso-de-exito-en-las-catalinas\/\"},\"wordCount\":584,\"publisher\":{\"@id\":\"https:\/\/www.maccaferri.com\/latam\/#organization\"},\"image\":{\"@id\":\"https:\/\/www.maccaferri.com\/latam\/news\/obra-de-contencion-en-costa-rica-caso-de-exito-en-las-catalinas\/#primaryimage\"},\"thumbnailUrl\":\"https:\/\/www.maccaferri.com\/latam\/wp-content\/uploads\/2024\/06\/portada-noticia-3.jpg\",\"articleSection\":[\"News\"],\"inLanguage\":\"es-ES\"},{\"@type\":\"WebPage\",\"@id\":\"https:\/\/www.maccaferri.com\/latam\/news\/obra-de-contencion-en-costa-rica-caso-de-exito-en-las-catalinas\/\",\"url\":\"https:\/\/www.maccaferri.com\/latam\/news\/obra-de-contencion-en-costa-rica-caso-de-exito-en-las-catalinas\/\",\"name\":\"Obra de contenci\u00f3n en Costa Rica: caso de \u00e9xito en Las Catalinas\",\"isPartOf\":{\"@id\":\"https:\/\/www.maccaferri.com\/latam\/#website\"},\"primaryImageOfPage\":{\"@id\":\"https:\/\/www.maccaferri.com\/latam\/news\/obra-de-contencion-en-costa-rica-caso-de-exito-en-las-catalinas\/#primaryimage\"},\"image\":{\"@id\":\"https:\/\/www.maccaferri.com\/latam\/news\/obra-de-contencion-en-costa-rica-caso-de-exito-en-las-catalinas\/#primaryimage\"},\"thumbnailUrl\":\"https:\/\/www.maccaferri.com\/latam\/wp-content\/uploads\/2024\/06\/portada-noticia-3.jpg\",\"datePublished\":\"2024-06-11T14:27:01+00:00\",\"dateModified\":\"2025-07-09T19:50:20+00:00\",\"description\":\"Las obras de contenci\u00f3n en Costa Rica pueden plantear desaf\u00edos \u00fanicos debido a la topograf\u00eda irregular de algunas zonas.\",\"inLanguage\":\"es-ES\",\"potentialAction\":[{\"@type\":\"ReadAction\",\"target\":[\"https:\/\/www.maccaferri.com\/latam\/news\/obra-de-contencion-en-costa-rica-caso-de-exito-en-las-catalinas\/\"]}]},{\"@type\":\"ImageObject\",\"inLanguage\":\"es-ES\",\"@id\":\"https:\/\/www.maccaferri.com\/latam\/news\/obra-de-contencion-en-costa-rica-caso-de-exito-en-las-catalinas\/#primaryimage\",\"url\":\"https:\/\/www.maccaferri.com\/latam\/wp-content\/uploads\/2024\/06\/portada-noticia-3.jpg\",\"contentUrl\":\"https:\/\/www.maccaferri.com\/latam\/wp-content\/uploads\/2024\/06\/portada-noticia-3.jpg\",\"width\":1915,\"height\":530,\"caption\":\"Muro de suelo reforzado en costa rica\"},{\"@type\":\"WebSite\",\"@id\":\"https:\/\/www.maccaferri.com\/latam\/#website\",\"url\":\"https:\/\/www.maccaferri.com\/latam\/\",\"name\":\"Maccaferri Latam\",\"description\":\"\",\"publisher\":{\"@id\":\"https:\/\/www.maccaferri.com\/latam\/#organization\"},\"potentialAction\":[{\"@type\":\"SearchAction\",\"target\":{\"@type\":\"EntryPoint\",\"urlTemplate\":\"https:\/\/www.maccaferri.com\/latam\/?s={search_term_string}\"},\"query-input\":{\"@type\":\"PropertyValueSpecification\",\"valueRequired\":true,\"valueName\":\"search_term_string\"}}],\"inLanguage\":\"es-ES\"},{\"@type\":\"Organization\",\"@id\":\"https:\/\/www.maccaferri.com\/latam\/#organization\",\"name\":\"Maccaferri Latam\",\"url\":\"https:\/\/www.maccaferri.com\/latam\/\",\"logo\":{\"@type\":\"ImageObject\",\"inLanguage\":\"es-ES\",\"@id\":\"https:\/\/www.maccaferri.com\/latam\/#\/schema\/logo\/image\/\",\"url\":\"https:\/\/www.maccaferri.com\/latam\/wp-content\/uploads\/2022\/07\/logo-maccaferri.png\",\"contentUrl\":\"https:\/\/www.maccaferri.com\/latam\/wp-content\/uploads\/2022\/07\/logo-maccaferri.png\",\"width\":152,\"height\":32,\"caption\":\"Maccaferri Latam\"},\"image\":{\"@id\":\"https:\/\/www.maccaferri.com\/latam\/#\/schema\/logo\/image\/\"}},{\"@type\":\"Person\",\"@id\":\"https:\/\/www.maccaferri.com\/latam\/#\/schema\/person\/1cc5242c850b1a82437d89dd269e3fdb\",\"name\":\"Julio Justino\",\"image\":{\"@type\":\"ImageObject\",\"inLanguage\":\"es-ES\",\"@id\":\"https:\/\/www.maccaferri.com\/latam\/#\/schema\/person\/image\/\",\"url\":\"https:\/\/secure.gravatar.com\/avatar\/93dbe948e464e4f62c990406d99c1349568bc2647ece7d29d2efb11d31c5af94?s=96&d=mm&r=g\",\"contentUrl\":\"https:\/\/secure.gravatar.com\/avatar\/93dbe948e464e4f62c990406d99c1349568bc2647ece7d29d2efb11d31c5af94?s=96&d=mm&r=g\",\"caption\":\"Julio Justino\"}}]}<\/script>\n<!-- \/ Yoast SEO Premium plugin. -->","yoast_head_json":{"title":"Obra de contenci\u00f3n en Costa Rica: caso de \u00e9xito en Las Catalinas","description":"Las obras de contenci\u00f3n en Costa Rica pueden plantear desaf\u00edos \u00fanicos debido a la topograf\u00eda irregular de algunas zonas.","robots":{"index":"index","follow":"follow","max-snippet":"max-snippet:-1","max-image-preview":"max-image-preview:large","max-video-preview":"max-video-preview:-1"},"canonical":"https:\/\/www.maccaferri.com\/latam\/news\/obra-de-contencion-en-costa-rica-caso-de-exito-en-las-catalinas\/","og_locale":"es_ES","og_type":"article","og_title":"Obra de contenci\u00f3n en Costa Rica: caso de \u00e9xito en Las Catalinas","og_description":"Las obras de contenci\u00f3n en Costa Rica pueden plantear desaf\u00edos \u00fanicos debido a la topograf\u00eda irregular de algunas zonas.","og_url":"https:\/\/www.maccaferri.com\/latam\/news\/obra-de-contencion-en-costa-rica-caso-de-exito-en-las-catalinas\/","og_site_name":"Maccaferri Latam","article_published_time":"2024-06-11T14:27:01+00:00","article_modified_time":"2025-07-09T19:50:20+00:00","og_image":[{"width":1915,"height":530,"url":"https:\/\/www.maccaferri.com\/latam\/wp-content\/uploads\/2024\/06\/portada-noticia-3.jpg","type":"image\/jpeg"}],"author":"Julio Justino","twitter_card":"summary_large_image","twitter_misc":{"Written by":"Julio Justino","Est. reading time":"3 minutes"},"schema":{"@context":"https:\/\/schema.org","@graph":[{"@type":"Article","@id":"https:\/\/www.maccaferri.com\/latam\/news\/obra-de-contencion-en-costa-rica-caso-de-exito-en-las-catalinas\/#article","isPartOf":{"@id":"https:\/\/www.maccaferri.com\/latam\/news\/obra-de-contencion-en-costa-rica-caso-de-exito-en-las-catalinas\/"},"author":{"name":"Julio Justino","@id":"https:\/\/www.maccaferri.com\/latam\/#\/schema\/person\/1cc5242c850b1a82437d89dd269e3fdb"},"headline":"Muro de suelo reforzado para desarrollo tur\u00edstico costero en Costa Rica\u00a0","datePublished":"2024-06-11T14:27:01+00:00","dateModified":"2025-07-09T19:50:20+00:00","mainEntityOfPage":{"@id":"https:\/\/www.maccaferri.com\/latam\/news\/obra-de-contencion-en-costa-rica-caso-de-exito-en-las-catalinas\/"},"wordCount":584,"publisher":{"@id":"https:\/\/www.maccaferri.com\/latam\/#organization"},"image":{"@id":"https:\/\/www.maccaferri.com\/latam\/news\/obra-de-contencion-en-costa-rica-caso-de-exito-en-las-catalinas\/#primaryimage"},"thumbnailUrl":"https:\/\/www.maccaferri.com\/latam\/wp-content\/uploads\/2024\/06\/portada-noticia-3.jpg","articleSection":["News"],"inLanguage":"es-ES"},{"@type":"WebPage","@id":"https:\/\/www.maccaferri.com\/latam\/news\/obra-de-contencion-en-costa-rica-caso-de-exito-en-las-catalinas\/","url":"https:\/\/www.maccaferri.com\/latam\/news\/obra-de-contencion-en-costa-rica-caso-de-exito-en-las-catalinas\/","name":"Obra de contenci\u00f3n en Costa Rica: caso de \u00e9xito en Las Catalinas","isPartOf":{"@id":"https:\/\/www.maccaferri.com\/latam\/#website"},"primaryImageOfPage":{"@id":"https:\/\/www.maccaferri.com\/latam\/news\/obra-de-contencion-en-costa-rica-caso-de-exito-en-las-catalinas\/#primaryimage"},"image":{"@id":"https:\/\/www.maccaferri.com\/latam\/news\/obra-de-contencion-en-costa-rica-caso-de-exito-en-las-catalinas\/#primaryimage"},"thumbnailUrl":"https:\/\/www.maccaferri.com\/latam\/wp-content\/uploads\/2024\/06\/portada-noticia-3.jpg","datePublished":"2024-06-11T14:27:01+00:00","dateModified":"2025-07-09T19:50:20+00:00","description":"Las obras de contenci\u00f3n en Costa Rica pueden plantear desaf\u00edos \u00fanicos debido a la topograf\u00eda irregular de algunas zonas.","inLanguage":"es-ES","potentialAction":[{"@type":"ReadAction","target":["https:\/\/www.maccaferri.com\/latam\/news\/obra-de-contencion-en-costa-rica-caso-de-exito-en-las-catalinas\/"]}]},{"@type":"ImageObject","inLanguage":"es-ES","@id":"https:\/\/www.maccaferri.com\/latam\/news\/obra-de-contencion-en-costa-rica-caso-de-exito-en-las-catalinas\/#primaryimage","url":"https:\/\/www.maccaferri.com\/latam\/wp-content\/uploads\/2024\/06\/portada-noticia-3.jpg","contentUrl":"https:\/\/www.maccaferri.com\/latam\/wp-content\/uploads\/2024\/06\/portada-noticia-3.jpg","width":1915,"height":530,"caption":"Muro de suelo reforzado en costa rica"},{"@type":"WebSite","@id":"https:\/\/www.maccaferri.com\/latam\/#website","url":"https:\/\/www.maccaferri.com\/latam\/","name":"Maccaferri Latam","description":"","publisher":{"@id":"https:\/\/www.maccaferri.com\/latam\/#organization"},"potentialAction":[{"@type":"SearchAction","target":{"@type":"EntryPoint","urlTemplate":"https:\/\/www.maccaferri.com\/latam\/?s={search_term_string}"},"query-input":{"@type":"PropertyValueSpecification","valueRequired":true,"valueName":"search_term_string"}}],"inLanguage":"es-ES"},{"@type":"Organization","@id":"https:\/\/www.maccaferri.com\/latam\/#organization","name":"Maccaferri Latam","url":"https:\/\/www.maccaferri.com\/latam\/","logo":{"@type":"ImageObject","inLanguage":"es-ES","@id":"https:\/\/www.maccaferri.com\/latam\/#\/schema\/logo\/image\/","url":"https:\/\/www.maccaferri.com\/latam\/wp-content\/uploads\/2022\/07\/logo-maccaferri.png","contentUrl":"https:\/\/www.maccaferri.com\/latam\/wp-content\/uploads\/2022\/07\/logo-maccaferri.png","width":152,"height":32,"caption":"Maccaferri Latam"},"image":{"@id":"https:\/\/www.maccaferri.com\/latam\/#\/schema\/logo\/image\/"}},{"@type":"Person","@id":"https:\/\/www.maccaferri.com\/latam\/#\/schema\/person\/1cc5242c850b1a82437d89dd269e3fdb","name":"Julio Justino","image":{"@type":"ImageObject","inLanguage":"es-ES","@id":"https:\/\/www.maccaferri.com\/latam\/#\/schema\/person\/image\/","url":"https:\/\/secure.gravatar.com\/avatar\/93dbe948e464e4f62c990406d99c1349568bc2647ece7d29d2efb11d31c5af94?s=96&d=mm&r=g","contentUrl":"https:\/\/secure.gravatar.com\/avatar\/93dbe948e464e4f62c990406d99c1349568bc2647ece7d29d2efb11d31c5af94?s=96&d=mm&r=g","caption":"Julio Justino"}}]}},"_links":{"self":[{"href":"https:\/\/www.maccaferri.com\/latam\/wp-json\/wp\/v2\/posts\/59119","targetHints":{"allow":["GET"]}}],"collection":[{"href":"https:\/\/www.maccaferri.com\/latam\/wp-json\/wp\/v2\/posts"}],"about":[{"href":"https:\/\/www.maccaferri.com\/latam\/wp-json\/wp\/v2\/types\/post"}],"author":[{"embeddable":true,"href":"https:\/\/www.maccaferri.com\/latam\/wp-json\/wp\/v2\/users\/20"}],"replies":[{"embeddable":true,"href":"https:\/\/www.maccaferri.com\/latam\/wp-json\/wp\/v2\/comments?post=59119"}],"version-history":[{"count":4,"href":"https:\/\/www.maccaferri.com\/latam\/wp-json\/wp\/v2\/posts\/59119\/revisions"}],"predecessor-version":[{"id":73512,"href":"https:\/\/www.maccaferri.com\/latam\/wp-json\/wp\/v2\/posts\/59119\/revisions\/73512"}],"wp:featuredmedia":[{"embeddable":true,"href":"https:\/\/www.maccaferri.com\/latam\/wp-json\/wp\/v2\/media\/59125"}],"wp:attachment":[{"href":"https:\/\/www.maccaferri.com\/latam\/wp-json\/wp\/v2\/media?parent=59119"}],"wp:term":[{"taxonomy":"category","embeddable":true,"href":"https:\/\/www.maccaferri.com\/latam\/wp-json\/wp\/v2\/categories?post=59119"},{"taxonomy":"post_tag","embeddable":true,"href":"https:\/\/www.maccaferri.com\/latam\/wp-json\/wp\/v2\/tags?post=59119"}],"curies":[{"name":"wp","href":"https:\/\/api.w.org\/{rel}","templated":true}]}}