{"id":103903,"date":"2025-11-14T12:50:52","date_gmt":"2025-11-14T11:50:52","guid":{"rendered":"https:\/\/www.maccaferri.com\/it\/success-stories\/messa-in-sicurezza-versante-san-benedetto-belbo\/"},"modified":"2026-01-30T16:25:44","modified_gmt":"2026-01-30T15:25:44","slug":"messa-in-sicurezza-versante-san-benedetto-belbo","status":"publish","type":"stories","link":"https:\/\/www.maccaferri.com\/it\/storie-di-successo\/messa-in-sicurezza-versante-san-benedetto-belbo\/","title":{"rendered":"MESSA IN SICUREZZA VERSANTE SAN BENEDETTO BELBO"},"content":{"rendered":"<div class=\"container-fluid carousel-image-gallery\">\n        <div class=\"row\">\n            <div id=\"carouselImageblock_63ae097fdffd7\" class=\"carousel slide carouselImageGallery\" data-bs-ride=\"carousel\">\n                <!-- \/\/ Indicators -->\n                <ol class=\"carousel-indicators\">\n                                            <li data-bs-target=\"#carouselImageblock_63ae097fdffd7\" data-bs-slide-to=\"0\" class=\"active\" aria-current=\"true\" aria-label=\"Slide\"><\/li>\n                                            <li data-bs-target=\"#carouselImageblock_63ae097fdffd7\" data-bs-slide-to=\"1\" class=\"\" aria-current=\"true\" aria-label=\"Slide\"><\/li>\n                                            <li data-bs-target=\"#carouselImageblock_63ae097fdffd7\" data-bs-slide-to=\"2\" class=\"\" aria-current=\"true\" aria-label=\"Slide\"><\/li>\n                                            <li data-bs-target=\"#carouselImageblock_63ae097fdffd7\" data-bs-slide-to=\"3\" class=\"\" aria-current=\"true\" aria-label=\"Slide\"><\/li>\n                                            <li data-bs-target=\"#carouselImageblock_63ae097fdffd7\" data-bs-slide-to=\"4\" class=\"\" aria-current=\"true\" aria-label=\"Slide\"><\/li>\n                                            <li data-bs-target=\"#carouselImageblock_63ae097fdffd7\" data-bs-slide-to=\"5\" class=\"\" aria-current=\"true\" aria-label=\"Slide\"><\/li>\n                                    <\/ol>\n\n                <div class=\"carousel-inner container\" role=\"listbox\">\n                                            <div class=\"carousel-item active\">\n                        <div class=\"col-12 col-lg-4 col-xl-4 col-xxl-4 space-mobile\">\n                            <div class=\"grid-item-wrapper\">\n                                <div class=\"img-responsive-wrapper\">\n                                    <div class=\"img-responsive\">\n                                        <div class=\"img-wrapper\"><img decoding=\"async\" src=\"https:\/\/www.maccaferri.com\/it\/wp-content\/uploads\/2024\/03\/2623_dwg\" alt=\"\" \/><\/div>\n                                    <\/div>\n                                <\/div>\n                                <div class=\"griditem-text-wrapper text-center\">\n                                    <p class=\"griditem-text text-center\">PLANIMETRIA INTERVENTO<\/p>\n                   \n                                <\/div>\n                            <\/div>\n                        <\/div>\n                        <\/div>\n                                            <div class=\"carousel-item \">\n                        <div class=\"col-12 col-lg-4 col-xl-4 col-xxl-4 space-mobile\">\n                            <div class=\"grid-item-wrapper\">\n                                <div class=\"img-responsive-wrapper\">\n                                    <div class=\"img-responsive\">\n                                        <div class=\"img-wrapper\"><img decoding=\"async\" src=\"https:\/\/www.maccaferri.com\/it\/wp-content\/uploads\/2024\/03\/2623_1\" alt=\"\" \/><\/div>\n                                    <\/div>\n                                <\/div>\n                                <div class=\"griditem-text-wrapper text-center\">\n                                    <p class=\"griditem-text text-center\">INIZIO APERTURA SCAVO<\/p>\n                   \n                                <\/div>\n                            <\/div>\n                        <\/div>\n                        <\/div>\n                                            <div class=\"carousel-item \">\n                        <div class=\"col-12 col-lg-4 col-xl-4 col-xxl-4 space-mobile\">\n                            <div class=\"grid-item-wrapper\">\n                                <div class=\"img-responsive-wrapper\">\n                                    <div class=\"img-responsive\">\n                                        <div class=\"img-wrapper\"><img decoding=\"async\" src=\"https:\/\/www.maccaferri.com\/it\/wp-content\/uploads\/2024\/03\/2623_2\" alt=\"\" \/><\/div>\n                                    <\/div>\n                                <\/div>\n                                <div class=\"griditem-text-wrapper text-center\">\n                                    <p class=\"griditem-text text-center\">POSA LINEA DRENANTE PRINCIPALE<\/p>\n                   \n                                <\/div>\n                            <\/div>\n                        <\/div>\n                        <\/div>\n                                            <div class=\"carousel-item \">\n                        <div class=\"col-12 col-lg-4 col-xl-4 col-xxl-4 space-mobile\">\n                            <div class=\"grid-item-wrapper\">\n                                <div class=\"img-responsive-wrapper\">\n                                    <div class=\"img-responsive\">\n                                        <div class=\"img-wrapper\"><img decoding=\"async\" src=\"https:\/\/www.maccaferri.com\/it\/wp-content\/uploads\/2024\/03\/2623_3\" alt=\"\" \/><\/div>\n                                    <\/div>\n                                <\/div>\n                                <div class=\"griditem-text-wrapper text-center\">\n                                    <p class=\"griditem-text text-center\">DETTAGLIO POZZETTI DI COLLEGAMENTO IN C.A. <\/p>\n                   \n                                <\/div>\n                            <\/div>\n                        <\/div>\n                        <\/div>\n                                            <div class=\"carousel-item \">\n                        <div class=\"col-12 col-lg-4 col-xl-4 col-xxl-4 space-mobile\">\n                            <div class=\"grid-item-wrapper\">\n                                <div class=\"img-responsive-wrapper\">\n                                    <div class=\"img-responsive\">\n                                        <div class=\"img-wrapper\"><img decoding=\"async\" src=\"https:\/\/www.maccaferri.com\/it\/wp-content\/uploads\/2024\/03\/2623_4\" alt=\"\" \/><\/div>\n                                    <\/div>\n                                <\/div>\n                                <div class=\"griditem-text-wrapper text-center\">\n                                    <p class=\"griditem-text text-center\">POSA SECONDO LIVELLO TRINCEA DRENANTE<\/p>\n                   \n                                <\/div>\n                            <\/div>\n                        <\/div>\n                        <\/div>\n                                            <div class=\"carousel-item \">\n                        <div class=\"col-12 col-lg-4 col-xl-4 col-xxl-4 space-mobile\">\n                            <div class=\"grid-item-wrapper\">\n                                <div class=\"img-responsive-wrapper\">\n                                    <div class=\"img-responsive\">\n                                        <div class=\"img-wrapper\"><img decoding=\"async\" src=\"https:\/\/www.maccaferri.com\/it\/wp-content\/uploads\/2024\/03\/2623_5\" alt=\"\" \/><\/div>\n                                    <\/div>\n                                <\/div>\n                                <div class=\"griditem-text-wrapper text-center\">\n                                    <p class=\"griditem-text text-center\">ULTIMAZIONE LINEA DRENANTE PRINCIPALE<\/p>\n                   \n                                <\/div>\n                            <\/div>\n                        <\/div>\n                        <\/div>\n                                    <\/div>\n            <\/div>\n\n        <\/div>\n    <\/div><div class=\"container-full text-bocolor-block-white\">\n        <div class=\"row\">\n        <div class=\"col-12\">\n            <div class=\"container box-container\">\n                <div class=\"row\">\n                    <div class=\"col-12\">\n                        <h3>Challenge<\/h3>\n                    <\/div>\n                <\/div>\n            <\/div>\n        <\/div>    \n    <\/div>\n        <div class=\"row\">\n        <div class=\"col-12\">\n            <div class=\"container box-container\">\n                <div class=\"row\">\n                    <div class=\"col-12 content\">\n                        <p><span style=background-color: rgb(255, 255, 255);>L\u2019intervento, situato nel Comune di San Benedetto Belbo in provincia di Cuneo (Piemonte), ha come scopo la messa in sicurezza del versante in localit\u00e0 C\u00e0 di L\u00f9 a protezione della frazione Monastero attraverso un intervento di consolidamento dell&#8217;area.<\/span><\/p>\n                    <\/div>\n                <\/div>\n            <\/div>\n        <\/div>\n    <\/div>\n    <\/div>\n<div class=\"container-full text-bocolor-block-green\">\n        <div class=\"row\">\n        <div class=\"col-12\">\n            <div class=\"container box-container\">\n                <div class=\"row\">\n                    <div class=\"col-12\">\n                        <h3>Solution<\/h3>\n                    <\/div>\n                <\/div>\n            <\/div>\n        <\/div>    \n    <\/div>\n        <div class=\"row\">\n        <div class=\"col-12\">\n            <div class=\"container box-container\">\n                <div class=\"row\">\n                    <div class=\"col-12 content\">\n                        <p>Le opere previste per il consolidamento del versante sono state rivolte al drenaggio del pendio.<\/p>\n<p><\/p>\n<p>I lavori hanno previsto la realizzazione complessiva di 250 metri lineari di drenaggi organizzati con un asse principale.<\/p>\n<p><\/p>\n<p>La profondit\u00e0 di imposta dei dreni va da -2,50m da P.C. a   -3,00m da P.C.<\/p>\n<p><\/p>\n<p>Le trincee di scavo per l\u2019alloggiamento dei pannelli GABBIODREN sono state in gran parte realizzate a sezione obbligata con base di larghezza di circa 0,50m<\/p>\n<p>corrispondente alla larghezza della benna del mezzo che ha eseguito lo scavo.<\/p>\n<p><\/p>\n<p>La linea drenante scarica poi in un pozzetto di raccolta delle acque.<\/p>\n                    <\/div>\n                <\/div>\n            <\/div>\n        <\/div>\n    <\/div>\n    <\/div><div class=\"wp-block-mac-container-block box-container\"><div class=\"container\"><h2>Used Products<\/h2><div class=\"row\"><div class=\"col-12 col-sm-12 col-md-12 col-lg-3 col-xl-3 col-xxl-3\"><div class=\"wp-block-mac-card-new-block block-latest-news-container\"><div class=\"card\"><div class=\"content-images\"><img decoding=\"async\" class=\"box-image\" src=\"https:\/\/www.maccaferri.com\/it\/wp-content\/uploads\/2024\/07\/Gabion_product_header.jpg\" alt=\"Gabbioni\" title=\"Gabbioni\" \/><\/div><div class=\"card-body\"><h6>Gabbioni<\/h6><span class=\"abstract\"><\/span><a href=\"https:\/\/www.maccaferri.com\/it\/prodotti\/gabbioni\/\" class=\"cta\" rel=\"noopener\" title=\"Gabbioni\">Visualizza\n                           <span class=\"text\" value=\"\" \/>\n                           <\/a><div data-post-id=\"103555\" class=\"star \" title=\"Aggiungi ai Preferiti\"><span class=\"material-symbols-rounded starrate\">star<\/span><\/div><\/div><\/div><\/div><\/div><\/div><\/div><\/div><!--usedproducts-->","protected":false},"excerpt":{"rendered":"<p>Le opere previste per il consolidamento del versante sono state rivolte al drenaggio del pendio.I lavori hanno previsto la realizzazione complessiva d<\/p>\n","protected":false},"featured_media":61405,"parent":0,"menu_order":0,"template":"","stories-category":[],"stories-tag":[],"class_list":["post-103903","stories","type-stories","status-publish","has-post-thumbnail","hentry"],"acf":{"products":[103555],"applications":[100444,100444],"solutions":[100558],"sectors":[100363]},"yoast_head":"<!-- This site is optimized with the Yoast SEO Premium plugin v27.0 (Yoast SEO v27.0) - https:\/\/yoast.com\/product\/yoast-seo-premium-wordpress\/ -->\n<title>MESSA IN SICUREZZA VERSANTE SAN BENEDETTO BELBO - Maccaferri Italia<\/title>\n<meta name=\"description\" content=\"Esplora le nostre Storie di Successo:MESSA IN SICUREZZA VERSANTE SAN BENEDETTO BELBO. Dalle sfide alle soluzioni, scopri come abbiamo aiutato i nostri clienti a raggiungere i loro obbiettivi.\" \/>\n<meta name=\"robots\" content=\"index, follow, max-snippet:-1, max-image-preview:large, max-video-preview:-1\" \/>\n<link rel=\"canonical\" href=\"https:\/\/www.maccaferri.com\/it\/storie-di-successo\/messa-in-sicurezza-versante-san-benedetto-belbo\/\" \/>\n<meta property=\"og:locale\" content=\"it_IT\" \/>\n<meta property=\"og:type\" content=\"article\" \/>\n<meta property=\"og:title\" content=\"MESSA IN SICUREZZA VERSANTE SAN BENEDETTO BELBO\" \/>\n<meta property=\"og:description\" content=\"Esplora le nostre Storie di Successo:MESSA IN SICUREZZA VERSANTE SAN BENEDETTO BELBO. Dalle sfide alle soluzioni, scopri come abbiamo aiutato i nostri clienti a raggiungere i loro obbiettivi.\" \/>\n<meta property=\"og:url\" content=\"https:\/\/www.maccaferri.com\/it\/storie-di-successo\/messa-in-sicurezza-versante-san-benedetto-belbo\/\" \/>\n<meta property=\"og:site_name\" content=\"Maccaferri Italia\" \/>\n<meta property=\"article:modified_time\" content=\"2026-01-30T15:25:44+00:00\" \/>\n<meta property=\"og:image\" content=\"https:\/\/www.maccaferri.com\/it\/wp-content\/uploads\/2024\/03\/2623_2\" \/>\n\t<meta property=\"og:image:width\" content=\"1200\" \/>\n\t<meta property=\"og:image:height\" content=\"826\" \/>\n\t<meta property=\"og:image:type\" content=\"image\/jpeg\" \/>\n<meta name=\"twitter:card\" content=\"summary_large_image\" \/>\n<script type=\"application\/ld+json\" class=\"yoast-schema-graph\">{\"@context\":\"https:\/\/schema.org\",\"@graph\":[{\"@type\":\"WebPage\",\"@id\":\"https:\/\/www.maccaferri.com\/it\/storie-di-successo\/messa-in-sicurezza-versante-san-benedetto-belbo\/\",\"url\":\"https:\/\/www.maccaferri.com\/it\/storie-di-successo\/messa-in-sicurezza-versante-san-benedetto-belbo\/\",\"name\":\"MESSA IN SICUREZZA VERSANTE SAN BENEDETTO BELBO - Maccaferri Italia\",\"isPartOf\":{\"@id\":\"https:\/\/www.maccaferri.com\/it\/#website\"},\"primaryImageOfPage\":{\"@id\":\"https:\/\/www.maccaferri.com\/it\/storie-di-successo\/messa-in-sicurezza-versante-san-benedetto-belbo\/#primaryimage\"},\"image\":{\"@id\":\"https:\/\/www.maccaferri.com\/it\/storie-di-successo\/messa-in-sicurezza-versante-san-benedetto-belbo\/#primaryimage\"},\"thumbnailUrl\":\"https:\/\/www.maccaferri.com\/it\/wp-content\/uploads\/2024\/03\/2623_2\",\"datePublished\":\"2025-11-14T11:50:52+00:00\",\"dateModified\":\"2026-01-30T15:25:44+00:00\",\"description\":\"Esplora le nostre Storie di Successo:MESSA IN SICUREZZA VERSANTE SAN BENEDETTO BELBO. Dalle sfide alle soluzioni, scopri come abbiamo aiutato i nostri clienti a raggiungere i loro obbiettivi.\",\"breadcrumb\":{\"@id\":\"https:\/\/www.maccaferri.com\/it\/storie-di-successo\/messa-in-sicurezza-versante-san-benedetto-belbo\/#breadcrumb\"},\"inLanguage\":\"it-IT\",\"potentialAction\":[{\"@type\":\"ReadAction\",\"target\":[\"https:\/\/www.maccaferri.com\/it\/storie-di-successo\/messa-in-sicurezza-versante-san-benedetto-belbo\/\"]}]},{\"@type\":\"ImageObject\",\"inLanguage\":\"it-IT\",\"@id\":\"https:\/\/www.maccaferri.com\/it\/storie-di-successo\/messa-in-sicurezza-versante-san-benedetto-belbo\/#primaryimage\",\"url\":\"https:\/\/www.maccaferri.com\/it\/wp-content\/uploads\/2024\/03\/2623_2\",\"contentUrl\":\"https:\/\/www.maccaferri.com\/it\/wp-content\/uploads\/2024\/03\/2623_2\",\"width\":1200,\"height\":826,\"caption\":\"POSA LINEA DRENANTE PRINCIPALE\"},{\"@type\":\"BreadcrumbList\",\"@id\":\"https:\/\/www.maccaferri.com\/it\/storie-di-successo\/messa-in-sicurezza-versante-san-benedetto-belbo\/#breadcrumb\",\"itemListElement\":[{\"@type\":\"ListItem\",\"position\":1,\"name\":\"Home\",\"item\":\"https:\/\/www.maccaferri.com\/it\/\"},{\"@type\":\"ListItem\",\"position\":2,\"name\":\"Stories\",\"item\":\"https:\/\/www.maccaferri.com\/it\/stories\/\"},{\"@type\":\"ListItem\",\"position\":3,\"name\":\"MESSA IN SICUREZZA VERSANTE SAN BENEDETTO BELBO\"}]},{\"@type\":\"WebSite\",\"@id\":\"https:\/\/www.maccaferri.com\/it\/#website\",\"url\":\"https:\/\/www.maccaferri.com\/it\/\",\"name\":\"Maccaferri Italia\",\"description\":\"\",\"publisher\":{\"@id\":\"https:\/\/www.maccaferri.com\/it\/#organization\"},\"potentialAction\":[{\"@type\":\"SearchAction\",\"target\":{\"@type\":\"EntryPoint\",\"urlTemplate\":\"https:\/\/www.maccaferri.com\/it\/?s={search_term_string}\"},\"query-input\":{\"@type\":\"PropertyValueSpecification\",\"valueRequired\":true,\"valueName\":\"search_term_string\"}}],\"inLanguage\":\"it-IT\"},{\"@type\":\"Organization\",\"@id\":\"https:\/\/www.maccaferri.com\/it\/#organization\",\"name\":\"Maccaferri Italia\",\"url\":\"https:\/\/www.maccaferri.com\/it\/\",\"logo\":{\"@type\":\"ImageObject\",\"inLanguage\":\"it-IT\",\"@id\":\"https:\/\/www.maccaferri.com\/it\/#\/schema\/logo\/image\/\",\"url\":\"https:\/\/www.maccaferri.com\/it\/wp-content\/uploads\/2022\/07\/logo-maccaferri.png\",\"contentUrl\":\"https:\/\/www.maccaferri.com\/it\/wp-content\/uploads\/2022\/07\/logo-maccaferri.png\",\"width\":152,\"height\":32,\"caption\":\"Maccaferri Italia\"},\"image\":{\"@id\":\"https:\/\/www.maccaferri.com\/it\/#\/schema\/logo\/image\/\"}}]}<\/script>\n<!-- \/ Yoast SEO Premium plugin. -->","yoast_head_json":{"title":"MESSA IN SICUREZZA VERSANTE SAN BENEDETTO BELBO - Maccaferri Italia","description":"Esplora le nostre Storie di Successo:MESSA IN SICUREZZA VERSANTE SAN BENEDETTO BELBO. Dalle sfide alle soluzioni, scopri come abbiamo aiutato i nostri clienti a raggiungere i loro obbiettivi.","robots":{"index":"index","follow":"follow","max-snippet":"max-snippet:-1","max-image-preview":"max-image-preview:large","max-video-preview":"max-video-preview:-1"},"canonical":"https:\/\/www.maccaferri.com\/it\/storie-di-successo\/messa-in-sicurezza-versante-san-benedetto-belbo\/","og_locale":"it_IT","og_type":"article","og_title":"MESSA IN SICUREZZA VERSANTE SAN BENEDETTO BELBO","og_description":"Esplora le nostre Storie di Successo:MESSA IN SICUREZZA VERSANTE SAN BENEDETTO BELBO. Dalle sfide alle soluzioni, scopri come abbiamo aiutato i nostri clienti a raggiungere i loro obbiettivi.","og_url":"https:\/\/www.maccaferri.com\/it\/storie-di-successo\/messa-in-sicurezza-versante-san-benedetto-belbo\/","og_site_name":"Maccaferri Italia","article_modified_time":"2026-01-30T15:25:44+00:00","og_image":[{"width":1200,"height":826,"url":"https:\/\/www.maccaferri.com\/it\/wp-content\/uploads\/2024\/03\/2623_2","type":"image\/jpeg"}],"twitter_card":"summary_large_image","schema":{"@context":"https:\/\/schema.org","@graph":[{"@type":"WebPage","@id":"https:\/\/www.maccaferri.com\/it\/storie-di-successo\/messa-in-sicurezza-versante-san-benedetto-belbo\/","url":"https:\/\/www.maccaferri.com\/it\/storie-di-successo\/messa-in-sicurezza-versante-san-benedetto-belbo\/","name":"MESSA IN SICUREZZA VERSANTE SAN BENEDETTO BELBO - Maccaferri Italia","isPartOf":{"@id":"https:\/\/www.maccaferri.com\/it\/#website"},"primaryImageOfPage":{"@id":"https:\/\/www.maccaferri.com\/it\/storie-di-successo\/messa-in-sicurezza-versante-san-benedetto-belbo\/#primaryimage"},"image":{"@id":"https:\/\/www.maccaferri.com\/it\/storie-di-successo\/messa-in-sicurezza-versante-san-benedetto-belbo\/#primaryimage"},"thumbnailUrl":"https:\/\/www.maccaferri.com\/it\/wp-content\/uploads\/2024\/03\/2623_2","datePublished":"2025-11-14T11:50:52+00:00","dateModified":"2026-01-30T15:25:44+00:00","description":"Esplora le nostre Storie di Successo:MESSA IN SICUREZZA VERSANTE SAN BENEDETTO BELBO. Dalle sfide alle soluzioni, scopri come abbiamo aiutato i nostri clienti a raggiungere i loro obbiettivi.","breadcrumb":{"@id":"https:\/\/www.maccaferri.com\/it\/storie-di-successo\/messa-in-sicurezza-versante-san-benedetto-belbo\/#breadcrumb"},"inLanguage":"it-IT","potentialAction":[{"@type":"ReadAction","target":["https:\/\/www.maccaferri.com\/it\/storie-di-successo\/messa-in-sicurezza-versante-san-benedetto-belbo\/"]}]},{"@type":"ImageObject","inLanguage":"it-IT","@id":"https:\/\/www.maccaferri.com\/it\/storie-di-successo\/messa-in-sicurezza-versante-san-benedetto-belbo\/#primaryimage","url":"https:\/\/www.maccaferri.com\/it\/wp-content\/uploads\/2024\/03\/2623_2","contentUrl":"https:\/\/www.maccaferri.com\/it\/wp-content\/uploads\/2024\/03\/2623_2","width":1200,"height":826,"caption":"POSA LINEA DRENANTE PRINCIPALE"},{"@type":"BreadcrumbList","@id":"https:\/\/www.maccaferri.com\/it\/storie-di-successo\/messa-in-sicurezza-versante-san-benedetto-belbo\/#breadcrumb","itemListElement":[{"@type":"ListItem","position":1,"name":"Home","item":"https:\/\/www.maccaferri.com\/it\/"},{"@type":"ListItem","position":2,"name":"Stories","item":"https:\/\/www.maccaferri.com\/it\/stories\/"},{"@type":"ListItem","position":3,"name":"MESSA IN SICUREZZA VERSANTE SAN BENEDETTO BELBO"}]},{"@type":"WebSite","@id":"https:\/\/www.maccaferri.com\/it\/#website","url":"https:\/\/www.maccaferri.com\/it\/","name":"Maccaferri Italia","description":"","publisher":{"@id":"https:\/\/www.maccaferri.com\/it\/#organization"},"potentialAction":[{"@type":"SearchAction","target":{"@type":"EntryPoint","urlTemplate":"https:\/\/www.maccaferri.com\/it\/?s={search_term_string}"},"query-input":{"@type":"PropertyValueSpecification","valueRequired":true,"valueName":"search_term_string"}}],"inLanguage":"it-IT"},{"@type":"Organization","@id":"https:\/\/www.maccaferri.com\/it\/#organization","name":"Maccaferri Italia","url":"https:\/\/www.maccaferri.com\/it\/","logo":{"@type":"ImageObject","inLanguage":"it-IT","@id":"https:\/\/www.maccaferri.com\/it\/#\/schema\/logo\/image\/","url":"https:\/\/www.maccaferri.com\/it\/wp-content\/uploads\/2022\/07\/logo-maccaferri.png","contentUrl":"https:\/\/www.maccaferri.com\/it\/wp-content\/uploads\/2022\/07\/logo-maccaferri.png","width":152,"height":32,"caption":"Maccaferri Italia"},"image":{"@id":"https:\/\/www.maccaferri.com\/it\/#\/schema\/logo\/image\/"}}]}},"_links":{"self":[{"href":"https:\/\/www.maccaferri.com\/it\/wp-json\/wp\/v2\/stories\/103903","targetHints":{"allow":["GET"]}}],"collection":[{"href":"https:\/\/www.maccaferri.com\/it\/wp-json\/wp\/v2\/stories"}],"about":[{"href":"https:\/\/www.maccaferri.com\/it\/wp-json\/wp\/v2\/types\/stories"}],"acf:post":[{"embeddable":true,"href":"https:\/\/www.maccaferri.com\/it\/wp-json\/wp\/v2\/sectors\/100363"},{"embeddable":true,"href":"https:\/\/www.maccaferri.com\/it\/wp-json\/wp\/v2\/solution\/100558"},{"embeddable":true,"href":"https:\/\/www.maccaferri.com\/it\/wp-json\/wp\/v2\/application\/100444"},{"embeddable":true,"href":"https:\/\/www.maccaferri.com\/it\/wp-json\/wp\/v2\/prodotti\/103555"}],"wp:featuredmedia":[{"embeddable":true,"href":"https:\/\/www.maccaferri.com\/it\/wp-json\/wp\/v2\/media\/61405"}],"wp:attachment":[{"href":"https:\/\/www.maccaferri.com\/it\/wp-json\/wp\/v2\/media?parent=103903"}],"wp:term":[{"taxonomy":"stories-category","embeddable":true,"href":"https:\/\/www.maccaferri.com\/it\/wp-json\/wp\/v2\/stories-category?post=103903"},{"taxonomy":"stories-tag","embeddable":true,"href":"https:\/\/www.maccaferri.com\/it\/wp-json\/wp\/v2\/stories-tag?post=103903"}],"curies":[{"name":"wp","href":"https:\/\/api.w.org\/{rel}","templated":true}]}}