{"id":105963,"date":"2026-01-28T17:49:27","date_gmt":"2026-01-28T16:49:27","guid":{"rendered":"https:\/\/www.maccaferri.com\/it\/?p=105963"},"modified":"2026-01-28T19:11:01","modified_gmt":"2026-01-28T18:11:01","slug":"maccaferri-futura-presenta-la-squadra-e-il-programma-sportivo-per-il-2026-il-progetto-accelera-e-punta-sempre-piu-in-alto","status":"publish","type":"post","link":"https:\/\/www.maccaferri.com\/it\/news\/maccaferri-futura-presenta-la-squadra-e-il-programma-sportivo-per-il-2026-il-progetto-accelera-e-punta-sempre-piu-in-alto\/","title":{"rendered":"Maccaferri Futura presenta la squadra e il programma sportivo per il 2026: il progetto accelera e punta sempre pi\u00f9 in alto"},"content":{"rendered":"<div class=\"wp-block-mac-container-block box-container\"><div class=\"wp-block-columns is-layout-flex wp-container-core-columns-is-layout-9d6595d7 wp-block-columns-is-layout-flex\"><div class=\"wp-block-column is-layout-flow wp-block-column-is-layout-flow\"><p>Un percorso fatto di scelte ambiziose, visione e spirito di squadra. \u00c8 su questi pilastri che si fonda la stagione sportiva 2026 di Maccaferri Futura, il progetto Class 40 di Officine Maccaferri realizzato insieme al velista oceanico Luca Rosetti. I nuovi ingressi nel team e il calendario delle regate sono stati presentati questo pomeriggio alla stampa e ai partner nella cornice di Duomo18, nel corso di un incontro moderato dall\u2019editorialista di Sky Sport Giovanni Bruno.<\/p>\n\n<p>Per la nuova stagione, Officine Maccaferri ha scelto di imprimere una forte accelerazione al progetto, partendo dal rafforzamento del team sportivo con l\u2019obiettivo di alzare in modo significativo il livello delle performance. \u00c8 in questo contesto che si inserisce l\u2019ingresso di <strong>Francesco \u201cChecco\u201d Bruni<\/strong> e <strong>Alberto Bona<\/strong>, due figure di riferimento della vela internazionale, chiamate a portare esperienza, metodo e competenze specialistiche per l\u2019ulteriore sviluppo sportivo e tecnico di Maccaferri Futura.<\/p>\n\n<p>Sergio Iasi, Presidente di Officine Maccaferri, ha aperto cos\u00ec la presentazione: \u201c<em>Giorno dopo giorno, noi di Maccaferri sosteniamo Futura creando le condizioni migliori perch\u00e9 Luca e il team possano lavorare al meglio e raggiungere risultati sempre pi\u00f9 ambiziosi. Oggi questo progetto pu\u00f2 contare su una squadra ancora pi\u00f9 completa grazie a Checco e ad Alberto, con il supporto costante di un gruppo che condivide obiettivi, metodo e responsabilit\u00e0, anche a terra. Per noi Futura incarna l\u2019ambizione di Officine Maccaferri di rafforzare e consolidare la propria leadership nel lungo periodo, attraverso investimenti mirati, competenze solide e una visione chiara delle sfide future<\/em>\u201d.<\/p>\n\n<p>A fargli eco Luca Rosetti, skipper di Futura: \u201c<em>Il lavoro fatto nel 2025 \u00e8 stato fondamentale perch\u00e9 ci ha permesso di costruire basi solide e di capire fino a dove possiamo spingerci con Futura. Il 2026 sar\u00e0 una stagione intensa e di confronto ad alto livello, ma oggi possiamo affrontarla con maggiore consapevolezza e fiducia. Sapere di avere alle spalle un team pi\u00f9 forte e strutturato fa la differenza quando si tratta di spingerci oltre i limiti<\/em>\u201d.<\/p>\n\n<p>Gi\u00e0 annunciato come parte del progetto, <strong>Checco Bruni<\/strong> lavorer\u00e0 a stretto contatto con Rosetti e con il team sulla preparazione, sulla conduzione e sulle decisioni in regata, portando in barca un\u2019esperienza costruita ai massimi livelli della competizione internazionale. Bruni sar\u00e0 parte attiva della vita di bordo, tra allenamenti e regate, contribuendo ad alzare il ritmo in ogni fase della stagione.<\/p>\n\n<p>\u201cEntrare in Maccaferri Futura significa condividere un progetto che ha ambizioni chiare e un approccio molto concreto\u201d, ha commentato Checco Bruni. \u201cC\u2019\u00e8 una barca con grande potenziale e un team strutturato che vuole lavorare bene, in mare e a terra. Non vedo l\u2019ora di iniziare a navigare e di mettermi al lavoro insieme a Luca e alla squadra, portando la mia esperienza per spingere sulla performance e affrontare una stagione che sar\u00e0 molto competitiva\u201d.<\/p>\n\n<p><strong>Alberto Bona<\/strong> ricoprir\u00e0 il ruolo di Performance Specialist, affiancando Rosetti e il team nella preparazione di una stagione che si prospetta particolarmente ambiziosa: non solo aiutando a sviluppare una barca veloce ed affidabile ma anche lavorando a stretto contatto con Luca su tutti i dettagli in vista della preparazione alla Route du Rhum. Navigatore affermato nel panorama della vela oceanica internazionale, Bona porta nel progetto un\u2019esperienza maturata nelle regate offshore pi\u00f9 lunghe e tecniche, costruita sia nelle classi oceaniche in solitario sia nei circuiti ad altissima competitivit\u00e0.<\/p>\n\n<p>\u201c<em>Sono molto felice di avere ricevuto questa chiamata per saltare a bordo del progetto Maccaferri Futura! Per me \u00e8 una nuova avventura e un cambio di prospettiva importante e sono molto motivato per portare il mio contributo. Luca ha uno sponsor importante, un\u2019ottima barca, ha tutte le carte in regola per fare bene. Il mio contributo sar\u00e0 pi\u00f9 focalizzato sulla preparazione dello skipper con un supporto alla performance individuale: la Rotta del Rhum \u00e8 un evento molto importante, la chiave sar\u00e0 arrivare pronti e in grado di sfruttare al 100% le performance della barca<\/em>\u201d, ha aggiunto Alberto Bona.<\/p>\n\n<p>Maccaferri Futura \u00e8 il risultato di un lavoro di squadra che va ben oltre chi \u00e8 a bordo: \u00e8 un progetto corale che unisce competenze sportive, tecniche e organizzative, supportato da una struttura a terra qualificata. Al fianco dello skipper ci sono Giulia Albuzio, che in qualit\u00e0 di Team Principal gestisce lo sviluppo del progetto in coerenza con gli obiettivi strategici e i temi di sostenibilit\u00e0; Paolo Bertazzoni, Resident Manager, che gestisce l\u2019area sportiva e tecnico-velica e la logistica del team; e Ya\u00ebl Poupon, Boat Captain, figura chiave nella gestione operativa quotidiana dell\u2019imbarcazione.<\/p>\n\n<p><strong>Un calendario ambizioso, con la Route du Rhum e il Campionato Class 40 come traguardi<\/strong><\/p>\n\n<p>Il programma sportivo di Maccaferri Futura si articola su un calendario di alto profilo, che prender\u00e0 il via ad aprile con la <strong>Spi Ouest-France Banque Populaire Grand Ouest<\/strong>, seguita da<strong> La Trin\u201940<\/strong> e dall\u2019<strong>Armen Race<\/strong> a met\u00e0 maggio. La stagione proseguir\u00e0 poi con alcuni degli appuntamenti offshore pi\u00f9 impegnativi del circuito, dalla<strong> CIC Normandy Channel Race<\/strong> alla <strong>Round Ireland Race<\/strong>, fino alla <strong>Drheam Cup<\/strong> nel mese di luglio. Il momento chiave dell\u2019anno sar\u00e0 infine la <strong>Route du Rhum \u2013 Destination Guadeloupe<\/strong>, in programma dal 1\u00b0 novembre, una traversata atlantica in solitario di oltre 3.500 miglia nautiche da Saint-Malo a Pointe-\u00e0-Pitre che rappresenta una prova in cui convergono preparazione tecnica, scelte di assetto, gestione della performance nel lungo periodo e capacit\u00e0 decisionale in condizioni oceaniche complesse.<\/p>\n\n<p>In preparazione a un calendario cos\u00ec intenso, il team partir\u00e0 per le prime sessioni di allenamento a Cascais tra febbraio e marzo, con il coinvolgimento diretto di Bruni e Bona, per lavorare in modo approfondito su conduzione, assetti e velocit\u00e0. Maccaferri Futura si prepara cos\u00ec ad affrontare una nuova fase del proprio percorso, con l\u2019obiettivo di confrontarsi con i migliori team della classe ed essere stabilmente tra i protagonisti del circuito.<\/p>\n\n<div style=\"height:100px\" aria-hidden=\"true\" class=\"wp-block-spacer\"><\/div><\/div><\/div><\/div>","protected":false},"excerpt":{"rendered":"<p>Il 2026 sar\u00e0 una stagione di forte spinta, con la Route du Rhum e il Campionato Class 40 come obiettivi chiave.<\/p>\n<p>Insieme a Francesco Bruni, entra nel team anche il velista oceanico Alberto Bona come Performance Specialist.<\/p>\n","protected":false},"author":2,"featured_media":105969,"comment_status":"closed","ping_status":"closed","sticky":false,"template":"","format":"standard","meta":{"_acf_changed":false,"_joinchat":[],"footnotes":""},"categories":[1],"tags":[],"class_list":["post-105963","post","type-post","status-publish","format-standard","has-post-thumbnail","hentry","category-news"],"acf":[],"yoast_head":"<!-- This site is optimized with the Yoast SEO Premium plugin v27.0 (Yoast SEO v27.0) - https:\/\/yoast.com\/product\/yoast-seo-premium-wordpress\/ -->\n<title>Maccaferri Futura presenta la squadra e il programma sportivo per il 2026: il progetto accelera e punta sempre pi\u00f9 in alto - Maccaferri Italia<\/title>\n<meta name=\"description\" content=\"Il 2026 sar\u00e0 una stagione di forte spinta, con la Route du Rhum e il Campionato Class 40 come obiettivi chiave. Insieme a Francesco Bruni, entra nel team anche il velista oceanico Alberto Bona come Performance Specialist.\" \/>\n<meta name=\"robots\" content=\"index, follow, max-snippet:-1, max-image-preview:large, max-video-preview:-1\" \/>\n<link rel=\"canonical\" href=\"https:\/\/www.maccaferri.com\/it\/news\/maccaferri-futura-presenta-la-squadra-e-il-programma-sportivo-per-il-2026-il-progetto-accelera-e-punta-sempre-piu-in-alto\/\" \/>\n<meta property=\"og:locale\" content=\"it_IT\" \/>\n<meta property=\"og:type\" content=\"article\" \/>\n<meta property=\"og:title\" content=\"Maccaferri Futura presenta la squadra e il programma sportivo per il 2026: il progetto accelera e punta sempre pi\u00f9 in alto\" \/>\n<meta property=\"og:description\" content=\"Il 2026 sar\u00e0 una stagione di forte spinta, con la Route du Rhum e il Campionato Class 40 come obiettivi chiave. Insieme a Francesco Bruni, entra nel team anche il velista oceanico Alberto Bona come Performance Specialist.\" \/>\n<meta property=\"og:url\" content=\"https:\/\/www.maccaferri.com\/it\/news\/maccaferri-futura-presenta-la-squadra-e-il-programma-sportivo-per-il-2026-il-progetto-accelera-e-punta-sempre-piu-in-alto\/\" \/>\n<meta property=\"og:site_name\" content=\"Maccaferri Italia\" \/>\n<meta property=\"article:published_time\" content=\"2026-01-28T16:49:27+00:00\" \/>\n<meta property=\"article:modified_time\" content=\"2026-01-28T18:11:01+00:00\" \/>\n<meta property=\"og:image\" content=\"https:\/\/www.maccaferri.com\/it\/wp-content\/uploads\/2026\/01\/maccaferrifutura-1.jpg\" \/>\n\t<meta property=\"og:image:width\" content=\"1915\" \/>\n\t<meta property=\"og:image:height\" content=\"530\" \/>\n\t<meta property=\"og:image:type\" content=\"image\/jpeg\" \/>\n<meta name=\"author\" content=\"Paolo Russo\" \/>\n<meta name=\"twitter:card\" content=\"summary_large_image\" \/>\n<meta name=\"twitter:label1\" content=\"Scritto da\" \/>\n\t<meta name=\"twitter:data1\" content=\"Paolo Russo\" \/>\n\t<meta name=\"twitter:label2\" content=\"Tempo di lettura stimato\" \/>\n\t<meta name=\"twitter:data2\" content=\"5 minuti\" \/>\n<script type=\"application\/ld+json\" class=\"yoast-schema-graph\">{\"@context\":\"https:\/\/schema.org\",\"@graph\":[{\"@type\":\"Article\",\"@id\":\"https:\/\/www.maccaferri.com\/it\/news\/maccaferri-futura-presenta-la-squadra-e-il-programma-sportivo-per-il-2026-il-progetto-accelera-e-punta-sempre-piu-in-alto\/#article\",\"isPartOf\":{\"@id\":\"https:\/\/www.maccaferri.com\/it\/news\/maccaferri-futura-presenta-la-squadra-e-il-programma-sportivo-per-il-2026-il-progetto-accelera-e-punta-sempre-piu-in-alto\/\"},\"author\":{\"name\":\"Paolo Russo\",\"@id\":\"https:\/\/www.maccaferri.com\/it\/#\/schema\/person\/67156cc19c55b659b7767d9f18b9963a\"},\"headline\":\"Maccaferri Futura presenta la squadra e il programma sportivo per il 2026: il progetto accelera e punta sempre pi\u00f9 in alto\",\"datePublished\":\"2026-01-28T16:49:27+00:00\",\"dateModified\":\"2026-01-28T18:11:01+00:00\",\"mainEntityOfPage\":{\"@id\":\"https:\/\/www.maccaferri.com\/it\/news\/maccaferri-futura-presenta-la-squadra-e-il-programma-sportivo-per-il-2026-il-progetto-accelera-e-punta-sempre-piu-in-alto\/\"},\"wordCount\":966,\"publisher\":{\"@id\":\"https:\/\/www.maccaferri.com\/it\/#organization\"},\"image\":{\"@id\":\"https:\/\/www.maccaferri.com\/it\/news\/maccaferri-futura-presenta-la-squadra-e-il-programma-sportivo-per-il-2026-il-progetto-accelera-e-punta-sempre-piu-in-alto\/#primaryimage\"},\"thumbnailUrl\":\"https:\/\/www.maccaferri.com\/it\/wp-content\/uploads\/2026\/01\/maccaferrifutura-1.jpg\",\"articleSection\":[\"News\"],\"inLanguage\":\"it-IT\"},{\"@type\":\"WebPage\",\"@id\":\"https:\/\/www.maccaferri.com\/it\/news\/maccaferri-futura-presenta-la-squadra-e-il-programma-sportivo-per-il-2026-il-progetto-accelera-e-punta-sempre-piu-in-alto\/\",\"url\":\"https:\/\/www.maccaferri.com\/it\/news\/maccaferri-futura-presenta-la-squadra-e-il-programma-sportivo-per-il-2026-il-progetto-accelera-e-punta-sempre-piu-in-alto\/\",\"name\":\"Maccaferri Futura presenta la squadra e il programma sportivo per il 2026: il progetto accelera e punta sempre pi\u00f9 in alto - Maccaferri Italia\",\"isPartOf\":{\"@id\":\"https:\/\/www.maccaferri.com\/it\/#website\"},\"primaryImageOfPage\":{\"@id\":\"https:\/\/www.maccaferri.com\/it\/news\/maccaferri-futura-presenta-la-squadra-e-il-programma-sportivo-per-il-2026-il-progetto-accelera-e-punta-sempre-piu-in-alto\/#primaryimage\"},\"image\":{\"@id\":\"https:\/\/www.maccaferri.com\/it\/news\/maccaferri-futura-presenta-la-squadra-e-il-programma-sportivo-per-il-2026-il-progetto-accelera-e-punta-sempre-piu-in-alto\/#primaryimage\"},\"thumbnailUrl\":\"https:\/\/www.maccaferri.com\/it\/wp-content\/uploads\/2026\/01\/maccaferrifutura-1.jpg\",\"datePublished\":\"2026-01-28T16:49:27+00:00\",\"dateModified\":\"2026-01-28T18:11:01+00:00\",\"description\":\"Il 2026 sar\u00e0 una stagione di forte spinta, con la Route du Rhum e il Campionato Class 40 come obiettivi chiave. Insieme a Francesco Bruni, entra nel team anche il velista oceanico Alberto Bona come Performance Specialist.\",\"breadcrumb\":{\"@id\":\"https:\/\/www.maccaferri.com\/it\/news\/maccaferri-futura-presenta-la-squadra-e-il-programma-sportivo-per-il-2026-il-progetto-accelera-e-punta-sempre-piu-in-alto\/#breadcrumb\"},\"inLanguage\":\"it-IT\",\"potentialAction\":[{\"@type\":\"ReadAction\",\"target\":[\"https:\/\/www.maccaferri.com\/it\/news\/maccaferri-futura-presenta-la-squadra-e-il-programma-sportivo-per-il-2026-il-progetto-accelera-e-punta-sempre-piu-in-alto\/\"]}]},{\"@type\":\"ImageObject\",\"inLanguage\":\"it-IT\",\"@id\":\"https:\/\/www.maccaferri.com\/it\/news\/maccaferri-futura-presenta-la-squadra-e-il-programma-sportivo-per-il-2026-il-progetto-accelera-e-punta-sempre-piu-in-alto\/#primaryimage\",\"url\":\"https:\/\/www.maccaferri.com\/it\/wp-content\/uploads\/2026\/01\/maccaferrifutura-1.jpg\",\"contentUrl\":\"https:\/\/www.maccaferri.com\/it\/wp-content\/uploads\/2026\/01\/maccaferrifutura-1.jpg\",\"width\":1915,\"height\":530},{\"@type\":\"BreadcrumbList\",\"@id\":\"https:\/\/www.maccaferri.com\/it\/news\/maccaferri-futura-presenta-la-squadra-e-il-programma-sportivo-per-il-2026-il-progetto-accelera-e-punta-sempre-piu-in-alto\/#breadcrumb\",\"itemListElement\":[{\"@type\":\"ListItem\",\"position\":1,\"name\":\"Home\",\"item\":\"https:\/\/www.maccaferri.com\/it\/\"},{\"@type\":\"ListItem\",\"position\":2,\"name\":\"Maccaferri Futura presenta la squadra e il programma sportivo per il 2026: il progetto accelera e punta sempre pi\u00f9 in alto\"}]},{\"@type\":\"WebSite\",\"@id\":\"https:\/\/www.maccaferri.com\/it\/#website\",\"url\":\"https:\/\/www.maccaferri.com\/it\/\",\"name\":\"Maccaferri Italia\",\"description\":\"\",\"publisher\":{\"@id\":\"https:\/\/www.maccaferri.com\/it\/#organization\"},\"potentialAction\":[{\"@type\":\"SearchAction\",\"target\":{\"@type\":\"EntryPoint\",\"urlTemplate\":\"https:\/\/www.maccaferri.com\/it\/?s={search_term_string}\"},\"query-input\":{\"@type\":\"PropertyValueSpecification\",\"valueRequired\":true,\"valueName\":\"search_term_string\"}}],\"inLanguage\":\"it-IT\"},{\"@type\":\"Organization\",\"@id\":\"https:\/\/www.maccaferri.com\/it\/#organization\",\"name\":\"Maccaferri Italia\",\"url\":\"https:\/\/www.maccaferri.com\/it\/\",\"logo\":{\"@type\":\"ImageObject\",\"inLanguage\":\"it-IT\",\"@id\":\"https:\/\/www.maccaferri.com\/it\/#\/schema\/logo\/image\/\",\"url\":\"https:\/\/www.maccaferri.com\/it\/wp-content\/uploads\/2022\/07\/logo-maccaferri.png\",\"contentUrl\":\"https:\/\/www.maccaferri.com\/it\/wp-content\/uploads\/2022\/07\/logo-maccaferri.png\",\"width\":152,\"height\":32,\"caption\":\"Maccaferri Italia\"},\"image\":{\"@id\":\"https:\/\/www.maccaferri.com\/it\/#\/schema\/logo\/image\/\"}},{\"@type\":\"Person\",\"@id\":\"https:\/\/www.maccaferri.com\/it\/#\/schema\/person\/67156cc19c55b659b7767d9f18b9963a\",\"name\":\"Paolo Russo\",\"image\":{\"@type\":\"ImageObject\",\"inLanguage\":\"it-IT\",\"@id\":\"https:\/\/www.maccaferri.com\/it\/#\/schema\/person\/image\/\",\"url\":\"https:\/\/secure.gravatar.com\/avatar\/a557871d7e73508035a40283144111e83b4038a6505c30397f4e0b8043b873c8?s=96&d=mm&r=g\",\"contentUrl\":\"https:\/\/secure.gravatar.com\/avatar\/a557871d7e73508035a40283144111e83b4038a6505c30397f4e0b8043b873c8?s=96&d=mm&r=g\",\"caption\":\"Paolo Russo\"}}]}<\/script>\n<!-- \/ Yoast SEO Premium plugin. -->","yoast_head_json":{"title":"Maccaferri Futura presenta la squadra e il programma sportivo per il 2026: il progetto accelera e punta sempre pi\u00f9 in alto - Maccaferri Italia","description":"Il 2026 sar\u00e0 una stagione di forte spinta, con la Route du Rhum e il Campionato Class 40 come obiettivi chiave. Insieme a Francesco Bruni, entra nel team anche il velista oceanico Alberto Bona come Performance Specialist.","robots":{"index":"index","follow":"follow","max-snippet":"max-snippet:-1","max-image-preview":"max-image-preview:large","max-video-preview":"max-video-preview:-1"},"canonical":"https:\/\/www.maccaferri.com\/it\/news\/maccaferri-futura-presenta-la-squadra-e-il-programma-sportivo-per-il-2026-il-progetto-accelera-e-punta-sempre-piu-in-alto\/","og_locale":"it_IT","og_type":"article","og_title":"Maccaferri Futura presenta la squadra e il programma sportivo per il 2026: il progetto accelera e punta sempre pi\u00f9 in alto","og_description":"Il 2026 sar\u00e0 una stagione di forte spinta, con la Route du Rhum e il Campionato Class 40 come obiettivi chiave. Insieme a Francesco Bruni, entra nel team anche il velista oceanico Alberto Bona come Performance Specialist.","og_url":"https:\/\/www.maccaferri.com\/it\/news\/maccaferri-futura-presenta-la-squadra-e-il-programma-sportivo-per-il-2026-il-progetto-accelera-e-punta-sempre-piu-in-alto\/","og_site_name":"Maccaferri Italia","article_published_time":"2026-01-28T16:49:27+00:00","article_modified_time":"2026-01-28T18:11:01+00:00","og_image":[{"width":1915,"height":530,"url":"https:\/\/www.maccaferri.com\/it\/wp-content\/uploads\/2026\/01\/maccaferrifutura-1.jpg","type":"image\/jpeg"}],"author":"Paolo Russo","twitter_card":"summary_large_image","twitter_misc":{"Scritto da":"Paolo Russo","Tempo di lettura stimato":"5 minuti"},"schema":{"@context":"https:\/\/schema.org","@graph":[{"@type":"Article","@id":"https:\/\/www.maccaferri.com\/it\/news\/maccaferri-futura-presenta-la-squadra-e-il-programma-sportivo-per-il-2026-il-progetto-accelera-e-punta-sempre-piu-in-alto\/#article","isPartOf":{"@id":"https:\/\/www.maccaferri.com\/it\/news\/maccaferri-futura-presenta-la-squadra-e-il-programma-sportivo-per-il-2026-il-progetto-accelera-e-punta-sempre-piu-in-alto\/"},"author":{"name":"Paolo Russo","@id":"https:\/\/www.maccaferri.com\/it\/#\/schema\/person\/67156cc19c55b659b7767d9f18b9963a"},"headline":"Maccaferri Futura presenta la squadra e il programma sportivo per il 2026: il progetto accelera e punta sempre pi\u00f9 in alto","datePublished":"2026-01-28T16:49:27+00:00","dateModified":"2026-01-28T18:11:01+00:00","mainEntityOfPage":{"@id":"https:\/\/www.maccaferri.com\/it\/news\/maccaferri-futura-presenta-la-squadra-e-il-programma-sportivo-per-il-2026-il-progetto-accelera-e-punta-sempre-piu-in-alto\/"},"wordCount":966,"publisher":{"@id":"https:\/\/www.maccaferri.com\/it\/#organization"},"image":{"@id":"https:\/\/www.maccaferri.com\/it\/news\/maccaferri-futura-presenta-la-squadra-e-il-programma-sportivo-per-il-2026-il-progetto-accelera-e-punta-sempre-piu-in-alto\/#primaryimage"},"thumbnailUrl":"https:\/\/www.maccaferri.com\/it\/wp-content\/uploads\/2026\/01\/maccaferrifutura-1.jpg","articleSection":["News"],"inLanguage":"it-IT"},{"@type":"WebPage","@id":"https:\/\/www.maccaferri.com\/it\/news\/maccaferri-futura-presenta-la-squadra-e-il-programma-sportivo-per-il-2026-il-progetto-accelera-e-punta-sempre-piu-in-alto\/","url":"https:\/\/www.maccaferri.com\/it\/news\/maccaferri-futura-presenta-la-squadra-e-il-programma-sportivo-per-il-2026-il-progetto-accelera-e-punta-sempre-piu-in-alto\/","name":"Maccaferri Futura presenta la squadra e il programma sportivo per il 2026: il progetto accelera e punta sempre pi\u00f9 in alto - Maccaferri Italia","isPartOf":{"@id":"https:\/\/www.maccaferri.com\/it\/#website"},"primaryImageOfPage":{"@id":"https:\/\/www.maccaferri.com\/it\/news\/maccaferri-futura-presenta-la-squadra-e-il-programma-sportivo-per-il-2026-il-progetto-accelera-e-punta-sempre-piu-in-alto\/#primaryimage"},"image":{"@id":"https:\/\/www.maccaferri.com\/it\/news\/maccaferri-futura-presenta-la-squadra-e-il-programma-sportivo-per-il-2026-il-progetto-accelera-e-punta-sempre-piu-in-alto\/#primaryimage"},"thumbnailUrl":"https:\/\/www.maccaferri.com\/it\/wp-content\/uploads\/2026\/01\/maccaferrifutura-1.jpg","datePublished":"2026-01-28T16:49:27+00:00","dateModified":"2026-01-28T18:11:01+00:00","description":"Il 2026 sar\u00e0 una stagione di forte spinta, con la Route du Rhum e il Campionato Class 40 come obiettivi chiave. Insieme a Francesco Bruni, entra nel team anche il velista oceanico Alberto Bona come Performance Specialist.","breadcrumb":{"@id":"https:\/\/www.maccaferri.com\/it\/news\/maccaferri-futura-presenta-la-squadra-e-il-programma-sportivo-per-il-2026-il-progetto-accelera-e-punta-sempre-piu-in-alto\/#breadcrumb"},"inLanguage":"it-IT","potentialAction":[{"@type":"ReadAction","target":["https:\/\/www.maccaferri.com\/it\/news\/maccaferri-futura-presenta-la-squadra-e-il-programma-sportivo-per-il-2026-il-progetto-accelera-e-punta-sempre-piu-in-alto\/"]}]},{"@type":"ImageObject","inLanguage":"it-IT","@id":"https:\/\/www.maccaferri.com\/it\/news\/maccaferri-futura-presenta-la-squadra-e-il-programma-sportivo-per-il-2026-il-progetto-accelera-e-punta-sempre-piu-in-alto\/#primaryimage","url":"https:\/\/www.maccaferri.com\/it\/wp-content\/uploads\/2026\/01\/maccaferrifutura-1.jpg","contentUrl":"https:\/\/www.maccaferri.com\/it\/wp-content\/uploads\/2026\/01\/maccaferrifutura-1.jpg","width":1915,"height":530},{"@type":"BreadcrumbList","@id":"https:\/\/www.maccaferri.com\/it\/news\/maccaferri-futura-presenta-la-squadra-e-il-programma-sportivo-per-il-2026-il-progetto-accelera-e-punta-sempre-piu-in-alto\/#breadcrumb","itemListElement":[{"@type":"ListItem","position":1,"name":"Home","item":"https:\/\/www.maccaferri.com\/it\/"},{"@type":"ListItem","position":2,"name":"Maccaferri Futura presenta la squadra e il programma sportivo per il 2026: il progetto accelera e punta sempre pi\u00f9 in alto"}]},{"@type":"WebSite","@id":"https:\/\/www.maccaferri.com\/it\/#website","url":"https:\/\/www.maccaferri.com\/it\/","name":"Maccaferri Italia","description":"","publisher":{"@id":"https:\/\/www.maccaferri.com\/it\/#organization"},"potentialAction":[{"@type":"SearchAction","target":{"@type":"EntryPoint","urlTemplate":"https:\/\/www.maccaferri.com\/it\/?s={search_term_string}"},"query-input":{"@type":"PropertyValueSpecification","valueRequired":true,"valueName":"search_term_string"}}],"inLanguage":"it-IT"},{"@type":"Organization","@id":"https:\/\/www.maccaferri.com\/it\/#organization","name":"Maccaferri Italia","url":"https:\/\/www.maccaferri.com\/it\/","logo":{"@type":"ImageObject","inLanguage":"it-IT","@id":"https:\/\/www.maccaferri.com\/it\/#\/schema\/logo\/image\/","url":"https:\/\/www.maccaferri.com\/it\/wp-content\/uploads\/2022\/07\/logo-maccaferri.png","contentUrl":"https:\/\/www.maccaferri.com\/it\/wp-content\/uploads\/2022\/07\/logo-maccaferri.png","width":152,"height":32,"caption":"Maccaferri Italia"},"image":{"@id":"https:\/\/www.maccaferri.com\/it\/#\/schema\/logo\/image\/"}},{"@type":"Person","@id":"https:\/\/www.maccaferri.com\/it\/#\/schema\/person\/67156cc19c55b659b7767d9f18b9963a","name":"Paolo Russo","image":{"@type":"ImageObject","inLanguage":"it-IT","@id":"https:\/\/www.maccaferri.com\/it\/#\/schema\/person\/image\/","url":"https:\/\/secure.gravatar.com\/avatar\/a557871d7e73508035a40283144111e83b4038a6505c30397f4e0b8043b873c8?s=96&d=mm&r=g","contentUrl":"https:\/\/secure.gravatar.com\/avatar\/a557871d7e73508035a40283144111e83b4038a6505c30397f4e0b8043b873c8?s=96&d=mm&r=g","caption":"Paolo Russo"}}]}},"_links":{"self":[{"href":"https:\/\/www.maccaferri.com\/it\/wp-json\/wp\/v2\/posts\/105963","targetHints":{"allow":["GET"]}}],"collection":[{"href":"https:\/\/www.maccaferri.com\/it\/wp-json\/wp\/v2\/posts"}],"about":[{"href":"https:\/\/www.maccaferri.com\/it\/wp-json\/wp\/v2\/types\/post"}],"author":[{"embeddable":true,"href":"https:\/\/www.maccaferri.com\/it\/wp-json\/wp\/v2\/users\/2"}],"replies":[{"embeddable":true,"href":"https:\/\/www.maccaferri.com\/it\/wp-json\/wp\/v2\/comments?post=105963"}],"version-history":[{"count":3,"href":"https:\/\/www.maccaferri.com\/it\/wp-json\/wp\/v2\/posts\/105963\/revisions"}],"predecessor-version":[{"id":105977,"href":"https:\/\/www.maccaferri.com\/it\/wp-json\/wp\/v2\/posts\/105963\/revisions\/105977"}],"wp:featuredmedia":[{"embeddable":true,"href":"https:\/\/www.maccaferri.com\/it\/wp-json\/wp\/v2\/media\/105969"}],"wp:attachment":[{"href":"https:\/\/www.maccaferri.com\/it\/wp-json\/wp\/v2\/media?parent=105963"}],"wp:term":[{"taxonomy":"category","embeddable":true,"href":"https:\/\/www.maccaferri.com\/it\/wp-json\/wp\/v2\/categories?post=105963"},{"taxonomy":"post_tag","embeddable":true,"href":"https:\/\/www.maccaferri.com\/it\/wp-json\/wp\/v2\/tags?post=105963"}],"curies":[{"name":"wp","href":"https:\/\/api.w.org\/{rel}","templated":true}]}}