{"id":110665,"date":"2025-10-29T08:00:13","date_gmt":"2025-10-29T07:00:13","guid":{"rendered":"https:\/\/www.maccaferri.com\/fr\/success-stories\/amenagement-des-berges-du-rhin\/"},"modified":"2026-02-16T15:39:23","modified_gmt":"2026-02-16T14:39:23","slug":"amenagement-des-berges-du-rhin","status":"publish","type":"stories","link":"https:\/\/www.maccaferri.com\/fr\/exemples-de-r\u00e9ussites\/amenagement-des-berges-du-rhin\/","title":{"rendered":"AMENAGEMENT DES BERGES DU RHIN"},"content":{"rendered":"<div class=\"container-fluid carousel-image-gallery\">\n        <div class=\"row\">\n            <div id=\"carouselImageblock_63ae097fdffd7\" class=\"carousel slide carouselImageGallery\" data-bs-ride=\"carousel\">\n                <!-- \/\/ Indicators -->\n                <ol class=\"carousel-indicators\">\n                                            <li data-bs-target=\"#carouselImageblock_63ae097fdffd7\" data-bs-slide-to=\"0\" class=\"active\" aria-current=\"true\" aria-label=\"Slide\"><\/li>\n                                            <li data-bs-target=\"#carouselImageblock_63ae097fdffd7\" data-bs-slide-to=\"1\" class=\"\" aria-current=\"true\" aria-label=\"Slide\"><\/li>\n                                            <li data-bs-target=\"#carouselImageblock_63ae097fdffd7\" data-bs-slide-to=\"2\" class=\"\" aria-current=\"true\" aria-label=\"Slide\"><\/li>\n                                    <\/ol>\n\n                <div class=\"carousel-inner container\" role=\"listbox\">\n                                            <div class=\"carousel-item active\">\n                        <div class=\"col-12 col-lg-4 col-xl-4 col-xxl-4 space-mobile\">\n                            <div class=\"grid-item-wrapper\">\n                                <div class=\"img-responsive-wrapper\">\n                                    <div class=\"img-responsive\">\n                                        <div class=\"img-wrapper\"><img decoding=\"async\" src=\"https:\/\/www.maccaferri.com\/fr\/wp-content\/uploads\/2023\/06\/2435_1-6.jpg\" alt=\"\" \/><\/div>\n                                    <\/div>\n                                <\/div>\n                                <div class=\"griditem-text-wrapper text-center\">\n                                    <p class=\"griditem-text text-center\"><\/p>\n                   \n                                <\/div>\n                            <\/div>\n                        <\/div>\n                        <\/div>\n                                            <div class=\"carousel-item \">\n                        <div class=\"col-12 col-lg-4 col-xl-4 col-xxl-4 space-mobile\">\n                            <div class=\"grid-item-wrapper\">\n                                <div class=\"img-responsive-wrapper\">\n                                    <div class=\"img-responsive\">\n                                        <div class=\"img-wrapper\"><img decoding=\"async\" src=\"https:\/\/www.maccaferri.com\/fr\/wp-content\/uploads\/2024\/03\/2435_2.jpg\" alt=\"\" \/><\/div>\n                                    <\/div>\n                                <\/div>\n                                <div class=\"griditem-text-wrapper text-center\">\n                                    <p class=\"griditem-text text-center\">Pendant les travaux<\/p>\n                   \n                                <\/div>\n                            <\/div>\n                        <\/div>\n                        <\/div>\n                                            <div class=\"carousel-item \">\n                        <div class=\"col-12 col-lg-4 col-xl-4 col-xxl-4 space-mobile\">\n                            <div class=\"grid-item-wrapper\">\n                                <div class=\"img-responsive-wrapper\">\n                                    <div class=\"img-responsive\">\n                                        <div class=\"img-wrapper\"><img decoding=\"async\" src=\"https:\/\/www.maccaferri.com\/fr\/wp-content\/uploads\/2025\/10\/2435_dwg.jpg\" alt=\"\" \/><\/div>\n                                    <\/div>\n                                <\/div>\n                                <div class=\"griditem-text-wrapper text-center\">\n                                    <p class=\"griditem-text text-center\">Pendant les travaux<\/p>\n                   \n                                <\/div>\n                            <\/div>\n                        <\/div>\n                        <\/div>\n                                    <\/div>\n            <\/div>\n\n        <\/div>\n    <\/div><div class=\"container-full text-bocolor-block-white\">\n        <div class=\"row\">\n        <div class=\"col-12\">\n            <div class=\"container box-container\">\n                <div class=\"row\">\n                    <div class=\"col-12\">\n                        <h3>Challenge<\/h3>\n                    <\/div>\n                <\/div>\n            <\/div>\n        <\/div>    \n    <\/div>\n        <div class=\"row\">\n        <div class=\"col-12\">\n            <div class=\"container box-container\">\n                <div class=\"row\">\n                    <div class=\"col-12 content\">\n                        <p>Le programme Interreg permet la r\u00e9alisation de projet communs \u00e0 diff\u00e9rentes r\u00e9gions europ\u00e9ennes dans des domaines divers tels que le d\u00e9veloppement urbain, c\u00f4tier, \u00e9conomique, etc\u2026 La commune de SELTZ, situ\u00e9e dans le Bas-Rhin et frontali\u00e8re \u00e0 l\u2019Allemagne, souhaitait r\u00e9aliser un am\u00e9nagement de la berge du Rhin, dans le cadre du financement Interreg. Cet am\u00e9nagement a pris la forme de gradins semis-naturels situ\u00e9s sur la berge mais restant hors d\u2019eau. A travers ce projet, la commune souhaitait : -cr\u00e9er une zone d\u2019assise et de repos sur les berges du Rhin tout en adoucissant la pente de celles-ci. -cr\u00e9er une marche de circulation permettant la mobilit\u00e9 tout au long de l\u2019am\u00e9nagement. -am\u00e9nager par des plantations, massifs de fleurs, etc\u2026 la zone en arri\u00e8re des berges sur le terre-plein enherb\u00e9, ainsi que sur le bunker pr\u00e9sent juste au Nord du futur am\u00e9nagement.<\/p>\n                    <\/div>\n                <\/div>\n            <\/div>\n        <\/div>\n    <\/div>\n    <\/div>\n<div class=\"container-full text-bocolor-block-green\">\n        <div class=\"row\">\n        <div class=\"col-12\">\n            <div class=\"container box-container\">\n                <div class=\"row\">\n                    <div class=\"col-12\">\n                        <h3>Solution<\/h3>\n                    <\/div>\n                <\/div>\n            <\/div>\n        <\/div>    \n    <\/div>\n        <div class=\"row\">\n        <div class=\"col-12\">\n            <div class=\"container box-container\">\n                <div class=\"row\">\n                    <div class=\"col-12 content\">\n                        <p>Il s\u2019agissait de cr\u00e9er un escalier constitu\u00e9 de 5 marches en gabions de 50cm de hauteur.  La protection mesure un lin\u00e9aire total de 102ml : 100ml en section courante et 2ml correspondant aux murs en retour \u00e0 chacune des extr\u00e9mit\u00e9s. Sur les cages gabions ont \u00e9t\u00e9 install\u00e9s 4 escaliers en b\u00e9ton permettant de distribuer les diff\u00e9rents niveaux. L\u2019am\u00e9nagement est pr\u00e9vu pour \u00eatre hors d\u2019eau en \u00e9coulement normal du Rhin. La marche inf\u00e9rieure est inond\u00e9e pour un d\u00e9bit du Rhin sup\u00e9rieur \u00e0 1400 m3\/s. En cas de crue impliquant la sortie du Rhin de son lit mineur, l\u2019ensemble de l\u2019am\u00e9nagement est submerg\u00e9. Les cages en gabions reposent en fondation sur un mat\u00e9riau granulaire drainant de type 90\/180. De plus, un g\u00e9otextile de filtration Mactex N40.1 est plac\u00e9 en sous-face des gabions. Description des mat\u00e9riaux : gabions certifi\u00e9s CE et constitu\u00e9s d\u2019un grillage double torsion \u00e0 maille hexagonale avec un fil galvanis\u00e9 de type Galmac (Alliage Zn 95\/Al5%) de classe A ainsi qu\u2019un rev\u00eatement polym\u00e8re. La maille du grillage est de type 8&#215;10 avec un fil de diam\u00e8tre 2.7\/3.7mm. Prestations Maccaferri : \u00e9tude du projet, fabrication et approvisionnement des fournitures, mise en \u0153uvre par nos \u00e9quipes selon certification Asqual ROG (R\u00e9alisation d&#8217;Ouvrages en Gabions).<\/p>\n                    <\/div>\n                <\/div>\n            <\/div>\n        <\/div>\n    <\/div>\n    <\/div><div class=\"wp-block-mac-container-block box-container\"><div class=\"container\"><h2>Used Products<\/h2><div class=\"row\"><div class=\"col-12 col-sm-12 col-md-12 col-lg-3 col-xl-3 col-xxl-3\"><div class=\"wp-block-mac-card-new-block block-latest-news-container\"><div class=\"card\"><div class=\"content-images\"><img decoding=\"async\" class=\"box-image\" src=\"https:\/\/www.maccaferri.com\/fr\/wp-content\/uploads\/2025\/10\/Gabion_product_header_product\" alt=\"Gabions\" title=\"Gabions\" \/><\/div><div class=\"card-body\"><h6>Gabions<\/h6><span class=\"abstract\">Un large portefeuille de solutions  Maccaferri propose une gamme \u00e9tendue de solutions sur mesure pour r\u00e9pondre \u00e0 chaque besoin sp\u00e9cifique. Le<\/span><a href=\"https:\/\/www.maccaferri.com\/fr\/produits\/gabions\/\" class=\"cta\" rel=\"noopener\" title=\"Gabions\">Voir\n                           <span class=\"text\" value=\"\" \/>\n                           <\/a><div data-post-id=\"113687\" class=\"star \" title=\"Add to wishlist\"><span class=\"material-symbols-rounded starrate\">star<\/span><\/div><\/div><\/div><\/div><\/div><\/div><\/div><\/div><!--usedproducts-->","protected":false},"excerpt":{"rendered":"<p>Il s\u2019agissait de cr\u00e9er un escalier constitu\u00e9 de 5 marches en gabions de 50cm de hauteur.  La protection mesure un lin\u00e9aire total de 102ml : 100ml<\/p>\n","protected":false},"featured_media":9445,"parent":0,"menu_order":0,"template":"","stories-category":[],"stories-tag":[],"class_list":["post-110665","stories","type-stories","status-publish","has-post-thumbnail","hentry"],"acf":{"products":[113687],"applications":[103496,103496],"solutions":[103547],"sectors":[103466]},"yoast_head":"<!-- This site is optimized with the Yoast SEO Premium plugin v27.0 (Yoast SEO v27.0) - https:\/\/yoast.com\/product\/yoast-seo-premium-wordpress\/ -->\n<title>AMENAGEMENT DES BERGES DU RHIN - Maccaferri France<\/title>\n<meta name=\"description\" content=\"D\u00e9couvrez nos r\u00e9ussites : AMENAGEMENT DES BERGES DU RHIN. Du d\u00e9fi \u00e0 la solution, voyez comment nous avons aid\u00e9 nos clients \u00e0 atteindre leurs objectifs avec succ\u00e8s.\" \/>\n<meta name=\"robots\" content=\"index, follow, max-snippet:-1, max-image-preview:large, max-video-preview:-1\" \/>\n<link rel=\"canonical\" href=\"https:\/\/www.maccaferri.com\/fr\/exemples-de-r\u00e9ussites\/amenagement-des-berges-du-rhin\/\" \/>\n<meta property=\"og:locale\" content=\"fr_FR\" \/>\n<meta property=\"og:type\" content=\"article\" \/>\n<meta property=\"og:title\" content=\"AMENAGEMENT DES BERGES DU RHIN\" \/>\n<meta property=\"og:description\" content=\"D\u00e9couvrez nos r\u00e9ussites : AMENAGEMENT DES BERGES DU RHIN. Du d\u00e9fi \u00e0 la solution, voyez comment nous avons aid\u00e9 nos clients \u00e0 atteindre leurs objectifs avec succ\u00e8s.\" \/>\n<meta property=\"og:url\" content=\"https:\/\/www.maccaferri.com\/fr\/exemples-de-r\u00e9ussites\/amenagement-des-berges-du-rhin\/\" \/>\n<meta property=\"og:site_name\" content=\"Maccaferri France\" \/>\n<meta property=\"article:modified_time\" content=\"2026-02-16T14:39:23+00:00\" \/>\n<meta property=\"og:image\" content=\"https:\/\/www.maccaferri.com\/fr\/wp-content\/uploads\/2023\/02\/Success-Story-Default.jpg\" \/>\n\t<meta property=\"og:image:width\" content=\"1920\" \/>\n\t<meta property=\"og:image:height\" content=\"1024\" \/>\n\t<meta property=\"og:image:type\" content=\"image\/jpeg\" \/>\n<meta name=\"twitter:card\" content=\"summary_large_image\" \/>\n<script type=\"application\/ld+json\" class=\"yoast-schema-graph\">{\"@context\":\"https:\/\/schema.org\",\"@graph\":[{\"@type\":\"WebPage\",\"@id\":\"https:\/\/www.maccaferri.com\/fr\/exemples-de-r\u00e9ussites\/amenagement-des-berges-du-rhin\/\",\"url\":\"https:\/\/www.maccaferri.com\/fr\/exemples-de-r\u00e9ussites\/amenagement-des-berges-du-rhin\/\",\"name\":\"AMENAGEMENT DES BERGES DU RHIN - Maccaferri France\",\"isPartOf\":{\"@id\":\"https:\/\/www.maccaferri.com\/fr\/#website\"},\"primaryImageOfPage\":{\"@id\":\"https:\/\/www.maccaferri.com\/fr\/exemples-de-r\u00e9ussites\/amenagement-des-berges-du-rhin\/#primaryimage\"},\"image\":{\"@id\":\"https:\/\/www.maccaferri.com\/fr\/exemples-de-r\u00e9ussites\/amenagement-des-berges-du-rhin\/#primaryimage\"},\"thumbnailUrl\":\"https:\/\/www.maccaferri.com\/fr\/wp-content\/uploads\/2023\/02\/Success-Story-Default.jpg\",\"datePublished\":\"2025-10-29T07:00:13+00:00\",\"dateModified\":\"2026-02-16T14:39:23+00:00\",\"description\":\"D\u00e9couvrez nos r\u00e9ussites : AMENAGEMENT DES BERGES DU RHIN. Du d\u00e9fi \u00e0 la solution, voyez comment nous avons aid\u00e9 nos clients \u00e0 atteindre leurs objectifs avec succ\u00e8s.\",\"breadcrumb\":{\"@id\":\"https:\/\/www.maccaferri.com\/fr\/exemples-de-r\u00e9ussites\/amenagement-des-berges-du-rhin\/#breadcrumb\"},\"inLanguage\":\"fr-FR\",\"potentialAction\":[{\"@type\":\"ReadAction\",\"target\":[\"https:\/\/www.maccaferri.com\/fr\/exemples-de-r\u00e9ussites\/amenagement-des-berges-du-rhin\/\"]}]},{\"@type\":\"ImageObject\",\"inLanguage\":\"fr-FR\",\"@id\":\"https:\/\/www.maccaferri.com\/fr\/exemples-de-r\u00e9ussites\/amenagement-des-berges-du-rhin\/#primaryimage\",\"url\":\"https:\/\/www.maccaferri.com\/fr\/wp-content\/uploads\/2023\/02\/Success-Story-Default.jpg\",\"contentUrl\":\"https:\/\/www.maccaferri.com\/fr\/wp-content\/uploads\/2023\/02\/Success-Story-Default.jpg\",\"width\":1920,\"height\":1024},{\"@type\":\"BreadcrumbList\",\"@id\":\"https:\/\/www.maccaferri.com\/fr\/exemples-de-r\u00e9ussites\/amenagement-des-berges-du-rhin\/#breadcrumb\",\"itemListElement\":[{\"@type\":\"ListItem\",\"position\":1,\"name\":\"Home\",\"item\":\"https:\/\/www.maccaferri.com\/fr\/\"},{\"@type\":\"ListItem\",\"position\":2,\"name\":\"Stories\",\"item\":\"https:\/\/www.maccaferri.com\/fr\/stories\/\"},{\"@type\":\"ListItem\",\"position\":3,\"name\":\"AMENAGEMENT DES BERGES DU RHIN\"}]},{\"@type\":\"WebSite\",\"@id\":\"https:\/\/www.maccaferri.com\/fr\/#website\",\"url\":\"https:\/\/www.maccaferri.com\/fr\/\",\"name\":\"Maccaferri France\",\"description\":\"\",\"publisher\":{\"@id\":\"https:\/\/www.maccaferri.com\/fr\/#organization\"},\"potentialAction\":[{\"@type\":\"SearchAction\",\"target\":{\"@type\":\"EntryPoint\",\"urlTemplate\":\"https:\/\/www.maccaferri.com\/fr\/?s={search_term_string}\"},\"query-input\":{\"@type\":\"PropertyValueSpecification\",\"valueRequired\":true,\"valueName\":\"search_term_string\"}}],\"inLanguage\":\"fr-FR\"},{\"@type\":\"Organization\",\"@id\":\"https:\/\/www.maccaferri.com\/fr\/#organization\",\"name\":\"Maccaferri France\",\"url\":\"https:\/\/www.maccaferri.com\/fr\/\",\"logo\":{\"@type\":\"ImageObject\",\"inLanguage\":\"fr-FR\",\"@id\":\"https:\/\/www.maccaferri.com\/fr\/#\/schema\/logo\/image\/\",\"url\":\"https:\/\/www.maccaferri.com\/fr\/wp-content\/uploads\/2022\/07\/logo-maccaferri.png\",\"contentUrl\":\"https:\/\/www.maccaferri.com\/fr\/wp-content\/uploads\/2022\/07\/logo-maccaferri.png\",\"width\":152,\"height\":32,\"caption\":\"Maccaferri France\"},\"image\":{\"@id\":\"https:\/\/www.maccaferri.com\/fr\/#\/schema\/logo\/image\/\"}}]}<\/script>\n<!-- \/ Yoast SEO Premium plugin. -->","yoast_head_json":{"title":"AMENAGEMENT DES BERGES DU RHIN - Maccaferri France","description":"D\u00e9couvrez nos r\u00e9ussites : AMENAGEMENT DES BERGES DU RHIN. Du d\u00e9fi \u00e0 la solution, voyez comment nous avons aid\u00e9 nos clients \u00e0 atteindre leurs objectifs avec succ\u00e8s.","robots":{"index":"index","follow":"follow","max-snippet":"max-snippet:-1","max-image-preview":"max-image-preview:large","max-video-preview":"max-video-preview:-1"},"canonical":"https:\/\/www.maccaferri.com\/fr\/exemples-de-r\u00e9ussites\/amenagement-des-berges-du-rhin\/","og_locale":"fr_FR","og_type":"article","og_title":"AMENAGEMENT DES BERGES DU RHIN","og_description":"D\u00e9couvrez nos r\u00e9ussites : AMENAGEMENT DES BERGES DU RHIN. Du d\u00e9fi \u00e0 la solution, voyez comment nous avons aid\u00e9 nos clients \u00e0 atteindre leurs objectifs avec succ\u00e8s.","og_url":"https:\/\/www.maccaferri.com\/fr\/exemples-de-r\u00e9ussites\/amenagement-des-berges-du-rhin\/","og_site_name":"Maccaferri France","article_modified_time":"2026-02-16T14:39:23+00:00","og_image":[{"width":1920,"height":1024,"url":"https:\/\/www.maccaferri.com\/fr\/wp-content\/uploads\/2023\/02\/Success-Story-Default.jpg","type":"image\/jpeg"}],"twitter_card":"summary_large_image","schema":{"@context":"https:\/\/schema.org","@graph":[{"@type":"WebPage","@id":"https:\/\/www.maccaferri.com\/fr\/exemples-de-r\u00e9ussites\/amenagement-des-berges-du-rhin\/","url":"https:\/\/www.maccaferri.com\/fr\/exemples-de-r\u00e9ussites\/amenagement-des-berges-du-rhin\/","name":"AMENAGEMENT DES BERGES DU RHIN - Maccaferri France","isPartOf":{"@id":"https:\/\/www.maccaferri.com\/fr\/#website"},"primaryImageOfPage":{"@id":"https:\/\/www.maccaferri.com\/fr\/exemples-de-r\u00e9ussites\/amenagement-des-berges-du-rhin\/#primaryimage"},"image":{"@id":"https:\/\/www.maccaferri.com\/fr\/exemples-de-r\u00e9ussites\/amenagement-des-berges-du-rhin\/#primaryimage"},"thumbnailUrl":"https:\/\/www.maccaferri.com\/fr\/wp-content\/uploads\/2023\/02\/Success-Story-Default.jpg","datePublished":"2025-10-29T07:00:13+00:00","dateModified":"2026-02-16T14:39:23+00:00","description":"D\u00e9couvrez nos r\u00e9ussites : AMENAGEMENT DES BERGES DU RHIN. Du d\u00e9fi \u00e0 la solution, voyez comment nous avons aid\u00e9 nos clients \u00e0 atteindre leurs objectifs avec succ\u00e8s.","breadcrumb":{"@id":"https:\/\/www.maccaferri.com\/fr\/exemples-de-r\u00e9ussites\/amenagement-des-berges-du-rhin\/#breadcrumb"},"inLanguage":"fr-FR","potentialAction":[{"@type":"ReadAction","target":["https:\/\/www.maccaferri.com\/fr\/exemples-de-r\u00e9ussites\/amenagement-des-berges-du-rhin\/"]}]},{"@type":"ImageObject","inLanguage":"fr-FR","@id":"https:\/\/www.maccaferri.com\/fr\/exemples-de-r\u00e9ussites\/amenagement-des-berges-du-rhin\/#primaryimage","url":"https:\/\/www.maccaferri.com\/fr\/wp-content\/uploads\/2023\/02\/Success-Story-Default.jpg","contentUrl":"https:\/\/www.maccaferri.com\/fr\/wp-content\/uploads\/2023\/02\/Success-Story-Default.jpg","width":1920,"height":1024},{"@type":"BreadcrumbList","@id":"https:\/\/www.maccaferri.com\/fr\/exemples-de-r\u00e9ussites\/amenagement-des-berges-du-rhin\/#breadcrumb","itemListElement":[{"@type":"ListItem","position":1,"name":"Home","item":"https:\/\/www.maccaferri.com\/fr\/"},{"@type":"ListItem","position":2,"name":"Stories","item":"https:\/\/www.maccaferri.com\/fr\/stories\/"},{"@type":"ListItem","position":3,"name":"AMENAGEMENT DES BERGES DU RHIN"}]},{"@type":"WebSite","@id":"https:\/\/www.maccaferri.com\/fr\/#website","url":"https:\/\/www.maccaferri.com\/fr\/","name":"Maccaferri France","description":"","publisher":{"@id":"https:\/\/www.maccaferri.com\/fr\/#organization"},"potentialAction":[{"@type":"SearchAction","target":{"@type":"EntryPoint","urlTemplate":"https:\/\/www.maccaferri.com\/fr\/?s={search_term_string}"},"query-input":{"@type":"PropertyValueSpecification","valueRequired":true,"valueName":"search_term_string"}}],"inLanguage":"fr-FR"},{"@type":"Organization","@id":"https:\/\/www.maccaferri.com\/fr\/#organization","name":"Maccaferri France","url":"https:\/\/www.maccaferri.com\/fr\/","logo":{"@type":"ImageObject","inLanguage":"fr-FR","@id":"https:\/\/www.maccaferri.com\/fr\/#\/schema\/logo\/image\/","url":"https:\/\/www.maccaferri.com\/fr\/wp-content\/uploads\/2022\/07\/logo-maccaferri.png","contentUrl":"https:\/\/www.maccaferri.com\/fr\/wp-content\/uploads\/2022\/07\/logo-maccaferri.png","width":152,"height":32,"caption":"Maccaferri France"},"image":{"@id":"https:\/\/www.maccaferri.com\/fr\/#\/schema\/logo\/image\/"}}]}},"_links":{"self":[{"href":"https:\/\/www.maccaferri.com\/fr\/wp-json\/wp\/v2\/stories\/110665","targetHints":{"allow":["GET"]}}],"collection":[{"href":"https:\/\/www.maccaferri.com\/fr\/wp-json\/wp\/v2\/stories"}],"about":[{"href":"https:\/\/www.maccaferri.com\/fr\/wp-json\/wp\/v2\/types\/stories"}],"acf:post":[{"embeddable":true,"href":"https:\/\/www.maccaferri.com\/fr\/wp-json\/wp\/v2\/sectors\/103466"},{"embeddable":true,"href":"https:\/\/www.maccaferri.com\/fr\/wp-json\/wp\/v2\/solution\/103547"},{"embeddable":true,"href":"https:\/\/www.maccaferri.com\/fr\/wp-json\/wp\/v2\/application\/103496"},{"embeddable":true,"href":"https:\/\/www.maccaferri.com\/fr\/wp-json\/wp\/v2\/prodotti\/113687"}],"wp:featuredmedia":[{"embeddable":true,"href":"https:\/\/www.maccaferri.com\/fr\/wp-json\/wp\/v2\/media\/9445"}],"wp:attachment":[{"href":"https:\/\/www.maccaferri.com\/fr\/wp-json\/wp\/v2\/media?parent=110665"}],"wp:term":[{"taxonomy":"stories-category","embeddable":true,"href":"https:\/\/www.maccaferri.com\/fr\/wp-json\/wp\/v2\/stories-category?post=110665"},{"taxonomy":"stories-tag","embeddable":true,"href":"https:\/\/www.maccaferri.com\/fr\/wp-json\/wp\/v2\/stories-tag?post=110665"}],"curies":[{"name":"wp","href":"https:\/\/api.w.org\/{rel}","templated":true}]}}