{"id":110464,"date":"2025-10-29T07:58:24","date_gmt":"2025-10-29T06:58:24","guid":{"rendered":"https:\/\/www.maccaferri.com\/fr\/success-stories\/zac-de-la-ballastiere-sud-habillage-facade-immeuble\/"},"modified":"2026-02-16T15:39:59","modified_gmt":"2026-02-16T14:39:59","slug":"zac-de-la-ballastiere-sud-habillage-facade-immeuble","status":"publish","type":"stories","link":"https:\/\/www.maccaferri.com\/fr\/exemples-de-r\u00e9ussites\/zac-de-la-ballastiere-sud-habillage-facade-immeuble\/","title":{"rendered":"ZAC DE LA BALLASTIERE SUD HABILLAGE FACADE IMMEUBLE"},"content":{"rendered":"<div class=\"container-full text-bocolor-block-white\">\n        <div class=\"row\">\n        <div class=\"col-12\">\n            <div class=\"container box-container\">\n                <div class=\"row\">\n                    <div class=\"col-12\">\n                        <h3>Challenge<\/h3>\n                    <\/div>\n                <\/div>\n            <\/div>\n        <\/div>    \n    <\/div>\n        <div class=\"row\">\n        <div class=\"col-12\">\n            <div class=\"container box-container\">\n                <div class=\"row\">\n                    <div class=\"col-12 content\">\n                        <p>Cette \u00e9tude de cas a pour objet les travaux d&#8217;habillage en gabion des fa\u00e7ades de la construction de 214 logements, de 7 boutiques, d&#8217;un supermarch\u00e9 sur parking de 190 places dans la ZAC de la BALLASTIERE SUD \u2013 ILOT 1 \u00e0 Limeil Br\u00e9vannes (94).<\/p>\n                    <\/div>\n                <\/div>\n            <\/div>\n        <\/div>\n    <\/div>\n    <\/div>\n<div class=\"container-full text-bocolor-block-green\">\n        <div class=\"row\">\n        <div class=\"col-12\">\n            <div class=\"container box-container\">\n                <div class=\"row\">\n                    <div class=\"col-12\">\n                        <h3>Solution<\/h3>\n                    <\/div>\n                <\/div>\n            <\/div>\n        <\/div>    \n    <\/div>\n        <div class=\"row\">\n        <div class=\"col-12\">\n            <div class=\"container box-container\">\n                <div class=\"row\">\n                    <div class=\"col-12 content\">\n                        <p>Maccaferri a r\u00e9alis\u00e9 la fourniture et la pose de l&#8217;habillage en gabion r\u00e9alis\u00e9 avec des panneaux \u00e9lectrosoud\u00e9s constituant le parement min\u00e9ral d&#8217;une \u00e9paisseur de 25 cm.  L&#8217;architecte ne souhaitait pas voir le gabion jusqu&#8217;en bas et des corni\u00e8res de reprise d&#8217;effort ont remplac\u00e9 les semelles habituellement en b\u00e9ton. Vu la hauteur d&#8217;habillage de 8m, ces m\u00eames corni\u00e8res ont \u00e9t\u00e9 install\u00e9es \u00e0 4m afin de reprendre les efforts trop importants au parement sur de telles hauteurs. Le jeu de couleur a \u00e9t\u00e9 obtenu avec deux types de pierres de remplissage. La premi\u00e8re de couleur grise provient de la carri\u00e8re du Boulonnais du bassin de Marquise (62) et la seconde, de couleur beige de la carri\u00e8re Degan \u00e0 Saint Maximin (60). <\/p>\n                    <\/div>\n                <\/div>\n            <\/div>\n        <\/div>\n    <\/div>\n    <\/div><div class=\"wp-block-mac-container-block box-container\"><div class=\"container\"><h2>Used Products<\/h2><div class=\"row\"><div class=\"col-12 col-sm-12 col-md-12 col-lg-3 col-xl-3 col-xxl-3\"><div class=\"wp-block-mac-card-new-block block-latest-news-container\"><div class=\"card\"><div class=\"content-images\"><img decoding=\"async\" class=\"box-image\" src=\"https:\/\/www.maccaferri.com\/fr\/wp-content\/uploads\/2025\/10\/Gabion_product_header_product\" alt=\"Gabions\" title=\"Gabions\" \/><\/div><div class=\"card-body\"><h6>Gabions<\/h6><span class=\"abstract\">Un large portefeuille de solutions  Maccaferri propose une gamme \u00e9tendue de solutions sur mesure pour r\u00e9pondre \u00e0 chaque besoin sp\u00e9cifique. Le<\/span><a href=\"https:\/\/www.maccaferri.com\/fr\/produits\/gabions\/\" class=\"cta\" rel=\"noopener\" title=\"Gabions\">Voir\n                           <span class=\"text\" value=\"\" \/>\n                           <\/a><div data-post-id=\"113687\" class=\"star \" title=\"Add to wishlist\"><span class=\"material-symbols-rounded starrate\">star<\/span><\/div><\/div><\/div><\/div><\/div><\/div><\/div><\/div><!--usedproducts-->","protected":false},"excerpt":{"rendered":"<p>Maccaferri a r\u00e9alis\u00e9 la fourniture et la pose de l&#39;habillage en gabion r\u00e9alis\u00e9 avec des panneaux \u00e9lectrosoud\u00e9s constituant le parement min\u00e9<\/p>\n","protected":false},"featured_media":9445,"parent":0,"menu_order":0,"template":"","stories-category":[],"stories-tag":[],"class_list":["post-110464","stories","type-stories","status-publish","has-post-thumbnail","hentry"],"acf":{"products":[113687],"applications":[103508,103508],"solutions":null,"sectors":[103460]},"yoast_head":"<!-- This site is optimized with the Yoast SEO Premium plugin v27.0 (Yoast SEO v27.0) - https:\/\/yoast.com\/product\/yoast-seo-premium-wordpress\/ -->\n<title>ZAC DE LA BALLASTIERE SUD HABILLAGE FACADE IMMEUBLE - Maccaferri France<\/title>\n<meta name=\"description\" content=\"D\u00e9couvrez nos r\u00e9ussites : ZAC DE LA BALLASTIERE SUD HABILLAGE FACADE IMMEUBLE. Du d\u00e9fi \u00e0 la solution, voyez comment nous avons aid\u00e9 nos clients \u00e0 atteindre leurs objectifs avec succ\u00e8s.\" \/>\n<meta name=\"robots\" content=\"index, follow, max-snippet:-1, max-image-preview:large, max-video-preview:-1\" \/>\n<link rel=\"canonical\" href=\"https:\/\/www.maccaferri.com\/fr\/exemples-de-r\u00e9ussites\/zac-de-la-ballastiere-sud-habillage-facade-immeuble\/\" \/>\n<meta property=\"og:locale\" content=\"fr_FR\" \/>\n<meta property=\"og:type\" content=\"article\" \/>\n<meta property=\"og:title\" content=\"ZAC DE LA BALLASTIERE SUD HABILLAGE FACADE IMMEUBLE\" \/>\n<meta property=\"og:description\" content=\"D\u00e9couvrez nos r\u00e9ussites : ZAC DE LA BALLASTIERE SUD HABILLAGE FACADE IMMEUBLE. Du d\u00e9fi \u00e0 la solution, voyez comment nous avons aid\u00e9 nos clients \u00e0 atteindre leurs objectifs avec succ\u00e8s.\" \/>\n<meta property=\"og:url\" content=\"https:\/\/www.maccaferri.com\/fr\/exemples-de-r\u00e9ussites\/zac-de-la-ballastiere-sud-habillage-facade-immeuble\/\" \/>\n<meta property=\"og:site_name\" content=\"Maccaferri France\" \/>\n<meta property=\"article:modified_time\" content=\"2026-02-16T14:39:59+00:00\" \/>\n<meta property=\"og:image\" content=\"https:\/\/www.maccaferri.com\/fr\/wp-content\/uploads\/2023\/02\/Success-Story-Default.jpg\" \/>\n\t<meta property=\"og:image:width\" content=\"1920\" \/>\n\t<meta property=\"og:image:height\" content=\"1024\" \/>\n\t<meta property=\"og:image:type\" content=\"image\/jpeg\" \/>\n<meta name=\"twitter:card\" content=\"summary_large_image\" \/>\n<script type=\"application\/ld+json\" class=\"yoast-schema-graph\">{\"@context\":\"https:\/\/schema.org\",\"@graph\":[{\"@type\":\"WebPage\",\"@id\":\"https:\/\/www.maccaferri.com\/fr\/exemples-de-r\u00e9ussites\/zac-de-la-ballastiere-sud-habillage-facade-immeuble\/\",\"url\":\"https:\/\/www.maccaferri.com\/fr\/exemples-de-r\u00e9ussites\/zac-de-la-ballastiere-sud-habillage-facade-immeuble\/\",\"name\":\"ZAC DE LA BALLASTIERE SUD HABILLAGE FACADE IMMEUBLE - Maccaferri France\",\"isPartOf\":{\"@id\":\"https:\/\/www.maccaferri.com\/fr\/#website\"},\"primaryImageOfPage\":{\"@id\":\"https:\/\/www.maccaferri.com\/fr\/exemples-de-r\u00e9ussites\/zac-de-la-ballastiere-sud-habillage-facade-immeuble\/#primaryimage\"},\"image\":{\"@id\":\"https:\/\/www.maccaferri.com\/fr\/exemples-de-r\u00e9ussites\/zac-de-la-ballastiere-sud-habillage-facade-immeuble\/#primaryimage\"},\"thumbnailUrl\":\"https:\/\/www.maccaferri.com\/fr\/wp-content\/uploads\/2023\/02\/Success-Story-Default.jpg\",\"datePublished\":\"2025-10-29T06:58:24+00:00\",\"dateModified\":\"2026-02-16T14:39:59+00:00\",\"description\":\"D\u00e9couvrez nos r\u00e9ussites : ZAC DE LA BALLASTIERE SUD HABILLAGE FACADE IMMEUBLE. Du d\u00e9fi \u00e0 la solution, voyez comment nous avons aid\u00e9 nos clients \u00e0 atteindre leurs objectifs avec succ\u00e8s.\",\"breadcrumb\":{\"@id\":\"https:\/\/www.maccaferri.com\/fr\/exemples-de-r\u00e9ussites\/zac-de-la-ballastiere-sud-habillage-facade-immeuble\/#breadcrumb\"},\"inLanguage\":\"fr-FR\",\"potentialAction\":[{\"@type\":\"ReadAction\",\"target\":[\"https:\/\/www.maccaferri.com\/fr\/exemples-de-r\u00e9ussites\/zac-de-la-ballastiere-sud-habillage-facade-immeuble\/\"]}]},{\"@type\":\"ImageObject\",\"inLanguage\":\"fr-FR\",\"@id\":\"https:\/\/www.maccaferri.com\/fr\/exemples-de-r\u00e9ussites\/zac-de-la-ballastiere-sud-habillage-facade-immeuble\/#primaryimage\",\"url\":\"https:\/\/www.maccaferri.com\/fr\/wp-content\/uploads\/2023\/02\/Success-Story-Default.jpg\",\"contentUrl\":\"https:\/\/www.maccaferri.com\/fr\/wp-content\/uploads\/2023\/02\/Success-Story-Default.jpg\",\"width\":1920,\"height\":1024},{\"@type\":\"BreadcrumbList\",\"@id\":\"https:\/\/www.maccaferri.com\/fr\/exemples-de-r\u00e9ussites\/zac-de-la-ballastiere-sud-habillage-facade-immeuble\/#breadcrumb\",\"itemListElement\":[{\"@type\":\"ListItem\",\"position\":1,\"name\":\"Home\",\"item\":\"https:\/\/www.maccaferri.com\/fr\/\"},{\"@type\":\"ListItem\",\"position\":2,\"name\":\"Stories\",\"item\":\"https:\/\/www.maccaferri.com\/fr\/stories\/\"},{\"@type\":\"ListItem\",\"position\":3,\"name\":\"ZAC DE LA BALLASTIERE SUD HABILLAGE FACADE IMMEUBLE\"}]},{\"@type\":\"WebSite\",\"@id\":\"https:\/\/www.maccaferri.com\/fr\/#website\",\"url\":\"https:\/\/www.maccaferri.com\/fr\/\",\"name\":\"Maccaferri France\",\"description\":\"\",\"publisher\":{\"@id\":\"https:\/\/www.maccaferri.com\/fr\/#organization\"},\"potentialAction\":[{\"@type\":\"SearchAction\",\"target\":{\"@type\":\"EntryPoint\",\"urlTemplate\":\"https:\/\/www.maccaferri.com\/fr\/?s={search_term_string}\"},\"query-input\":{\"@type\":\"PropertyValueSpecification\",\"valueRequired\":true,\"valueName\":\"search_term_string\"}}],\"inLanguage\":\"fr-FR\"},{\"@type\":\"Organization\",\"@id\":\"https:\/\/www.maccaferri.com\/fr\/#organization\",\"name\":\"Maccaferri France\",\"url\":\"https:\/\/www.maccaferri.com\/fr\/\",\"logo\":{\"@type\":\"ImageObject\",\"inLanguage\":\"fr-FR\",\"@id\":\"https:\/\/www.maccaferri.com\/fr\/#\/schema\/logo\/image\/\",\"url\":\"https:\/\/www.maccaferri.com\/fr\/wp-content\/uploads\/2022\/07\/logo-maccaferri.png\",\"contentUrl\":\"https:\/\/www.maccaferri.com\/fr\/wp-content\/uploads\/2022\/07\/logo-maccaferri.png\",\"width\":152,\"height\":32,\"caption\":\"Maccaferri France\"},\"image\":{\"@id\":\"https:\/\/www.maccaferri.com\/fr\/#\/schema\/logo\/image\/\"}}]}<\/script>\n<!-- \/ Yoast SEO Premium plugin. -->","yoast_head_json":{"title":"ZAC DE LA BALLASTIERE SUD HABILLAGE FACADE IMMEUBLE - Maccaferri France","description":"D\u00e9couvrez nos r\u00e9ussites : ZAC DE LA BALLASTIERE SUD HABILLAGE FACADE IMMEUBLE. Du d\u00e9fi \u00e0 la solution, voyez comment nous avons aid\u00e9 nos clients \u00e0 atteindre leurs objectifs avec succ\u00e8s.","robots":{"index":"index","follow":"follow","max-snippet":"max-snippet:-1","max-image-preview":"max-image-preview:large","max-video-preview":"max-video-preview:-1"},"canonical":"https:\/\/www.maccaferri.com\/fr\/exemples-de-r\u00e9ussites\/zac-de-la-ballastiere-sud-habillage-facade-immeuble\/","og_locale":"fr_FR","og_type":"article","og_title":"ZAC DE LA BALLASTIERE SUD HABILLAGE FACADE IMMEUBLE","og_description":"D\u00e9couvrez nos r\u00e9ussites : ZAC DE LA BALLASTIERE SUD HABILLAGE FACADE IMMEUBLE. Du d\u00e9fi \u00e0 la solution, voyez comment nous avons aid\u00e9 nos clients \u00e0 atteindre leurs objectifs avec succ\u00e8s.","og_url":"https:\/\/www.maccaferri.com\/fr\/exemples-de-r\u00e9ussites\/zac-de-la-ballastiere-sud-habillage-facade-immeuble\/","og_site_name":"Maccaferri France","article_modified_time":"2026-02-16T14:39:59+00:00","og_image":[{"width":1920,"height":1024,"url":"https:\/\/www.maccaferri.com\/fr\/wp-content\/uploads\/2023\/02\/Success-Story-Default.jpg","type":"image\/jpeg"}],"twitter_card":"summary_large_image","schema":{"@context":"https:\/\/schema.org","@graph":[{"@type":"WebPage","@id":"https:\/\/www.maccaferri.com\/fr\/exemples-de-r\u00e9ussites\/zac-de-la-ballastiere-sud-habillage-facade-immeuble\/","url":"https:\/\/www.maccaferri.com\/fr\/exemples-de-r\u00e9ussites\/zac-de-la-ballastiere-sud-habillage-facade-immeuble\/","name":"ZAC DE LA BALLASTIERE SUD HABILLAGE FACADE IMMEUBLE - Maccaferri France","isPartOf":{"@id":"https:\/\/www.maccaferri.com\/fr\/#website"},"primaryImageOfPage":{"@id":"https:\/\/www.maccaferri.com\/fr\/exemples-de-r\u00e9ussites\/zac-de-la-ballastiere-sud-habillage-facade-immeuble\/#primaryimage"},"image":{"@id":"https:\/\/www.maccaferri.com\/fr\/exemples-de-r\u00e9ussites\/zac-de-la-ballastiere-sud-habillage-facade-immeuble\/#primaryimage"},"thumbnailUrl":"https:\/\/www.maccaferri.com\/fr\/wp-content\/uploads\/2023\/02\/Success-Story-Default.jpg","datePublished":"2025-10-29T06:58:24+00:00","dateModified":"2026-02-16T14:39:59+00:00","description":"D\u00e9couvrez nos r\u00e9ussites : ZAC DE LA BALLASTIERE SUD HABILLAGE FACADE IMMEUBLE. Du d\u00e9fi \u00e0 la solution, voyez comment nous avons aid\u00e9 nos clients \u00e0 atteindre leurs objectifs avec succ\u00e8s.","breadcrumb":{"@id":"https:\/\/www.maccaferri.com\/fr\/exemples-de-r\u00e9ussites\/zac-de-la-ballastiere-sud-habillage-facade-immeuble\/#breadcrumb"},"inLanguage":"fr-FR","potentialAction":[{"@type":"ReadAction","target":["https:\/\/www.maccaferri.com\/fr\/exemples-de-r\u00e9ussites\/zac-de-la-ballastiere-sud-habillage-facade-immeuble\/"]}]},{"@type":"ImageObject","inLanguage":"fr-FR","@id":"https:\/\/www.maccaferri.com\/fr\/exemples-de-r\u00e9ussites\/zac-de-la-ballastiere-sud-habillage-facade-immeuble\/#primaryimage","url":"https:\/\/www.maccaferri.com\/fr\/wp-content\/uploads\/2023\/02\/Success-Story-Default.jpg","contentUrl":"https:\/\/www.maccaferri.com\/fr\/wp-content\/uploads\/2023\/02\/Success-Story-Default.jpg","width":1920,"height":1024},{"@type":"BreadcrumbList","@id":"https:\/\/www.maccaferri.com\/fr\/exemples-de-r\u00e9ussites\/zac-de-la-ballastiere-sud-habillage-facade-immeuble\/#breadcrumb","itemListElement":[{"@type":"ListItem","position":1,"name":"Home","item":"https:\/\/www.maccaferri.com\/fr\/"},{"@type":"ListItem","position":2,"name":"Stories","item":"https:\/\/www.maccaferri.com\/fr\/stories\/"},{"@type":"ListItem","position":3,"name":"ZAC DE LA BALLASTIERE SUD HABILLAGE FACADE IMMEUBLE"}]},{"@type":"WebSite","@id":"https:\/\/www.maccaferri.com\/fr\/#website","url":"https:\/\/www.maccaferri.com\/fr\/","name":"Maccaferri France","description":"","publisher":{"@id":"https:\/\/www.maccaferri.com\/fr\/#organization"},"potentialAction":[{"@type":"SearchAction","target":{"@type":"EntryPoint","urlTemplate":"https:\/\/www.maccaferri.com\/fr\/?s={search_term_string}"},"query-input":{"@type":"PropertyValueSpecification","valueRequired":true,"valueName":"search_term_string"}}],"inLanguage":"fr-FR"},{"@type":"Organization","@id":"https:\/\/www.maccaferri.com\/fr\/#organization","name":"Maccaferri France","url":"https:\/\/www.maccaferri.com\/fr\/","logo":{"@type":"ImageObject","inLanguage":"fr-FR","@id":"https:\/\/www.maccaferri.com\/fr\/#\/schema\/logo\/image\/","url":"https:\/\/www.maccaferri.com\/fr\/wp-content\/uploads\/2022\/07\/logo-maccaferri.png","contentUrl":"https:\/\/www.maccaferri.com\/fr\/wp-content\/uploads\/2022\/07\/logo-maccaferri.png","width":152,"height":32,"caption":"Maccaferri France"},"image":{"@id":"https:\/\/www.maccaferri.com\/fr\/#\/schema\/logo\/image\/"}}]}},"_links":{"self":[{"href":"https:\/\/www.maccaferri.com\/fr\/wp-json\/wp\/v2\/stories\/110464","targetHints":{"allow":["GET"]}}],"collection":[{"href":"https:\/\/www.maccaferri.com\/fr\/wp-json\/wp\/v2\/stories"}],"about":[{"href":"https:\/\/www.maccaferri.com\/fr\/wp-json\/wp\/v2\/types\/stories"}],"acf:post":[{"embeddable":true,"href":"https:\/\/www.maccaferri.com\/fr\/wp-json\/wp\/v2\/sectors\/103460"},{"embeddable":true,"href":"https:\/\/www.maccaferri.com\/fr\/wp-json\/wp\/v2\/application\/103508"},{"embeddable":true,"href":"https:\/\/www.maccaferri.com\/fr\/wp-json\/wp\/v2\/prodotti\/113687"}],"wp:featuredmedia":[{"embeddable":true,"href":"https:\/\/www.maccaferri.com\/fr\/wp-json\/wp\/v2\/media\/9445"}],"wp:attachment":[{"href":"https:\/\/www.maccaferri.com\/fr\/wp-json\/wp\/v2\/media?parent=110464"}],"wp:term":[{"taxonomy":"stories-category","embeddable":true,"href":"https:\/\/www.maccaferri.com\/fr\/wp-json\/wp\/v2\/stories-category?post=110464"},{"taxonomy":"stories-tag","embeddable":true,"href":"https:\/\/www.maccaferri.com\/fr\/wp-json\/wp\/v2\/stories-tag?post=110464"}],"curies":[{"name":"wp","href":"https:\/\/api.w.org\/{rel}","templated":true}]}}