{"id":110461,"date":"2025-10-29T07:58:23","date_gmt":"2025-10-29T06:58:23","guid":{"rendered":"https:\/\/www.maccaferri.com\/fr\/success-stories\/stabilisation-du-casier-a-sediments-du-polder-de-brest-brest-29\/"},"modified":"2026-02-16T15:39:54","modified_gmt":"2026-02-16T14:39:54","slug":"stabilisation-du-casier-a-sediments-du-polder-de-brest-brest-29","status":"publish","type":"stories","link":"https:\/\/www.maccaferri.com\/fr\/exemples-de-r\u00e9ussites\/stabilisation-du-casier-a-sediments-du-polder-de-brest-brest-29\/","title":{"rendered":"Stabilisation du casier \u00e0 s\u00e9diments du Polder de Brest &#8211; Brest, 29"},"content":{"rendered":"<div class=\"container-fluid carousel-image-gallery\">\n        <div class=\"row\">\n            <div id=\"carouselImageblock_63ae097fdffd7\" class=\"carousel slide carouselImageGallery\" data-bs-ride=\"carousel\">\n                <!-- \/\/ Indicators -->\n                <ol class=\"carousel-indicators\">\n                                            <li data-bs-target=\"#carouselImageblock_63ae097fdffd7\" data-bs-slide-to=\"0\" class=\"active\" aria-current=\"true\" aria-label=\"Slide\"><\/li>\n                                            <li data-bs-target=\"#carouselImageblock_63ae097fdffd7\" data-bs-slide-to=\"1\" class=\"\" aria-current=\"true\" aria-label=\"Slide\"><\/li>\n                                            <li data-bs-target=\"#carouselImageblock_63ae097fdffd7\" data-bs-slide-to=\"2\" class=\"\" aria-current=\"true\" aria-label=\"Slide\"><\/li>\n                                            <li data-bs-target=\"#carouselImageblock_63ae097fdffd7\" data-bs-slide-to=\"3\" class=\"\" aria-current=\"true\" aria-label=\"Slide\"><\/li>\n                                            <li data-bs-target=\"#carouselImageblock_63ae097fdffd7\" data-bs-slide-to=\"4\" class=\"\" aria-current=\"true\" aria-label=\"Slide\"><\/li>\n                                    <\/ol>\n\n                <div class=\"carousel-inner container\" role=\"listbox\">\n                                            <div class=\"carousel-item active\">\n                        <div class=\"col-12 col-lg-4 col-xl-4 col-xxl-4 space-mobile\">\n                            <div class=\"grid-item-wrapper\">\n                                <div class=\"img-responsive-wrapper\">\n                                    <div class=\"img-responsive\">\n                                        <div class=\"img-wrapper\"><img decoding=\"async\" src=\"https:\/\/www.maccaferri.com\/fr\/wp-content\/uploads\/2024\/08\/3473_1.jpg\" alt=\"\" \/><\/div>\n                                    <\/div>\n                                <\/div>\n                                <div class=\"griditem-text-wrapper text-center\">\n                                    <p class=\"griditem-text text-center\">Rouleaux ancr\u00e9s sous la piste p\u00e9riph\u00e9rique, d\u00e9roul\u00e9s vers le centre du casier<\/p>\n                   \n                                <\/div>\n                            <\/div>\n                        <\/div>\n                        <\/div>\n                                            <div class=\"carousel-item \">\n                        <div class=\"col-12 col-lg-4 col-xl-4 col-xxl-4 space-mobile\">\n                            <div class=\"grid-item-wrapper\">\n                                <div class=\"img-responsive-wrapper\">\n                                    <div class=\"img-responsive\">\n                                        <div class=\"img-wrapper\"><img decoding=\"async\" src=\"https:\/\/www.maccaferri.com\/fr\/wp-content\/uploads\/2024\/08\/3473_2.jpg\" alt=\"\" \/><\/div>\n                                    <\/div>\n                                <\/div>\n                                <div class=\"griditem-text-wrapper text-center\">\n                                    <p class=\"griditem-text text-center\">Macgrid CE pos\u00e9e en 2 couches crois\u00e9es et lest\u00e9s<\/p>\n                   \n                                <\/div>\n                            <\/div>\n                        <\/div>\n                        <\/div>\n                                            <div class=\"carousel-item \">\n                        <div class=\"col-12 col-lg-4 col-xl-4 col-xxl-4 space-mobile\">\n                            <div class=\"grid-item-wrapper\">\n                                <div class=\"img-responsive-wrapper\">\n                                    <div class=\"img-responsive\">\n                                        <div class=\"img-wrapper\"><img decoding=\"async\" src=\"https:\/\/www.maccaferri.com\/fr\/wp-content\/uploads\/2024\/08\/3473_3.jpg\" alt=\"\" \/><\/div>\n                                    <\/div>\n                                <\/div>\n                                <div class=\"griditem-text-wrapper text-center\">\n                                    <p class=\"griditem-text text-center\">Mise en \u0153uvre de la couverture<\/p>\n                   \n                                <\/div>\n                            <\/div>\n                        <\/div>\n                        <\/div>\n                                            <div class=\"carousel-item \">\n                        <div class=\"col-12 col-lg-4 col-xl-4 col-xxl-4 space-mobile\">\n                            <div class=\"grid-item-wrapper\">\n                                <div class=\"img-responsive-wrapper\">\n                                    <div class=\"img-responsive\">\n                                        <div class=\"img-wrapper\"><img decoding=\"async\" src=\"https:\/\/www.maccaferri.com\/fr\/wp-content\/uploads\/2024\/08\/3473_4.jpg\" alt=\"\" \/><\/div>\n                                    <\/div>\n                                <\/div>\n                                <div class=\"griditem-text-wrapper text-center\">\n                                    <p class=\"griditem-text text-center\">Rouleaux de MacGrid CE 40S<\/p>\n                   \n                                <\/div>\n                            <\/div>\n                        <\/div>\n                        <\/div>\n                                            <div class=\"carousel-item \">\n                        <div class=\"col-12 col-lg-4 col-xl-4 col-xxl-4 space-mobile\">\n                            <div class=\"grid-item-wrapper\">\n                                <div class=\"img-responsive-wrapper\">\n                                    <div class=\"img-responsive\">\n                                        <div class=\"img-wrapper\"><img decoding=\"async\" src=\"https:\/\/www.maccaferri.com\/fr\/wp-content\/uploads\/2024\/08\/3473_dwg.jpg\" alt=\"\" \/><\/div>\n                                    <\/div>\n                                <\/div>\n                                <div class=\"griditem-text-wrapper text-center\">\n                                    <p class=\"griditem-text text-center\">Vue a\u00e9rienne du chantier<\/p>\n                   \n                                <\/div>\n                            <\/div>\n                        <\/div>\n                        <\/div>\n                                    <\/div>\n            <\/div>\n\n        <\/div>\n    <\/div><div class=\"container-full text-bocolor-block-white\">\n        <div class=\"row\">\n        <div class=\"col-12\">\n            <div class=\"container box-container\">\n                <div class=\"row\">\n                    <div class=\"col-12\">\n                        <h3>Challenge<\/h3>\n                    <\/div>\n                <\/div>\n            <\/div>\n        <\/div>    \n    <\/div>\n        <div class=\"row\">\n        <div class=\"col-12\">\n            <div class=\"container box-container\">\n                <div class=\"row\">\n                    <div class=\"col-12 content\">\n                        <p>Depuis 2007, la R\u00e9gion Bretagne a engag\u00e9 le projet d\u2019un nouveau polder \u00e0 Brest afin d\u2019implanter un terminal d\u00e9di\u00e9 aux \u00e9nergies marines renouvelables. C\u2019est un quai de 380m de long pour l\u2019accueil des bateaux transportant des \u00e9oliennes ainsi qu\u2019un vaste polder qui verra le jour. Le chantier s\u2019\u00e9tend sur 50 hectares dont 15 ha gagn\u00e9s sur la mer dans une zone pr\u00e9sentant une forte couche de vase. La difficult\u00e9 \u00e9tait donc de construire le quai, la plateforme et la digue d&#8217;encl\u00f4ture sur un fond marin tr\u00e8s peu portant. Plus d&#8217;un million de m3 de s\u00e9diments fins ont \u00e9t\u00e9 dragu\u00e9s et stock\u00e9s dans un casier \u00e0 l\u2019arri\u00e8re de la digue.&nbsp;<\/p>\n                    <\/div>\n                <\/div>\n            <\/div>\n        <\/div>\n    <\/div>\n    <\/div>\n<div class=\"container-full text-bocolor-block-green\">\n        <div class=\"row\">\n        <div class=\"col-12\">\n            <div class=\"container box-container\">\n                <div class=\"row\">\n                    <div class=\"col-12\">\n                        <h3>Solution<\/h3>\n                    <\/div>\n                <\/div>\n            <\/div>\n        <\/div>    \n    <\/div>\n        <div class=\"row\">\n        <div class=\"col-12\">\n            <div class=\"container box-container\">\n                <div class=\"row\">\n                    <div class=\"col-12 content\">\n                        <p>La soci\u00e9t\u00e9 Maccaferri a \u00e9t\u00e9 sollicit\u00e9e par la soci\u00e9t\u00e9 SDI pour une solution de stabilisation par g\u00e9ogrille pour recouvrir le casier \u00e0 s\u00e9diments (Impossibilit\u00e9 de mettre en oeuvre la couverture car les mat\u00e9riaux se m\u00e9langeaient aux s\u00e9diments).<\/p>\n<p>La solution g\u00e9osynth\u00e9tique la plus adapt\u00e9e est le g\u00e9ocomposite de traficabilit\u00e9 MacGrid CE 40S compos\u00e9 d\u2019un g\u00e9otextile de filtration et d\u2019une g\u00e9ogrille de stabilisation. Le g\u00e9otextile assure la s\u00e9paration entre les s\u00e9diments et la couche de remblai emp\u00eachant la remont\u00e9e des nombreuses particules fines. La g\u00e9ogrille en polypropyl\u00e8ne extrud\u00e9e pr\u00e9sente une r\u00e9sistance bidirectionnelle et une tr\u00e8s forte raideur \u00e0 faible d\u00e9formation (plus de 1100 kN\/m \u00e0 seulement \u00e0 0,5 % de d\u00e9formation). Ses mailles carr\u00e9es rigides et \u00e9paisses permettent un interblocage des particules de remblai et assurent un confinement lat\u00e9ral de la base du remblai augmentant l&#8217;angle de diffusion de la charge et la portance.<\/p>\n<p>Plus de 148 000 m\u00b2 de Macgrid CE40S ont \u00e9t\u00e9 install\u00e9es en deux couches crois\u00e9es dans le but d\u2019une continuit\u00e9 de la filtration et de renforcement. La Macgrid CE a \u00e9t\u00e9 plac\u00e9e depuis le bord du casier et d\u00e9roul\u00e9e vers le centre. Une fois l\u2019ensemble d\u2019une zone recouverte, les mat\u00e9riaux de couverture ont \u00e9t\u00e9 pouss\u00e9s depuis le bord vers le centre \u00e0 l\u2019aide d\u2019un bulldozer l\u00e9ger.<\/p>\n<p>Le dimensionnement et la portance offerts par la MacGrid CE se sont r\u00e9v\u00e9l\u00e9s une nouvelle fois concluants sur des sols non portants.<\/p>\n                    <\/div>\n                <\/div>\n            <\/div>\n        <\/div>\n    <\/div>\n    <\/div><div class=\"wp-block-mac-container-block box-container\"><div class=\"container\"><h2>Used Products<\/h2><div class=\"row\"><div class=\"col-12 col-sm-12 col-md-12 col-lg-3 col-xl-3 col-xxl-3\"><div class=\"wp-block-mac-card-new-block block-latest-news-container\"><div class=\"card\"><div class=\"content-images\"><img decoding=\"async\" class=\"box-image\" src=\"https:\/\/www.maccaferri.com\/fr\/wp-content\/uploads\/2024\/07\/Biaxial-Geogrids_header.jpg\" alt=\"G\u00e9ogrilles biaxiales\" title=\"G\u00e9ogrilles biaxiales\" \/><\/div><div class=\"card-body\"><h6>G\u00e9ogrilles biaxiales<\/h6><span class=\"abstract\">MacGrid WG-S Des g\u00e9ogrilles enduites tricot\u00e9es en PET \u00e0haute t\u00e9nacit\u00e9  sont \u00e9galement disponibles et utilis\u00e9es dans ces types d&#8217;applicat<\/span><a href=\"https:\/\/www.maccaferri.com\/fr\/produits\/geogrilles-biaxiales\/\" class=\"cta\" rel=\"noopener\" title=\"G\u00e9ogrilles biaxiales\">Voir\n                           <span class=\"text\" value=\"\" \/>\n                           <\/a><div data-post-id=\"113600\" class=\"star \" title=\"Add to wishlist\"><span class=\"material-symbols-rounded starrate\">star<\/span><\/div><\/div><\/div><\/div><\/div><\/div><\/div><\/div><!--usedproducts-->","protected":false},"excerpt":{"rendered":"<p>La soci\u00e9t\u00e9 Maccaferri a \u00e9t\u00e9 sollicit\u00e9e par la soci\u00e9t\u00e9 SDI pour une solution de stabilisation par g\u00e9ogrille pour recouvrir le casier \u00e0 s\u00e9dime<\/p>\n","protected":false},"featured_media":81647,"parent":0,"menu_order":0,"template":"","stories-category":[],"stories-tag":[],"class_list":["post-110461","stories","type-stories","status-publish","has-post-thumbnail","hentry"],"acf":{"products":[113600],"applications":[103517,103517],"solutions":[103622],"sectors":[103445]},"yoast_head":"<!-- This site is optimized with the Yoast SEO Premium plugin v27.0 (Yoast SEO v27.0) - https:\/\/yoast.com\/product\/yoast-seo-premium-wordpress\/ -->\n<title>Stabilisation du casier \u00e0 s\u00e9diments du Polder de Brest - Brest, 29 - Maccaferri France<\/title>\n<meta name=\"description\" content=\"D\u00e9couvrez nos r\u00e9ussites : Stabilisation du casier \u00e0 s\u00e9diments du Polder de Brest - Brest, 29. Du d\u00e9fi \u00e0 la solution, voyez comment nous avons aid\u00e9 nos clients \u00e0 atteindre leurs objectifs avec succ\u00e8s.\" \/>\n<meta name=\"robots\" content=\"index, follow, max-snippet:-1, max-image-preview:large, max-video-preview:-1\" \/>\n<link rel=\"canonical\" href=\"https:\/\/www.maccaferri.com\/fr\/exemples-de-r\u00e9ussites\/stabilisation-du-casier-a-sediments-du-polder-de-brest-brest-29\/\" \/>\n<meta property=\"og:locale\" content=\"fr_FR\" \/>\n<meta property=\"og:type\" content=\"article\" \/>\n<meta property=\"og:title\" content=\"Stabilisation du casier \u00e0 s\u00e9diments du Polder de Brest - Brest, 29\" \/>\n<meta property=\"og:description\" content=\"D\u00e9couvrez nos r\u00e9ussites : Stabilisation du casier \u00e0 s\u00e9diments du Polder de Brest - Brest, 29. Du d\u00e9fi \u00e0 la solution, voyez comment nous avons aid\u00e9 nos clients \u00e0 atteindre leurs objectifs avec succ\u00e8s.\" \/>\n<meta property=\"og:url\" content=\"https:\/\/www.maccaferri.com\/fr\/exemples-de-r\u00e9ussites\/stabilisation-du-casier-a-sediments-du-polder-de-brest-brest-29\/\" \/>\n<meta property=\"og:site_name\" content=\"Maccaferri France\" \/>\n<meta property=\"article:modified_time\" content=\"2026-02-16T14:39:54+00:00\" \/>\n<meta property=\"og:image\" content=\"https:\/\/www.maccaferri.com\/fr\/wp-content\/uploads\/2024\/08\/3473_dwg.jpg\" \/>\n\t<meta property=\"og:image:width\" content=\"1200\" \/>\n\t<meta property=\"og:image:height\" content=\"617\" \/>\n\t<meta property=\"og:image:type\" content=\"image\/jpeg\" \/>\n<meta name=\"twitter:card\" content=\"summary_large_image\" \/>\n<script type=\"application\/ld+json\" class=\"yoast-schema-graph\">{\"@context\":\"https:\/\/schema.org\",\"@graph\":[{\"@type\":\"WebPage\",\"@id\":\"https:\/\/www.maccaferri.com\/fr\/exemples-de-r\u00e9ussites\/stabilisation-du-casier-a-sediments-du-polder-de-brest-brest-29\/\",\"url\":\"https:\/\/www.maccaferri.com\/fr\/exemples-de-r\u00e9ussites\/stabilisation-du-casier-a-sediments-du-polder-de-brest-brest-29\/\",\"name\":\"Stabilisation du casier \u00e0 s\u00e9diments du Polder de Brest - Brest, 29 - Maccaferri France\",\"isPartOf\":{\"@id\":\"https:\/\/www.maccaferri.com\/fr\/#website\"},\"primaryImageOfPage\":{\"@id\":\"https:\/\/www.maccaferri.com\/fr\/exemples-de-r\u00e9ussites\/stabilisation-du-casier-a-sediments-du-polder-de-brest-brest-29\/#primaryimage\"},\"image\":{\"@id\":\"https:\/\/www.maccaferri.com\/fr\/exemples-de-r\u00e9ussites\/stabilisation-du-casier-a-sediments-du-polder-de-brest-brest-29\/#primaryimage\"},\"thumbnailUrl\":\"https:\/\/www.maccaferri.com\/fr\/wp-content\/uploads\/2024\/08\/3473_dwg.jpg\",\"datePublished\":\"2025-10-29T06:58:23+00:00\",\"dateModified\":\"2026-02-16T14:39:54+00:00\",\"description\":\"D\u00e9couvrez nos r\u00e9ussites : Stabilisation du casier \u00e0 s\u00e9diments du Polder de Brest - Brest, 29. Du d\u00e9fi \u00e0 la solution, voyez comment nous avons aid\u00e9 nos clients \u00e0 atteindre leurs objectifs avec succ\u00e8s.\",\"breadcrumb\":{\"@id\":\"https:\/\/www.maccaferri.com\/fr\/exemples-de-r\u00e9ussites\/stabilisation-du-casier-a-sediments-du-polder-de-brest-brest-29\/#breadcrumb\"},\"inLanguage\":\"fr-FR\",\"potentialAction\":[{\"@type\":\"ReadAction\",\"target\":[\"https:\/\/www.maccaferri.com\/fr\/exemples-de-r\u00e9ussites\/stabilisation-du-casier-a-sediments-du-polder-de-brest-brest-29\/\"]}]},{\"@type\":\"ImageObject\",\"inLanguage\":\"fr-FR\",\"@id\":\"https:\/\/www.maccaferri.com\/fr\/exemples-de-r\u00e9ussites\/stabilisation-du-casier-a-sediments-du-polder-de-brest-brest-29\/#primaryimage\",\"url\":\"https:\/\/www.maccaferri.com\/fr\/wp-content\/uploads\/2024\/08\/3473_dwg.jpg\",\"contentUrl\":\"https:\/\/www.maccaferri.com\/fr\/wp-content\/uploads\/2024\/08\/3473_dwg.jpg\",\"width\":1200,\"height\":617,\"caption\":\"Vue a\u00e9rienne du chantier\"},{\"@type\":\"BreadcrumbList\",\"@id\":\"https:\/\/www.maccaferri.com\/fr\/exemples-de-r\u00e9ussites\/stabilisation-du-casier-a-sediments-du-polder-de-brest-brest-29\/#breadcrumb\",\"itemListElement\":[{\"@type\":\"ListItem\",\"position\":1,\"name\":\"Home\",\"item\":\"https:\/\/www.maccaferri.com\/fr\/\"},{\"@type\":\"ListItem\",\"position\":2,\"name\":\"Stories\",\"item\":\"https:\/\/www.maccaferri.com\/fr\/stories\/\"},{\"@type\":\"ListItem\",\"position\":3,\"name\":\"Stabilisation du casier \u00e0 s\u00e9diments du Polder de Brest &#8211; Brest, 29\"}]},{\"@type\":\"WebSite\",\"@id\":\"https:\/\/www.maccaferri.com\/fr\/#website\",\"url\":\"https:\/\/www.maccaferri.com\/fr\/\",\"name\":\"Maccaferri France\",\"description\":\"\",\"publisher\":{\"@id\":\"https:\/\/www.maccaferri.com\/fr\/#organization\"},\"potentialAction\":[{\"@type\":\"SearchAction\",\"target\":{\"@type\":\"EntryPoint\",\"urlTemplate\":\"https:\/\/www.maccaferri.com\/fr\/?s={search_term_string}\"},\"query-input\":{\"@type\":\"PropertyValueSpecification\",\"valueRequired\":true,\"valueName\":\"search_term_string\"}}],\"inLanguage\":\"fr-FR\"},{\"@type\":\"Organization\",\"@id\":\"https:\/\/www.maccaferri.com\/fr\/#organization\",\"name\":\"Maccaferri France\",\"url\":\"https:\/\/www.maccaferri.com\/fr\/\",\"logo\":{\"@type\":\"ImageObject\",\"inLanguage\":\"fr-FR\",\"@id\":\"https:\/\/www.maccaferri.com\/fr\/#\/schema\/logo\/image\/\",\"url\":\"https:\/\/www.maccaferri.com\/fr\/wp-content\/uploads\/2022\/07\/logo-maccaferri.png\",\"contentUrl\":\"https:\/\/www.maccaferri.com\/fr\/wp-content\/uploads\/2022\/07\/logo-maccaferri.png\",\"width\":152,\"height\":32,\"caption\":\"Maccaferri France\"},\"image\":{\"@id\":\"https:\/\/www.maccaferri.com\/fr\/#\/schema\/logo\/image\/\"}}]}<\/script>\n<!-- \/ Yoast SEO Premium plugin. -->","yoast_head_json":{"title":"Stabilisation du casier \u00e0 s\u00e9diments du Polder de Brest - Brest, 29 - Maccaferri France","description":"D\u00e9couvrez nos r\u00e9ussites : Stabilisation du casier \u00e0 s\u00e9diments du Polder de Brest - Brest, 29. Du d\u00e9fi \u00e0 la solution, voyez comment nous avons aid\u00e9 nos clients \u00e0 atteindre leurs objectifs avec succ\u00e8s.","robots":{"index":"index","follow":"follow","max-snippet":"max-snippet:-1","max-image-preview":"max-image-preview:large","max-video-preview":"max-video-preview:-1"},"canonical":"https:\/\/www.maccaferri.com\/fr\/exemples-de-r\u00e9ussites\/stabilisation-du-casier-a-sediments-du-polder-de-brest-brest-29\/","og_locale":"fr_FR","og_type":"article","og_title":"Stabilisation du casier \u00e0 s\u00e9diments du Polder de Brest - Brest, 29","og_description":"D\u00e9couvrez nos r\u00e9ussites : Stabilisation du casier \u00e0 s\u00e9diments du Polder de Brest - Brest, 29. Du d\u00e9fi \u00e0 la solution, voyez comment nous avons aid\u00e9 nos clients \u00e0 atteindre leurs objectifs avec succ\u00e8s.","og_url":"https:\/\/www.maccaferri.com\/fr\/exemples-de-r\u00e9ussites\/stabilisation-du-casier-a-sediments-du-polder-de-brest-brest-29\/","og_site_name":"Maccaferri France","article_modified_time":"2026-02-16T14:39:54+00:00","og_image":[{"width":1200,"height":617,"url":"https:\/\/www.maccaferri.com\/fr\/wp-content\/uploads\/2024\/08\/3473_dwg.jpg","type":"image\/jpeg"}],"twitter_card":"summary_large_image","schema":{"@context":"https:\/\/schema.org","@graph":[{"@type":"WebPage","@id":"https:\/\/www.maccaferri.com\/fr\/exemples-de-r\u00e9ussites\/stabilisation-du-casier-a-sediments-du-polder-de-brest-brest-29\/","url":"https:\/\/www.maccaferri.com\/fr\/exemples-de-r\u00e9ussites\/stabilisation-du-casier-a-sediments-du-polder-de-brest-brest-29\/","name":"Stabilisation du casier \u00e0 s\u00e9diments du Polder de Brest - Brest, 29 - Maccaferri France","isPartOf":{"@id":"https:\/\/www.maccaferri.com\/fr\/#website"},"primaryImageOfPage":{"@id":"https:\/\/www.maccaferri.com\/fr\/exemples-de-r\u00e9ussites\/stabilisation-du-casier-a-sediments-du-polder-de-brest-brest-29\/#primaryimage"},"image":{"@id":"https:\/\/www.maccaferri.com\/fr\/exemples-de-r\u00e9ussites\/stabilisation-du-casier-a-sediments-du-polder-de-brest-brest-29\/#primaryimage"},"thumbnailUrl":"https:\/\/www.maccaferri.com\/fr\/wp-content\/uploads\/2024\/08\/3473_dwg.jpg","datePublished":"2025-10-29T06:58:23+00:00","dateModified":"2026-02-16T14:39:54+00:00","description":"D\u00e9couvrez nos r\u00e9ussites : Stabilisation du casier \u00e0 s\u00e9diments du Polder de Brest - Brest, 29. Du d\u00e9fi \u00e0 la solution, voyez comment nous avons aid\u00e9 nos clients \u00e0 atteindre leurs objectifs avec succ\u00e8s.","breadcrumb":{"@id":"https:\/\/www.maccaferri.com\/fr\/exemples-de-r\u00e9ussites\/stabilisation-du-casier-a-sediments-du-polder-de-brest-brest-29\/#breadcrumb"},"inLanguage":"fr-FR","potentialAction":[{"@type":"ReadAction","target":["https:\/\/www.maccaferri.com\/fr\/exemples-de-r\u00e9ussites\/stabilisation-du-casier-a-sediments-du-polder-de-brest-brest-29\/"]}]},{"@type":"ImageObject","inLanguage":"fr-FR","@id":"https:\/\/www.maccaferri.com\/fr\/exemples-de-r\u00e9ussites\/stabilisation-du-casier-a-sediments-du-polder-de-brest-brest-29\/#primaryimage","url":"https:\/\/www.maccaferri.com\/fr\/wp-content\/uploads\/2024\/08\/3473_dwg.jpg","contentUrl":"https:\/\/www.maccaferri.com\/fr\/wp-content\/uploads\/2024\/08\/3473_dwg.jpg","width":1200,"height":617,"caption":"Vue a\u00e9rienne du chantier"},{"@type":"BreadcrumbList","@id":"https:\/\/www.maccaferri.com\/fr\/exemples-de-r\u00e9ussites\/stabilisation-du-casier-a-sediments-du-polder-de-brest-brest-29\/#breadcrumb","itemListElement":[{"@type":"ListItem","position":1,"name":"Home","item":"https:\/\/www.maccaferri.com\/fr\/"},{"@type":"ListItem","position":2,"name":"Stories","item":"https:\/\/www.maccaferri.com\/fr\/stories\/"},{"@type":"ListItem","position":3,"name":"Stabilisation du casier \u00e0 s\u00e9diments du Polder de Brest &#8211; Brest, 29"}]},{"@type":"WebSite","@id":"https:\/\/www.maccaferri.com\/fr\/#website","url":"https:\/\/www.maccaferri.com\/fr\/","name":"Maccaferri France","description":"","publisher":{"@id":"https:\/\/www.maccaferri.com\/fr\/#organization"},"potentialAction":[{"@type":"SearchAction","target":{"@type":"EntryPoint","urlTemplate":"https:\/\/www.maccaferri.com\/fr\/?s={search_term_string}"},"query-input":{"@type":"PropertyValueSpecification","valueRequired":true,"valueName":"search_term_string"}}],"inLanguage":"fr-FR"},{"@type":"Organization","@id":"https:\/\/www.maccaferri.com\/fr\/#organization","name":"Maccaferri France","url":"https:\/\/www.maccaferri.com\/fr\/","logo":{"@type":"ImageObject","inLanguage":"fr-FR","@id":"https:\/\/www.maccaferri.com\/fr\/#\/schema\/logo\/image\/","url":"https:\/\/www.maccaferri.com\/fr\/wp-content\/uploads\/2022\/07\/logo-maccaferri.png","contentUrl":"https:\/\/www.maccaferri.com\/fr\/wp-content\/uploads\/2022\/07\/logo-maccaferri.png","width":152,"height":32,"caption":"Maccaferri France"},"image":{"@id":"https:\/\/www.maccaferri.com\/fr\/#\/schema\/logo\/image\/"}}]}},"_links":{"self":[{"href":"https:\/\/www.maccaferri.com\/fr\/wp-json\/wp\/v2\/stories\/110461","targetHints":{"allow":["GET"]}}],"collection":[{"href":"https:\/\/www.maccaferri.com\/fr\/wp-json\/wp\/v2\/stories"}],"about":[{"href":"https:\/\/www.maccaferri.com\/fr\/wp-json\/wp\/v2\/types\/stories"}],"acf:post":[{"embeddable":true,"href":"https:\/\/www.maccaferri.com\/fr\/wp-json\/wp\/v2\/sectors\/103445"},{"embeddable":true,"href":"https:\/\/www.maccaferri.com\/fr\/wp-json\/wp\/v2\/solution\/103622"},{"embeddable":true,"href":"https:\/\/www.maccaferri.com\/fr\/wp-json\/wp\/v2\/application\/103517"},{"embeddable":true,"href":"https:\/\/www.maccaferri.com\/fr\/wp-json\/wp\/v2\/prodotti\/113600"}],"wp:featuredmedia":[{"embeddable":true,"href":"https:\/\/www.maccaferri.com\/fr\/wp-json\/wp\/v2\/media\/81647"}],"wp:attachment":[{"href":"https:\/\/www.maccaferri.com\/fr\/wp-json\/wp\/v2\/media?parent=110461"}],"wp:term":[{"taxonomy":"stories-category","embeddable":true,"href":"https:\/\/www.maccaferri.com\/fr\/wp-json\/wp\/v2\/stories-category?post=110461"},{"taxonomy":"stories-tag","embeddable":true,"href":"https:\/\/www.maccaferri.com\/fr\/wp-json\/wp\/v2\/stories-tag?post=110461"}],"curies":[{"name":"wp","href":"https:\/\/api.w.org\/{rel}","templated":true}]}}