{"id":110353,"date":"2025-10-29T07:56:28","date_gmt":"2025-10-29T06:56:28","guid":{"rendered":"https:\/\/www.maccaferri.com\/fr\/success-stories\/r375-contournement-nord-de-valenciennes-tremie-jean-jaures\/"},"modified":"2026-02-16T15:37:07","modified_gmt":"2026-02-16T14:37:07","slug":"r375-contournement-nord-de-valenciennes-tremie-jean-jaures","status":"publish","type":"stories","link":"https:\/\/www.maccaferri.com\/fr\/exemples-de-r\u00e9ussites\/r375-contournement-nord-de-valenciennes-tremie-jean-jaures\/","title":{"rendered":"R375-CONTOURNEMENT NORD DE VALENCIENNES &#8211; TR\u00c9MIE JEAN-JAUR\u00c8S"},"content":{"rendered":"<div class=\"container-fluid carousel-image-gallery\">\n        <div class=\"row\">\n            <div id=\"carouselImageblock_63ae097fdffd7\" class=\"carousel slide carouselImageGallery\" data-bs-ride=\"carousel\">\n                <!-- \/\/ Indicators -->\n                <ol class=\"carousel-indicators\">\n                                            <li data-bs-target=\"#carouselImageblock_63ae097fdffd7\" data-bs-slide-to=\"0\" class=\"active\" aria-current=\"true\" aria-label=\"Slide\"><\/li>\n                                            <li data-bs-target=\"#carouselImageblock_63ae097fdffd7\" data-bs-slide-to=\"1\" class=\"\" aria-current=\"true\" aria-label=\"Slide\"><\/li>\n                                            <li data-bs-target=\"#carouselImageblock_63ae097fdffd7\" data-bs-slide-to=\"2\" class=\"\" aria-current=\"true\" aria-label=\"Slide\"><\/li>\n                                            <li data-bs-target=\"#carouselImageblock_63ae097fdffd7\" data-bs-slide-to=\"3\" class=\"\" aria-current=\"true\" aria-label=\"Slide\"><\/li>\n                                    <\/ol>\n\n                <div class=\"carousel-inner container\" role=\"listbox\">\n                                            <div class=\"carousel-item active\">\n                        <div class=\"col-12 col-lg-4 col-xl-4 col-xxl-4 space-mobile\">\n                            <div class=\"grid-item-wrapper\">\n                                <div class=\"img-responsive-wrapper\">\n                                    <div class=\"img-responsive\">\n                                        <div class=\"img-wrapper\"><img decoding=\"async\" src=\"https:\/\/www.maccaferri.com\/fr\/wp-content\/uploads\/2024\/03\/461_2.jpg\" alt=\"\" \/><\/div>\n                                    <\/div>\n                                <\/div>\n                                <div class=\"griditem-text-wrapper text-center\">\n                                    <p class=\"griditem-text text-center\">Mur en Terramesh min\u00e9ral<\/p>\n                   \n                                <\/div>\n                            <\/div>\n                        <\/div>\n                        <\/div>\n                                            <div class=\"carousel-item \">\n                        <div class=\"col-12 col-lg-4 col-xl-4 col-xxl-4 space-mobile\">\n                            <div class=\"grid-item-wrapper\">\n                                <div class=\"img-responsive-wrapper\">\n                                    <div class=\"img-responsive\">\n                                        <div class=\"img-wrapper\"><img decoding=\"async\" src=\"https:\/\/www.maccaferri.com\/fr\/wp-content\/uploads\/2024\/03\/461_3.jpg\" alt=\"\" \/><\/div>\n                                    <\/div>\n                                <\/div>\n                                <div class=\"griditem-text-wrapper text-center\">\n                                    <p class=\"griditem-text text-center\">Terramesh min\u00e9ral et habillage en gabions \u00e9l\u00e9ctrosoud\u00e9s<\/p>\n                   \n                                <\/div>\n                            <\/div>\n                        <\/div>\n                        <\/div>\n                                            <div class=\"carousel-item \">\n                        <div class=\"col-12 col-lg-4 col-xl-4 col-xxl-4 space-mobile\">\n                            <div class=\"grid-item-wrapper\">\n                                <div class=\"img-responsive-wrapper\">\n                                    <div class=\"img-responsive\">\n                                        <div class=\"img-wrapper\"><img decoding=\"async\" src=\"https:\/\/www.maccaferri.com\/fr\/wp-content\/uploads\/2024\/03\/461_4.jpg\" alt=\"\" \/><\/div>\n                                    <\/div>\n                                <\/div>\n                                <div class=\"griditem-text-wrapper text-center\">\n                                    <p class=\"griditem-text text-center\">Terramesh min\u00e9ral et habillage en gabions \u00e9l\u00e9ctrosoud\u00e9s<\/p>\n                   \n                                <\/div>\n                            <\/div>\n                        <\/div>\n                        <\/div>\n                                            <div class=\"carousel-item \">\n                        <div class=\"col-12 col-lg-4 col-xl-4 col-xxl-4 space-mobile\">\n                            <div class=\"grid-item-wrapper\">\n                                <div class=\"img-responsive-wrapper\">\n                                    <div class=\"img-responsive\">\n                                        <div class=\"img-wrapper\"><img decoding=\"async\" src=\"https:\/\/www.maccaferri.com\/fr\/wp-content\/uploads\/2024\/03\/461_dwg.jpg\" alt=\"\" \/><\/div>\n                                    <\/div>\n                                <\/div>\n                                <div class=\"griditem-text-wrapper text-center\">\n                                    <p class=\"griditem-text text-center\">Terramesh min\u00e9ral et habillage en gabions \u00e9l\u00e9ctrosoud\u00e9s<\/p>\n                   \n                                <\/div>\n                            <\/div>\n                        <\/div>\n                        <\/div>\n                                    <\/div>\n            <\/div>\n\n        <\/div>\n    <\/div><div class=\"container-full text-bocolor-block-white\">\n        <div class=\"row\">\n        <div class=\"col-12\">\n            <div class=\"container box-container\">\n                <div class=\"row\">\n                    <div class=\"col-12\">\n                        <h3>Challenge<\/h3>\n                    <\/div>\n                <\/div>\n            <\/div>\n        <\/div>    \n    <\/div>\n        <div class=\"row\">\n        <div class=\"col-12\">\n            <div class=\"container box-container\">\n                <div class=\"row\">\n                    <div class=\"col-12 content\">\n                        <p>Si le r\u00e9seau routier de contournement est relativement d\u00e9velopp\u00e9 autour de Valenciennes (A23 \u00e0 l\u2019ouest, A2 au sud, RD 75 \u00e0 l\u2019est et au nord-est), il ne permettait pas un contournement efficace de l\u2019agglom\u00e9ration par le nord. Dans ce contexte, le projet de contournement nord de Valenciennes r\u00e9pond \u00e0 plusieurs objectifs, dont la restructuration du r\u00e9seau routier d\u00e9partemental dans la partie nord de l&#8217;agglom\u00e9ration. Les travaux d\u00e9crits dans cet \u00e9tude de cas consistent en la r\u00e9alisation des infrastructures permettant le franchissement de la rue Jean Jaur\u00e8s \u00e0 Bruay-sur-Escaut, o\u00f9 circule notamment la ligne de tramway T2.<\/p>\n                    <\/div>\n                <\/div>\n            <\/div>\n        <\/div>\n    <\/div>\n    <\/div>\n<div class=\"container-full text-bocolor-block-green\">\n        <div class=\"row\">\n        <div class=\"col-12\">\n            <div class=\"container box-container\">\n                <div class=\"row\">\n                    <div class=\"col-12\">\n                        <h3>Solution<\/h3>\n                    <\/div>\n                <\/div>\n            <\/div>\n        <\/div>    \n    <\/div>\n        <div class=\"row\">\n        <div class=\"col-12\">\n            <div class=\"container box-container\">\n                <div class=\"row\">\n                    <div class=\"col-12 content\">\n                        <p>L\u2019am\u00e9nagement consiste en la r\u00e9alisation d\u2019un ouvrage du c\u00f4t\u00e9 nord de la tr\u00e9mie. Le mur est dispos\u00e9 en terrasses et pr\u00e9sente une hauteur variable entre 1.58 et 6.32m suivant les profils. Cet ouvrage a \u00e9t\u00e9 r\u00e9alis\u00e9 en remblai renforc\u00e9 de type Terramesh\u00ae min\u00e9ral, avec un parement min\u00e9ral inclin\u00e9 de 10\u00b0 par rapport \u00e0 la verticale, ayant une \u00e9paisseur de 0.3m en t\u00eate et de 0.5m d\u2019\u00e9paisseur moyenne. Le parement se prolonge par une nappe de grillage m\u00e9tallique en arri\u00e8re de 2.5m de longueur. Dans les terrasses, l\u2019interaction entre les fosses d\u2019arbre et les nappes de grillage a n\u00e9cessit\u00e9 une adaptation du syst\u00e8me. Nous avons donc propos\u00e9 la d\u00e9coupe des grillages constitutifs du Terramesh\u00ae min\u00e9ral autour de ces structures. La partie haute du mur b\u00e9ton \u00e0 l\u2019arri\u00e8re du remblai renforc\u00e9, servant de garde-corps \u00e0 la voirie derri\u00e8re la tr\u00e9mie, a \u00e9t\u00e9 habill\u00e9e \u00e0 l\u2019aide de gabions \u00e9l\u00e9ctrosoud\u00e9s d\u2019\u00e9paisseur 0.3m.  Le Terramesh\u00ae Min\u00e9ral est un produit d\u00e9velopp\u00e9 par Maccaferri associant un grillage double torsion et un panneau \u00e9lectrosoud\u00e9 de fa\u00e7ade. Le grillage double torsion, rev\u00eatu de Zinc\/Aluminium et d\u2019une gaine polym\u00e8re (pour une meilleure durabilit\u00e9), assure le renfort horizontal dans le remblai et effectue un retour au parement pour assurer la stabilit\u00e9 locale du massif.  Le treillis soud\u00e9, de maille 50&#215;100, fil 5mm est rev\u00eatu d\u2019un alliage Zinc\/Aluminium et est agraf\u00e9 au grillage en face externe. Il assure une continuit\u00e9 esth\u00e9tique avec les gabions \u00e9l\u00e9ctrosoud\u00e9s.<\/p>\n                    <\/div>\n                <\/div>\n            <\/div>\n        <\/div>\n    <\/div>\n    <\/div><div class=\"wp-block-mac-container-block box-container\"><div class=\"container\"><h2>Used Products<\/h2><div class=\"row\"><div class=\"col-12 col-sm-12 col-md-12 col-lg-3 col-xl-3 col-xxl-3\"><div class=\"wp-block-mac-card-new-block block-latest-news-container\"><div class=\"card\"><div class=\"content-images\"><img decoding=\"async\" class=\"box-image\" src=\"https:\/\/www.maccaferri.com\/fr\/wp-content\/uploads\/2022\/12\/Terramesh_0-1.jpg\" alt=\"Terramesh\" title=\"Terramesh\" \/><\/div><div class=\"card-body\"><h6>Terramesh<\/h6><span class=\"abstract\">La famille Terramesh\u00ae de Maccaferri comprend diff\u00e9rentes options de parement pour la construction de structures en remblais renforc\u00e9s<\/span><a href=\"https:\/\/www.maccaferri.com\/fr\/produits\/terramesh\/\" class=\"cta\" rel=\"noopener\" title=\"Terramesh\">Voir\n                           <span class=\"text\" value=\"\" \/>\n                           <\/a><div data-post-id=\"113579\" class=\"star \" title=\"Add to wishlist\"><span class=\"material-symbols-rounded starrate\">star<\/span><\/div><\/div><\/div><\/div><\/div><div class=\"col-12 col-sm-12 col-md-12 col-lg-3 col-xl-3 col-xxl-3\"><div class=\"wp-block-mac-card-new-block block-latest-news-container\"><div class=\"card\"><div class=\"content-images\"><img decoding=\"async\" class=\"box-image\" src=\"https:\/\/www.maccaferri.com\/fr\/wp-content\/uploads\/2025\/10\/Gabion_product_header_product\" alt=\"Gabions\" title=\"Gabions\" \/><\/div><div class=\"card-body\"><h6>Gabions<\/h6><span class=\"abstract\">Un large portefeuille de solutions  Maccaferri propose une gamme \u00e9tendue de solutions sur mesure pour r\u00e9pondre \u00e0 chaque besoin sp\u00e9cifique. Le<\/span><a href=\"https:\/\/www.maccaferri.com\/fr\/produits\/gabions\/\" class=\"cta\" rel=\"noopener\" title=\"Gabions\">Voir\n                           <span class=\"text\" value=\"\" \/>\n                           <\/a><div data-post-id=\"113687\" class=\"star \" title=\"Add to wishlist\"><span class=\"material-symbols-rounded starrate\">star<\/span><\/div><\/div><\/div><\/div><\/div><\/div><\/div><\/div><!--usedproducts-->","protected":false},"excerpt":{"rendered":"<p>L\u2019am\u00e9nagement consiste en la r\u00e9alisation d\u2019un ouvrage du c\u00f4t\u00e9 nord de la tr\u00e9mie. Le mur est dispos\u00e9 en terrasses et pr\u00e9sente une hauteur va<\/p>\n","protected":false},"featured_media":69076,"parent":0,"menu_order":0,"template":"","stories-category":[],"stories-tag":[],"class_list":["post-110353","stories","type-stories","status-publish","has-post-thumbnail","hentry"],"acf":{"products":[113579,113687],"applications":[103493,103493],"solutions":[103601],"sectors":[103454]},"yoast_head":"<!-- This site is optimized with the Yoast SEO Premium plugin v27.0 (Yoast SEO v27.0) - https:\/\/yoast.com\/product\/yoast-seo-premium-wordpress\/ -->\n<title>R375-CONTOURNEMENT NORD DE VALENCIENNES - TR\u00c9MIE JEAN-JAUR\u00c8S - Maccaferri France<\/title>\n<meta name=\"description\" content=\"D\u00e9couvrez nos r\u00e9ussites : R375-CONTOURNEMENT NORD DE VALENCIENNES - TR\u00c9MIE JEAN-JAUR\u00c8S. Du d\u00e9fi \u00e0 la solution, voyez comment nous avons aid\u00e9 nos clients \u00e0 atteindre leurs objectifs avec succ\u00e8s.\" \/>\n<meta name=\"robots\" content=\"index, follow, max-snippet:-1, max-image-preview:large, max-video-preview:-1\" \/>\n<link rel=\"canonical\" href=\"https:\/\/www.maccaferri.com\/fr\/exemples-de-r\u00e9ussites\/r375-contournement-nord-de-valenciennes-tremie-jean-jaures\/\" \/>\n<meta property=\"og:locale\" content=\"fr_FR\" \/>\n<meta property=\"og:type\" content=\"article\" \/>\n<meta property=\"og:title\" content=\"R375-CONTOURNEMENT NORD DE VALENCIENNES - TR\u00c9MIE JEAN-JAUR\u00c8S\" \/>\n<meta property=\"og:description\" content=\"D\u00e9couvrez nos r\u00e9ussites : R375-CONTOURNEMENT NORD DE VALENCIENNES - TR\u00c9MIE JEAN-JAUR\u00c8S. Du d\u00e9fi \u00e0 la solution, voyez comment nous avons aid\u00e9 nos clients \u00e0 atteindre leurs objectifs avec succ\u00e8s.\" \/>\n<meta property=\"og:url\" content=\"https:\/\/www.maccaferri.com\/fr\/exemples-de-r\u00e9ussites\/r375-contournement-nord-de-valenciennes-tremie-jean-jaures\/\" \/>\n<meta property=\"og:site_name\" content=\"Maccaferri France\" \/>\n<meta property=\"article:modified_time\" content=\"2026-02-16T14:37:07+00:00\" \/>\n<meta property=\"og:image\" content=\"https:\/\/www.maccaferri.com\/fr\/wp-content\/uploads\/2024\/03\/461_dwg.jpg\" \/>\n\t<meta property=\"og:image:width\" content=\"1200\" \/>\n\t<meta property=\"og:image:height\" content=\"617\" \/>\n\t<meta property=\"og:image:type\" content=\"image\/jpeg\" \/>\n<meta name=\"twitter:card\" content=\"summary_large_image\" \/>\n<script type=\"application\/ld+json\" class=\"yoast-schema-graph\">{\"@context\":\"https:\/\/schema.org\",\"@graph\":[{\"@type\":\"WebPage\",\"@id\":\"https:\/\/www.maccaferri.com\/fr\/exemples-de-r\u00e9ussites\/r375-contournement-nord-de-valenciennes-tremie-jean-jaures\/\",\"url\":\"https:\/\/www.maccaferri.com\/fr\/exemples-de-r\u00e9ussites\/r375-contournement-nord-de-valenciennes-tremie-jean-jaures\/\",\"name\":\"R375-CONTOURNEMENT NORD DE VALENCIENNES - TR\u00c9MIE JEAN-JAUR\u00c8S - Maccaferri France\",\"isPartOf\":{\"@id\":\"https:\/\/www.maccaferri.com\/fr\/#website\"},\"primaryImageOfPage\":{\"@id\":\"https:\/\/www.maccaferri.com\/fr\/exemples-de-r\u00e9ussites\/r375-contournement-nord-de-valenciennes-tremie-jean-jaures\/#primaryimage\"},\"image\":{\"@id\":\"https:\/\/www.maccaferri.com\/fr\/exemples-de-r\u00e9ussites\/r375-contournement-nord-de-valenciennes-tremie-jean-jaures\/#primaryimage\"},\"thumbnailUrl\":\"https:\/\/www.maccaferri.com\/fr\/wp-content\/uploads\/2024\/03\/461_dwg.jpg\",\"datePublished\":\"2025-10-29T06:56:28+00:00\",\"dateModified\":\"2026-02-16T14:37:07+00:00\",\"description\":\"D\u00e9couvrez nos r\u00e9ussites : R375-CONTOURNEMENT NORD DE VALENCIENNES - TR\u00c9MIE JEAN-JAUR\u00c8S. Du d\u00e9fi \u00e0 la solution, voyez comment nous avons aid\u00e9 nos clients \u00e0 atteindre leurs objectifs avec succ\u00e8s.\",\"breadcrumb\":{\"@id\":\"https:\/\/www.maccaferri.com\/fr\/exemples-de-r\u00e9ussites\/r375-contournement-nord-de-valenciennes-tremie-jean-jaures\/#breadcrumb\"},\"inLanguage\":\"fr-FR\",\"potentialAction\":[{\"@type\":\"ReadAction\",\"target\":[\"https:\/\/www.maccaferri.com\/fr\/exemples-de-r\u00e9ussites\/r375-contournement-nord-de-valenciennes-tremie-jean-jaures\/\"]}]},{\"@type\":\"ImageObject\",\"inLanguage\":\"fr-FR\",\"@id\":\"https:\/\/www.maccaferri.com\/fr\/exemples-de-r\u00e9ussites\/r375-contournement-nord-de-valenciennes-tremie-jean-jaures\/#primaryimage\",\"url\":\"https:\/\/www.maccaferri.com\/fr\/wp-content\/uploads\/2024\/03\/461_dwg.jpg\",\"contentUrl\":\"https:\/\/www.maccaferri.com\/fr\/wp-content\/uploads\/2024\/03\/461_dwg.jpg\",\"width\":1200,\"height\":617,\"caption\":\"Terramesh min\u00e9ral et habillage en gabions \u00e9l\u00e9ctrosoud\u00e9s\"},{\"@type\":\"BreadcrumbList\",\"@id\":\"https:\/\/www.maccaferri.com\/fr\/exemples-de-r\u00e9ussites\/r375-contournement-nord-de-valenciennes-tremie-jean-jaures\/#breadcrumb\",\"itemListElement\":[{\"@type\":\"ListItem\",\"position\":1,\"name\":\"Home\",\"item\":\"https:\/\/www.maccaferri.com\/fr\/\"},{\"@type\":\"ListItem\",\"position\":2,\"name\":\"Stories\",\"item\":\"https:\/\/www.maccaferri.com\/fr\/stories\/\"},{\"@type\":\"ListItem\",\"position\":3,\"name\":\"R375-CONTOURNEMENT NORD DE VALENCIENNES &#8211; TR\u00c9MIE JEAN-JAUR\u00c8S\"}]},{\"@type\":\"WebSite\",\"@id\":\"https:\/\/www.maccaferri.com\/fr\/#website\",\"url\":\"https:\/\/www.maccaferri.com\/fr\/\",\"name\":\"Maccaferri France\",\"description\":\"\",\"publisher\":{\"@id\":\"https:\/\/www.maccaferri.com\/fr\/#organization\"},\"potentialAction\":[{\"@type\":\"SearchAction\",\"target\":{\"@type\":\"EntryPoint\",\"urlTemplate\":\"https:\/\/www.maccaferri.com\/fr\/?s={search_term_string}\"},\"query-input\":{\"@type\":\"PropertyValueSpecification\",\"valueRequired\":true,\"valueName\":\"search_term_string\"}}],\"inLanguage\":\"fr-FR\"},{\"@type\":\"Organization\",\"@id\":\"https:\/\/www.maccaferri.com\/fr\/#organization\",\"name\":\"Maccaferri France\",\"url\":\"https:\/\/www.maccaferri.com\/fr\/\",\"logo\":{\"@type\":\"ImageObject\",\"inLanguage\":\"fr-FR\",\"@id\":\"https:\/\/www.maccaferri.com\/fr\/#\/schema\/logo\/image\/\",\"url\":\"https:\/\/www.maccaferri.com\/fr\/wp-content\/uploads\/2022\/07\/logo-maccaferri.png\",\"contentUrl\":\"https:\/\/www.maccaferri.com\/fr\/wp-content\/uploads\/2022\/07\/logo-maccaferri.png\",\"width\":152,\"height\":32,\"caption\":\"Maccaferri France\"},\"image\":{\"@id\":\"https:\/\/www.maccaferri.com\/fr\/#\/schema\/logo\/image\/\"}}]}<\/script>\n<!-- \/ Yoast SEO Premium plugin. -->","yoast_head_json":{"title":"R375-CONTOURNEMENT NORD DE VALENCIENNES - TR\u00c9MIE JEAN-JAUR\u00c8S - Maccaferri France","description":"D\u00e9couvrez nos r\u00e9ussites : R375-CONTOURNEMENT NORD DE VALENCIENNES - TR\u00c9MIE JEAN-JAUR\u00c8S. Du d\u00e9fi \u00e0 la solution, voyez comment nous avons aid\u00e9 nos clients \u00e0 atteindre leurs objectifs avec succ\u00e8s.","robots":{"index":"index","follow":"follow","max-snippet":"max-snippet:-1","max-image-preview":"max-image-preview:large","max-video-preview":"max-video-preview:-1"},"canonical":"https:\/\/www.maccaferri.com\/fr\/exemples-de-r\u00e9ussites\/r375-contournement-nord-de-valenciennes-tremie-jean-jaures\/","og_locale":"fr_FR","og_type":"article","og_title":"R375-CONTOURNEMENT NORD DE VALENCIENNES - TR\u00c9MIE JEAN-JAUR\u00c8S","og_description":"D\u00e9couvrez nos r\u00e9ussites : R375-CONTOURNEMENT NORD DE VALENCIENNES - TR\u00c9MIE JEAN-JAUR\u00c8S. Du d\u00e9fi \u00e0 la solution, voyez comment nous avons aid\u00e9 nos clients \u00e0 atteindre leurs objectifs avec succ\u00e8s.","og_url":"https:\/\/www.maccaferri.com\/fr\/exemples-de-r\u00e9ussites\/r375-contournement-nord-de-valenciennes-tremie-jean-jaures\/","og_site_name":"Maccaferri France","article_modified_time":"2026-02-16T14:37:07+00:00","og_image":[{"width":1200,"height":617,"url":"https:\/\/www.maccaferri.com\/fr\/wp-content\/uploads\/2024\/03\/461_dwg.jpg","type":"image\/jpeg"}],"twitter_card":"summary_large_image","schema":{"@context":"https:\/\/schema.org","@graph":[{"@type":"WebPage","@id":"https:\/\/www.maccaferri.com\/fr\/exemples-de-r\u00e9ussites\/r375-contournement-nord-de-valenciennes-tremie-jean-jaures\/","url":"https:\/\/www.maccaferri.com\/fr\/exemples-de-r\u00e9ussites\/r375-contournement-nord-de-valenciennes-tremie-jean-jaures\/","name":"R375-CONTOURNEMENT NORD DE VALENCIENNES - TR\u00c9MIE JEAN-JAUR\u00c8S - Maccaferri France","isPartOf":{"@id":"https:\/\/www.maccaferri.com\/fr\/#website"},"primaryImageOfPage":{"@id":"https:\/\/www.maccaferri.com\/fr\/exemples-de-r\u00e9ussites\/r375-contournement-nord-de-valenciennes-tremie-jean-jaures\/#primaryimage"},"image":{"@id":"https:\/\/www.maccaferri.com\/fr\/exemples-de-r\u00e9ussites\/r375-contournement-nord-de-valenciennes-tremie-jean-jaures\/#primaryimage"},"thumbnailUrl":"https:\/\/www.maccaferri.com\/fr\/wp-content\/uploads\/2024\/03\/461_dwg.jpg","datePublished":"2025-10-29T06:56:28+00:00","dateModified":"2026-02-16T14:37:07+00:00","description":"D\u00e9couvrez nos r\u00e9ussites : R375-CONTOURNEMENT NORD DE VALENCIENNES - TR\u00c9MIE JEAN-JAUR\u00c8S. Du d\u00e9fi \u00e0 la solution, voyez comment nous avons aid\u00e9 nos clients \u00e0 atteindre leurs objectifs avec succ\u00e8s.","breadcrumb":{"@id":"https:\/\/www.maccaferri.com\/fr\/exemples-de-r\u00e9ussites\/r375-contournement-nord-de-valenciennes-tremie-jean-jaures\/#breadcrumb"},"inLanguage":"fr-FR","potentialAction":[{"@type":"ReadAction","target":["https:\/\/www.maccaferri.com\/fr\/exemples-de-r\u00e9ussites\/r375-contournement-nord-de-valenciennes-tremie-jean-jaures\/"]}]},{"@type":"ImageObject","inLanguage":"fr-FR","@id":"https:\/\/www.maccaferri.com\/fr\/exemples-de-r\u00e9ussites\/r375-contournement-nord-de-valenciennes-tremie-jean-jaures\/#primaryimage","url":"https:\/\/www.maccaferri.com\/fr\/wp-content\/uploads\/2024\/03\/461_dwg.jpg","contentUrl":"https:\/\/www.maccaferri.com\/fr\/wp-content\/uploads\/2024\/03\/461_dwg.jpg","width":1200,"height":617,"caption":"Terramesh min\u00e9ral et habillage en gabions \u00e9l\u00e9ctrosoud\u00e9s"},{"@type":"BreadcrumbList","@id":"https:\/\/www.maccaferri.com\/fr\/exemples-de-r\u00e9ussites\/r375-contournement-nord-de-valenciennes-tremie-jean-jaures\/#breadcrumb","itemListElement":[{"@type":"ListItem","position":1,"name":"Home","item":"https:\/\/www.maccaferri.com\/fr\/"},{"@type":"ListItem","position":2,"name":"Stories","item":"https:\/\/www.maccaferri.com\/fr\/stories\/"},{"@type":"ListItem","position":3,"name":"R375-CONTOURNEMENT NORD DE VALENCIENNES &#8211; TR\u00c9MIE JEAN-JAUR\u00c8S"}]},{"@type":"WebSite","@id":"https:\/\/www.maccaferri.com\/fr\/#website","url":"https:\/\/www.maccaferri.com\/fr\/","name":"Maccaferri France","description":"","publisher":{"@id":"https:\/\/www.maccaferri.com\/fr\/#organization"},"potentialAction":[{"@type":"SearchAction","target":{"@type":"EntryPoint","urlTemplate":"https:\/\/www.maccaferri.com\/fr\/?s={search_term_string}"},"query-input":{"@type":"PropertyValueSpecification","valueRequired":true,"valueName":"search_term_string"}}],"inLanguage":"fr-FR"},{"@type":"Organization","@id":"https:\/\/www.maccaferri.com\/fr\/#organization","name":"Maccaferri France","url":"https:\/\/www.maccaferri.com\/fr\/","logo":{"@type":"ImageObject","inLanguage":"fr-FR","@id":"https:\/\/www.maccaferri.com\/fr\/#\/schema\/logo\/image\/","url":"https:\/\/www.maccaferri.com\/fr\/wp-content\/uploads\/2022\/07\/logo-maccaferri.png","contentUrl":"https:\/\/www.maccaferri.com\/fr\/wp-content\/uploads\/2022\/07\/logo-maccaferri.png","width":152,"height":32,"caption":"Maccaferri France"},"image":{"@id":"https:\/\/www.maccaferri.com\/fr\/#\/schema\/logo\/image\/"}}]}},"_links":{"self":[{"href":"https:\/\/www.maccaferri.com\/fr\/wp-json\/wp\/v2\/stories\/110353","targetHints":{"allow":["GET"]}}],"collection":[{"href":"https:\/\/www.maccaferri.com\/fr\/wp-json\/wp\/v2\/stories"}],"about":[{"href":"https:\/\/www.maccaferri.com\/fr\/wp-json\/wp\/v2\/types\/stories"}],"acf:post":[{"embeddable":true,"href":"https:\/\/www.maccaferri.com\/fr\/wp-json\/wp\/v2\/sectors\/103454"},{"embeddable":true,"href":"https:\/\/www.maccaferri.com\/fr\/wp-json\/wp\/v2\/solution\/103601"},{"embeddable":true,"href":"https:\/\/www.maccaferri.com\/fr\/wp-json\/wp\/v2\/application\/103493"},{"embeddable":true,"href":"https:\/\/www.maccaferri.com\/fr\/wp-json\/wp\/v2\/prodotti\/113687"},{"embeddable":true,"href":"https:\/\/www.maccaferri.com\/fr\/wp-json\/wp\/v2\/prodotti\/113579"}],"wp:featuredmedia":[{"embeddable":true,"href":"https:\/\/www.maccaferri.com\/fr\/wp-json\/wp\/v2\/media\/69076"}],"wp:attachment":[{"href":"https:\/\/www.maccaferri.com\/fr\/wp-json\/wp\/v2\/media?parent=110353"}],"wp:term":[{"taxonomy":"stories-category","embeddable":true,"href":"https:\/\/www.maccaferri.com\/fr\/wp-json\/wp\/v2\/stories-category?post=110353"},{"taxonomy":"stories-tag","embeddable":true,"href":"https:\/\/www.maccaferri.com\/fr\/wp-json\/wp\/v2\/stories-tag?post=110353"}],"curies":[{"name":"wp","href":"https:\/\/api.w.org\/{rel}","templated":true}]}}