{"id":110278,"date":"2025-10-29T07:55:29","date_gmt":"2025-10-29T06:55:29","guid":{"rendered":"https:\/\/www.maccaferri.com\/fr\/success-stories\/reamenagement-des-berges-de-la-frayere-06\/"},"modified":"2026-02-16T15:36:24","modified_gmt":"2026-02-16T14:36:24","slug":"reamenagement-des-berges-de-la-frayere-06","status":"publish","type":"stories","link":"https:\/\/www.maccaferri.com\/fr\/exemples-de-r\u00e9ussites\/reamenagement-des-berges-de-la-frayere-06\/","title":{"rendered":"\u00a0R\u00e9am\u00e9nagement des berges de la Fray\u00e8re, 06"},"content":{"rendered":"<div class=\"container-fluid carousel-image-gallery\">\n        <div class=\"row\">\n            <div id=\"carouselImageblock_63ae097fdffd7\" class=\"carousel slide carouselImageGallery\" data-bs-ride=\"carousel\">\n                <!-- \/\/ Indicators -->\n                <ol class=\"carousel-indicators\">\n                                            <li data-bs-target=\"#carouselImageblock_63ae097fdffd7\" data-bs-slide-to=\"0\" class=\"active\" aria-current=\"true\" aria-label=\"Slide\"><\/li>\n                                            <li data-bs-target=\"#carouselImageblock_63ae097fdffd7\" data-bs-slide-to=\"1\" class=\"\" aria-current=\"true\" aria-label=\"Slide\"><\/li>\n                                            <li data-bs-target=\"#carouselImageblock_63ae097fdffd7\" data-bs-slide-to=\"2\" class=\"\" aria-current=\"true\" aria-label=\"Slide\"><\/li>\n                                            <li data-bs-target=\"#carouselImageblock_63ae097fdffd7\" data-bs-slide-to=\"3\" class=\"\" aria-current=\"true\" aria-label=\"Slide\"><\/li>\n                                            <li data-bs-target=\"#carouselImageblock_63ae097fdffd7\" data-bs-slide-to=\"4\" class=\"\" aria-current=\"true\" aria-label=\"Slide\"><\/li>\n                                            <li data-bs-target=\"#carouselImageblock_63ae097fdffd7\" data-bs-slide-to=\"5\" class=\"\" aria-current=\"true\" aria-label=\"Slide\"><\/li>\n                                    <\/ol>\n\n                <div class=\"carousel-inner container\" role=\"listbox\">\n                                            <div class=\"carousel-item active\">\n                        <div class=\"col-12 col-lg-4 col-xl-4 col-xxl-4 space-mobile\">\n                            <div class=\"grid-item-wrapper\">\n                                <div class=\"img-responsive-wrapper\">\n                                    <div class=\"img-responsive\">\n                                        <div class=\"img-wrapper\"><img decoding=\"async\" src=\"https:\/\/www.maccaferri.com\/fr\/wp-content\/uploads\/2024\/12\/3896_1.jpg\" alt=\"\" \/><\/div>\n                                    <\/div>\n                                <\/div>\n                                <div class=\"griditem-text-wrapper text-center\">\n                                    <p class=\"griditem-text text-center\">Cours d&#039;eau La Fray\u00e8re avant les travaux<\/p>\n                   \n                                <\/div>\n                            <\/div>\n                        <\/div>\n                        <\/div>\n                                            <div class=\"carousel-item \">\n                        <div class=\"col-12 col-lg-4 col-xl-4 col-xxl-4 space-mobile\">\n                            <div class=\"grid-item-wrapper\">\n                                <div class=\"img-responsive-wrapper\">\n                                    <div class=\"img-responsive\">\n                                        <div class=\"img-wrapper\"><img decoding=\"async\" src=\"https:\/\/www.maccaferri.com\/fr\/wp-content\/uploads\/2024\/12\/3896_2.jpg\" alt=\"\" \/><\/div>\n                                    <\/div>\n                                <\/div>\n                                <div class=\"griditem-text-wrapper text-center\">\n                                    <p class=\"griditem-text text-center\">Mise en oeuvre des gabions par les \u00e9quipes Maccaferri<\/p>\n                   \n                                <\/div>\n                            <\/div>\n                        <\/div>\n                        <\/div>\n                                            <div class=\"carousel-item \">\n                        <div class=\"col-12 col-lg-4 col-xl-4 col-xxl-4 space-mobile\">\n                            <div class=\"grid-item-wrapper\">\n                                <div class=\"img-responsive-wrapper\">\n                                    <div class=\"img-responsive\">\n                                        <div class=\"img-wrapper\"><img decoding=\"async\" src=\"https:\/\/www.maccaferri.com\/fr\/wp-content\/uploads\/2024\/12\/3896_3.jpg\" alt=\"\" \/><\/div>\n                                    <\/div>\n                                <\/div>\n                                <div class=\"griditem-text-wrapper text-center\">\n                                    <p class=\"griditem-text text-center\">Zone de transition entre protection subverticale en gabions et inclin\u00e9e en Matelas Reno (non encore install\u00e9e)<\/p>\n                   \n                                <\/div>\n                            <\/div>\n                        <\/div>\n                        <\/div>\n                                            <div class=\"carousel-item \">\n                        <div class=\"col-12 col-lg-4 col-xl-4 col-xxl-4 space-mobile\">\n                            <div class=\"grid-item-wrapper\">\n                                <div class=\"img-responsive-wrapper\">\n                                    <div class=\"img-responsive\">\n                                        <div class=\"img-wrapper\"><img decoding=\"async\" src=\"https:\/\/www.maccaferri.com\/fr\/wp-content\/uploads\/2024\/12\/3896_4.jpg\" alt=\"\" \/><\/div>\n                                    <\/div>\n                                <\/div>\n                                <div class=\"griditem-text-wrapper text-center\">\n                                    <p class=\"griditem-text text-center\">Vue d&#039;ensemble d&#039;une partie du chantier<\/p>\n                   \n                                <\/div>\n                            <\/div>\n                        <\/div>\n                        <\/div>\n                                            <div class=\"carousel-item \">\n                        <div class=\"col-12 col-lg-4 col-xl-4 col-xxl-4 space-mobile\">\n                            <div class=\"grid-item-wrapper\">\n                                <div class=\"img-responsive-wrapper\">\n                                    <div class=\"img-responsive\">\n                                        <div class=\"img-wrapper\"><img decoding=\"async\" src=\"https:\/\/www.maccaferri.com\/fr\/wp-content\/uploads\/2024\/12\/3896_5.jpg\" alt=\"\" \/><\/div>\n                                    <\/div>\n                                <\/div>\n                                <div class=\"griditem-text-wrapper text-center\">\n                                    <p class=\"griditem-text text-center\">Int\u00e9gration paysag\u00e8re de la solution<\/p>\n                   \n                                <\/div>\n                            <\/div>\n                        <\/div>\n                        <\/div>\n                                            <div class=\"carousel-item \">\n                        <div class=\"col-12 col-lg-4 col-xl-4 col-xxl-4 space-mobile\">\n                            <div class=\"grid-item-wrapper\">\n                                <div class=\"img-responsive-wrapper\">\n                                    <div class=\"img-responsive\">\n                                        <div class=\"img-wrapper\"><img decoding=\"async\" src=\"https:\/\/www.maccaferri.com\/fr\/wp-content\/uploads\/2024\/12\/3896_6.jpg\" alt=\"\" \/><\/div>\n                                    <\/div>\n                                <\/div>\n                                <div class=\"griditem-text-wrapper text-center\">\n                                    <p class=\"griditem-text text-center\">5 mois apr\u00e8s la fin des travaux et apr\u00e8s une inondation<\/p>\n                   \n                                <\/div>\n                            <\/div>\n                        <\/div>\n                        <\/div>\n                                    <\/div>\n            <\/div>\n\n        <\/div>\n    <\/div><div class=\"container-full text-bocolor-block-white\">\n        <div class=\"row\">\n        <div class=\"col-12\">\n            <div class=\"container box-container\">\n                <div class=\"row\">\n                    <div class=\"col-12\">\n                        <h3>Challenge<\/h3>\n                    <\/div>\n                <\/div>\n            <\/div>\n        <\/div>    \n    <\/div>\n        <div class=\"row\">\n        <div class=\"col-12\">\n            <div class=\"container box-container\">\n                <div class=\"row\">\n                    <div class=\"col-12 content\">\n                        <p>Le cours d&#8217;eau de la Fray\u00e8re a connu plusieurs probl\u00e9matiques li\u00e9es \u00e0 son urbanisation, notamment l&#8217;imperm\u00e9abilisation des sols. Les \u00e9pisodes de crues r\u00e9currents ont caus\u00e9 des inondations dans le quartier, aggrav\u00e9es par le manque d&#8217;entretien des berges et des infrastructures inad\u00e9quates pour la gestion des eaux pluviales. Suite aux importantes inondations du 3 octobre 2015 dans l&#8217;ouest cannois, l&#8217;agglom\u00e9ration de Cannes et les Pays de L\u00e9rins souhaite am\u00e9nager le cours d&#8217;eau pour s\u00e9curiser la zone. L&#8217;objectif est d&#8217;\u00e9largir le lit du cours d&#8217;eau afin de passer de 14 \u00e0 25 m\u00e8tres de largeur et augmenter ainsi sa capacit\u00e9 hydraulique et r\u00e9duire les risques de d\u00e9bordements en cas de fortes intemp\u00e9ries. Pour cela, il est n\u00e9cessaire de raidir les berges et de r\u00e9aliser un confortement permettant d&#8217;augmenter l&#8217;emprise du cours d&#8217;eau. Une solution souple de type gabions est la plus adapt\u00e9e pour compenser la qualit\u00e9 m\u00e9diocre des mat\u00e9riaux naturels en place.&nbsp;<\/p>\n                    <\/div>\n                <\/div>\n            <\/div>\n        <\/div>\n    <\/div>\n    <\/div>\n<div class=\"container-full text-bocolor-block-green\">\n        <div class=\"row\">\n        <div class=\"col-12\">\n            <div class=\"container box-container\">\n                <div class=\"row\">\n                    <div class=\"col-12\">\n                        <h3>Solution<\/h3>\n                    <\/div>\n                <\/div>\n            <\/div>\n        <\/div>    \n    <\/div>\n        <div class=\"row\">\n        <div class=\"col-12\">\n            <div class=\"container box-container\">\n                <div class=\"row\">\n                    <div class=\"col-12 content\">\n                        <p>France Maccaferri a dimensionn\u00e9, fourni et mis en \u0153uvre un ouvrage de sout\u00e8nement sur chaque rive des berges de La Fray\u00e8re sur un lin\u00e9aire d&#8217;environ 250 m. La rive droite a \u00e9t\u00e9 trait\u00e9e \u00e0 l&#8217;aide d&#8217;une solution en remblai renforc\u00e9 Terramesh System \u00e0 parement min\u00e9ral de type gabion. Une nappe de renfort prolonge le gabion en arri\u00e8re de 2m de longueur. Il a \u00e9t\u00e9 n\u00e9cessaire d&#8217;associer les nappes de grillages avec des g\u00e9ogrilles de renforcement ParaGrid de 4m de longueur. L&#8217;emprise disponible en rive gauche \u00e9tant limit\u00e9e, un mur gabions a \u00e9t\u00e9 mis en oeuvre. Les deux ouvrages reposent sur une protection anti-affouillement en matelas Reno pour pr\u00e9venir le risque d&#8217;\u00e9rosion de la fondation des ouvrages. L&#8217;ensemble des gabions, Terramesh System et matelas Reno sont en grillage \u00e0 maille hexagonale double torsion, technologie la plus appropri\u00e9e pour ce type d&#8217;am\u00e9nagement de par sa robustesse, sa flexibilit\u00e9 et sa durabilit\u00e9. Les fils sont rev\u00eatus de Galmac (Alliage ZN 95\/Al5%) de classe A, ainsi qu&#8217;un rev\u00eatement polym\u00e8re Polimac tr\u00e8s r\u00e9sistant \u00e0 l&#8217;abrasion et \u00e0 la corrosion. La mise en oeuvre des gabions a \u00e9t\u00e9 r\u00e9alis\u00e9 par les \u00e9quipes exp\u00e9riment\u00e9es de Maccaferri, selon la certification Asqual ROG (R\u00e9alisation d&#8217;Ouvrages en Gabions).<\/p>\n                    <\/div>\n                <\/div>\n            <\/div>\n        <\/div>\n    <\/div>\n    <\/div><div class=\"wp-block-mac-container-block box-container\"><div class=\"container\"><h2>Used Products<\/h2><div class=\"row\"><div class=\"col-12 col-sm-12 col-md-12 col-lg-3 col-xl-3 col-xxl-3\"><div class=\"wp-block-mac-card-new-block block-latest-news-container\"><div class=\"card\"><div class=\"content-images\"><img decoding=\"async\" class=\"box-image\" src=\"https:\/\/www.maccaferri.com\/fr\/wp-content\/uploads\/2024\/04\/Header-Monoaxial_Geogrids\" alt=\"G\u00e9ogrilles monoaxiales\" title=\"G\u00e9ogrilles monoaxiales\" \/><\/div><div class=\"card-body\"><h6>G\u00e9ogrilles monoaxiales<\/h6><span class=\"abstract\">Paragrid\u00ae WLa g\u00e9ogrille haute performance ParaGrid\u00ae W est caract\u00e9ris\u00e9e par un module tr\u00e8s \u00e9lev\u00e9 et des facteurs de r\u00e9duction plus bas. Cette g\u00e9ogr<\/span><a href=\"https:\/\/www.maccaferri.com\/fr\/produits\/geogrilles-monoaxiales\/\" class=\"cta\" rel=\"noopener\" title=\"G\u00e9ogrilles monoaxiales\">Voir\n                           <span class=\"text\" value=\"\" \/>\n                           <\/a><div data-post-id=\"113582\" class=\"star \" title=\"Add to wishlist\"><span class=\"material-symbols-rounded starrate\">star<\/span><\/div><\/div><\/div><\/div><\/div><div class=\"col-12 col-sm-12 col-md-12 col-lg-3 col-xl-3 col-xxl-3\"><div class=\"wp-block-mac-card-new-block block-latest-news-container\"><div class=\"card\"><div class=\"content-images\"><img decoding=\"async\" class=\"box-image\" src=\"https:\/\/www.maccaferri.com\/fr\/wp-content\/uploads\/2022\/12\/Terramesh_0-1.jpg\" alt=\"Terramesh\" title=\"Terramesh\" \/><\/div><div class=\"card-body\"><h6>Terramesh<\/h6><span class=\"abstract\">La famille Terramesh\u00ae de Maccaferri comprend diff\u00e9rentes options de parement pour la construction de structures en remblais renforc\u00e9s<\/span><a href=\"https:\/\/www.maccaferri.com\/fr\/produits\/terramesh\/\" class=\"cta\" rel=\"noopener\" title=\"Terramesh\">Voir\n                           <span class=\"text\" value=\"\" \/>\n                           <\/a><div data-post-id=\"113579\" class=\"star \" title=\"Add to wishlist\"><span class=\"material-symbols-rounded starrate\">star<\/span><\/div><\/div><\/div><\/div><\/div><div class=\"col-12 col-sm-12 col-md-12 col-lg-3 col-xl-3 col-xxl-3\"><div class=\"wp-block-mac-card-new-block block-latest-news-container\"><div class=\"card\"><div class=\"content-images\"><img decoding=\"async\" class=\"box-image\" src=\"https:\/\/www.maccaferri.com\/fr\/wp-content\/uploads\/2025\/10\/Gabion_product_header_product\" alt=\"Gabions\" title=\"Gabions\" \/><\/div><div class=\"card-body\"><h6>Gabions<\/h6><span class=\"abstract\">Un large portefeuille de solutions  Maccaferri propose une gamme \u00e9tendue de solutions sur mesure pour r\u00e9pondre \u00e0 chaque besoin sp\u00e9cifique. Le<\/span><a href=\"https:\/\/www.maccaferri.com\/fr\/produits\/gabions\/\" class=\"cta\" rel=\"noopener\" title=\"Gabions\">Voir\n                           <span class=\"text\" value=\"\" \/>\n                           <\/a><div data-post-id=\"113687\" class=\"star \" title=\"Add to wishlist\"><span class=\"material-symbols-rounded starrate\">star<\/span><\/div><\/div><\/div><\/div><\/div><div class=\"col-12 col-sm-12 col-md-12 col-lg-3 col-xl-3 col-xxl-3\"><div class=\"wp-block-mac-card-new-block block-latest-news-container\"><div class=\"card\"><div class=\"content-images\"><img decoding=\"async\" class=\"box-image\" src=\"https:\/\/www.maccaferri.com\/fr\/wp-content\/uploads\/2024\/03\/Header-Drainage-Geocomposites\" alt=\"G\u00e9ocomposites de drainage\" title=\"G\u00e9ocomposites de drainage\" \/><\/div><div class=\"card-body\"><h6>G\u00e9ocomposites de drainage<\/h6><span class=\"abstract\">Ces familles de produits sp\u00e9cialis\u00e9s mettent en \u00e9vidence la polyvalence et l&#8217;adaptabilit\u00e9 des g\u00e9ocomposites de drainage,<\/span><a href=\"https:\/\/www.maccaferri.com\/fr\/produits\/geocomposites-de-drainage\/\" class=\"cta\" rel=\"noopener\" title=\"G\u00e9ocomposites de drainage\">Voir\n                           <span class=\"text\" value=\"\" \/>\n                           <\/a><div data-post-id=\"113576\" class=\"star \" title=\"Add to wishlist\"><span class=\"material-symbols-rounded starrate\">star<\/span><\/div><\/div><\/div><\/div><\/div><div class=\"col-12 col-sm-12 col-md-12 col-lg-3 col-xl-3 col-xxl-3\"><div class=\"wp-block-mac-card-new-block block-latest-news-container\"><div class=\"card\"><div class=\"content-images\"><img decoding=\"async\" class=\"box-image\" src=\"https:\/\/www.maccaferri.com\/fr\/wp-content\/uploads\/2025\/02\/Reno-Mattresses.jpg\" alt=\"Matelas Reno Plus\" title=\"Matelas Reno Plus\" \/><\/div><div class=\"card-body\"><h6>Matelas Reno Plus<\/h6><span class=\"abstract\">RenoMac PlusS&#8217;appuyant sur le succ\u00e8s du Matelas Reno Plus, le RenoMac Plus offre les m\u00eames avantages en termes de durabilit\u00e9 et de performan<\/span><a href=\"https:\/\/www.maccaferri.com\/fr\/produits\/matelas-reno-plus\/\" class=\"cta\" rel=\"noopener\" title=\"Matelas Reno Plus\">Voir\n                           <span class=\"text\" value=\"\" \/>\n                           <\/a><div data-post-id=\"113624\" class=\"star \" title=\"Add to wishlist\"><span class=\"material-symbols-rounded starrate\">star<\/span><\/div><\/div><\/div><\/div><\/div><\/div><\/div><\/div><!--usedproducts-->","protected":false},"excerpt":{"rendered":"<p>France Maccaferri a dimensionn\u00e9, fourni et mis en \u0153uvre un ouvrage de sout\u00e8nement sur chaque rive des berges de La Fray\u00e8re sur un lin\u00e9aire d&#39;<\/p>\n","protected":false},"featured_media":88267,"parent":0,"menu_order":0,"template":"","stories-category":[],"stories-tag":[],"class_list":["post-110278","stories","type-stories","status-publish","has-post-thumbnail","hentry"],"acf":{"products":[113582,113579,113687,113576,113624],"applications":[103496,103496],"solutions":[103547],"sectors":[103460]},"yoast_head":"<!-- This site is optimized with the Yoast SEO Premium plugin v27.0 (Yoast SEO v27.0) - https:\/\/yoast.com\/product\/yoast-seo-premium-wordpress\/ -->\n<title>\u00a0R\u00e9am\u00e9nagement des berges de la Fray\u00e8re, 06 - Maccaferri France<\/title>\n<meta name=\"description\" content=\"D\u00e9couvrez nos r\u00e9ussites : \u00a0R\u00e9am\u00e9nagement des berges de la Fray\u00e8re, 06. Du d\u00e9fi \u00e0 la solution, voyez comment nous avons aid\u00e9 nos clients \u00e0 atteindre leurs objectifs avec succ\u00e8s.\" \/>\n<meta name=\"robots\" content=\"index, follow, max-snippet:-1, max-image-preview:large, max-video-preview:-1\" \/>\n<link rel=\"canonical\" href=\"https:\/\/www.maccaferri.com\/fr\/exemples-de-r\u00e9ussites\/reamenagement-des-berges-de-la-frayere-06\/\" \/>\n<meta property=\"og:locale\" content=\"fr_FR\" \/>\n<meta property=\"og:type\" content=\"article\" \/>\n<meta property=\"og:title\" content=\"\u00a0R\u00e9am\u00e9nagement des berges de la Fray\u00e8re, 06\" \/>\n<meta property=\"og:description\" content=\"D\u00e9couvrez nos r\u00e9ussites : \u00a0R\u00e9am\u00e9nagement des berges de la Fray\u00e8re, 06. Du d\u00e9fi \u00e0 la solution, voyez comment nous avons aid\u00e9 nos clients \u00e0 atteindre leurs objectifs avec succ\u00e8s.\" \/>\n<meta property=\"og:url\" content=\"https:\/\/www.maccaferri.com\/fr\/exemples-de-r\u00e9ussites\/reamenagement-des-berges-de-la-frayere-06\/\" \/>\n<meta property=\"og:site_name\" content=\"Maccaferri France\" \/>\n<meta property=\"article:modified_time\" content=\"2026-02-16T14:36:24+00:00\" \/>\n<meta property=\"og:image\" content=\"https:\/\/www.maccaferri.com\/fr\/wp-content\/uploads\/2024\/12\/3896_dwg.jpg\" \/>\n\t<meta property=\"og:image:width\" content=\"815\" \/>\n\t<meta property=\"og:image:height\" content=\"419\" \/>\n\t<meta property=\"og:image:type\" content=\"image\/jpeg\" \/>\n<meta name=\"twitter:card\" content=\"summary_large_image\" \/>\n<script type=\"application\/ld+json\" class=\"yoast-schema-graph\">{\"@context\":\"https:\/\/schema.org\",\"@graph\":[{\"@type\":\"WebPage\",\"@id\":\"https:\/\/www.maccaferri.com\/fr\/exemples-de-r\u00e9ussites\/reamenagement-des-berges-de-la-frayere-06\/\",\"url\":\"https:\/\/www.maccaferri.com\/fr\/exemples-de-r\u00e9ussites\/reamenagement-des-berges-de-la-frayere-06\/\",\"name\":\"\u00a0R\u00e9am\u00e9nagement des berges de la Fray\u00e8re, 06 - Maccaferri France\",\"isPartOf\":{\"@id\":\"https:\/\/www.maccaferri.com\/fr\/#website\"},\"primaryImageOfPage\":{\"@id\":\"https:\/\/www.maccaferri.com\/fr\/exemples-de-r\u00e9ussites\/reamenagement-des-berges-de-la-frayere-06\/#primaryimage\"},\"image\":{\"@id\":\"https:\/\/www.maccaferri.com\/fr\/exemples-de-r\u00e9ussites\/reamenagement-des-berges-de-la-frayere-06\/#primaryimage\"},\"thumbnailUrl\":\"https:\/\/www.maccaferri.com\/fr\/wp-content\/uploads\/2024\/12\/3896_dwg.jpg\",\"datePublished\":\"2025-10-29T06:55:29+00:00\",\"dateModified\":\"2026-02-16T14:36:24+00:00\",\"description\":\"D\u00e9couvrez nos r\u00e9ussites : \u00a0R\u00e9am\u00e9nagement des berges de la Fray\u00e8re, 06. Du d\u00e9fi \u00e0 la solution, voyez comment nous avons aid\u00e9 nos clients \u00e0 atteindre leurs objectifs avec succ\u00e8s.\",\"breadcrumb\":{\"@id\":\"https:\/\/www.maccaferri.com\/fr\/exemples-de-r\u00e9ussites\/reamenagement-des-berges-de-la-frayere-06\/#breadcrumb\"},\"inLanguage\":\"fr-FR\",\"potentialAction\":[{\"@type\":\"ReadAction\",\"target\":[\"https:\/\/www.maccaferri.com\/fr\/exemples-de-r\u00e9ussites\/reamenagement-des-berges-de-la-frayere-06\/\"]}]},{\"@type\":\"ImageObject\",\"inLanguage\":\"fr-FR\",\"@id\":\"https:\/\/www.maccaferri.com\/fr\/exemples-de-r\u00e9ussites\/reamenagement-des-berges-de-la-frayere-06\/#primaryimage\",\"url\":\"https:\/\/www.maccaferri.com\/fr\/wp-content\/uploads\/2024\/12\/3896_dwg.jpg\",\"contentUrl\":\"https:\/\/www.maccaferri.com\/fr\/wp-content\/uploads\/2024\/12\/3896_dwg.jpg\",\"width\":815,\"height\":419},{\"@type\":\"BreadcrumbList\",\"@id\":\"https:\/\/www.maccaferri.com\/fr\/exemples-de-r\u00e9ussites\/reamenagement-des-berges-de-la-frayere-06\/#breadcrumb\",\"itemListElement\":[{\"@type\":\"ListItem\",\"position\":1,\"name\":\"Home\",\"item\":\"https:\/\/www.maccaferri.com\/fr\/\"},{\"@type\":\"ListItem\",\"position\":2,\"name\":\"Stories\",\"item\":\"https:\/\/www.maccaferri.com\/fr\/stories\/\"},{\"@type\":\"ListItem\",\"position\":3,\"name\":\"\u00a0R\u00e9am\u00e9nagement des berges de la Fray\u00e8re, 06\"}]},{\"@type\":\"WebSite\",\"@id\":\"https:\/\/www.maccaferri.com\/fr\/#website\",\"url\":\"https:\/\/www.maccaferri.com\/fr\/\",\"name\":\"Maccaferri France\",\"description\":\"\",\"publisher\":{\"@id\":\"https:\/\/www.maccaferri.com\/fr\/#organization\"},\"potentialAction\":[{\"@type\":\"SearchAction\",\"target\":{\"@type\":\"EntryPoint\",\"urlTemplate\":\"https:\/\/www.maccaferri.com\/fr\/?s={search_term_string}\"},\"query-input\":{\"@type\":\"PropertyValueSpecification\",\"valueRequired\":true,\"valueName\":\"search_term_string\"}}],\"inLanguage\":\"fr-FR\"},{\"@type\":\"Organization\",\"@id\":\"https:\/\/www.maccaferri.com\/fr\/#organization\",\"name\":\"Maccaferri France\",\"url\":\"https:\/\/www.maccaferri.com\/fr\/\",\"logo\":{\"@type\":\"ImageObject\",\"inLanguage\":\"fr-FR\",\"@id\":\"https:\/\/www.maccaferri.com\/fr\/#\/schema\/logo\/image\/\",\"url\":\"https:\/\/www.maccaferri.com\/fr\/wp-content\/uploads\/2022\/07\/logo-maccaferri.png\",\"contentUrl\":\"https:\/\/www.maccaferri.com\/fr\/wp-content\/uploads\/2022\/07\/logo-maccaferri.png\",\"width\":152,\"height\":32,\"caption\":\"Maccaferri France\"},\"image\":{\"@id\":\"https:\/\/www.maccaferri.com\/fr\/#\/schema\/logo\/image\/\"}}]}<\/script>\n<!-- \/ Yoast SEO Premium plugin. -->","yoast_head_json":{"title":"\u00a0R\u00e9am\u00e9nagement des berges de la Fray\u00e8re, 06 - Maccaferri France","description":"D\u00e9couvrez nos r\u00e9ussites : \u00a0R\u00e9am\u00e9nagement des berges de la Fray\u00e8re, 06. Du d\u00e9fi \u00e0 la solution, voyez comment nous avons aid\u00e9 nos clients \u00e0 atteindre leurs objectifs avec succ\u00e8s.","robots":{"index":"index","follow":"follow","max-snippet":"max-snippet:-1","max-image-preview":"max-image-preview:large","max-video-preview":"max-video-preview:-1"},"canonical":"https:\/\/www.maccaferri.com\/fr\/exemples-de-r\u00e9ussites\/reamenagement-des-berges-de-la-frayere-06\/","og_locale":"fr_FR","og_type":"article","og_title":"\u00a0R\u00e9am\u00e9nagement des berges de la Fray\u00e8re, 06","og_description":"D\u00e9couvrez nos r\u00e9ussites : \u00a0R\u00e9am\u00e9nagement des berges de la Fray\u00e8re, 06. Du d\u00e9fi \u00e0 la solution, voyez comment nous avons aid\u00e9 nos clients \u00e0 atteindre leurs objectifs avec succ\u00e8s.","og_url":"https:\/\/www.maccaferri.com\/fr\/exemples-de-r\u00e9ussites\/reamenagement-des-berges-de-la-frayere-06\/","og_site_name":"Maccaferri France","article_modified_time":"2026-02-16T14:36:24+00:00","og_image":[{"width":815,"height":419,"url":"https:\/\/www.maccaferri.com\/fr\/wp-content\/uploads\/2024\/12\/3896_dwg.jpg","type":"image\/jpeg"}],"twitter_card":"summary_large_image","schema":{"@context":"https:\/\/schema.org","@graph":[{"@type":"WebPage","@id":"https:\/\/www.maccaferri.com\/fr\/exemples-de-r\u00e9ussites\/reamenagement-des-berges-de-la-frayere-06\/","url":"https:\/\/www.maccaferri.com\/fr\/exemples-de-r\u00e9ussites\/reamenagement-des-berges-de-la-frayere-06\/","name":"\u00a0R\u00e9am\u00e9nagement des berges de la Fray\u00e8re, 06 - Maccaferri France","isPartOf":{"@id":"https:\/\/www.maccaferri.com\/fr\/#website"},"primaryImageOfPage":{"@id":"https:\/\/www.maccaferri.com\/fr\/exemples-de-r\u00e9ussites\/reamenagement-des-berges-de-la-frayere-06\/#primaryimage"},"image":{"@id":"https:\/\/www.maccaferri.com\/fr\/exemples-de-r\u00e9ussites\/reamenagement-des-berges-de-la-frayere-06\/#primaryimage"},"thumbnailUrl":"https:\/\/www.maccaferri.com\/fr\/wp-content\/uploads\/2024\/12\/3896_dwg.jpg","datePublished":"2025-10-29T06:55:29+00:00","dateModified":"2026-02-16T14:36:24+00:00","description":"D\u00e9couvrez nos r\u00e9ussites : \u00a0R\u00e9am\u00e9nagement des berges de la Fray\u00e8re, 06. Du d\u00e9fi \u00e0 la solution, voyez comment nous avons aid\u00e9 nos clients \u00e0 atteindre leurs objectifs avec succ\u00e8s.","breadcrumb":{"@id":"https:\/\/www.maccaferri.com\/fr\/exemples-de-r\u00e9ussites\/reamenagement-des-berges-de-la-frayere-06\/#breadcrumb"},"inLanguage":"fr-FR","potentialAction":[{"@type":"ReadAction","target":["https:\/\/www.maccaferri.com\/fr\/exemples-de-r\u00e9ussites\/reamenagement-des-berges-de-la-frayere-06\/"]}]},{"@type":"ImageObject","inLanguage":"fr-FR","@id":"https:\/\/www.maccaferri.com\/fr\/exemples-de-r\u00e9ussites\/reamenagement-des-berges-de-la-frayere-06\/#primaryimage","url":"https:\/\/www.maccaferri.com\/fr\/wp-content\/uploads\/2024\/12\/3896_dwg.jpg","contentUrl":"https:\/\/www.maccaferri.com\/fr\/wp-content\/uploads\/2024\/12\/3896_dwg.jpg","width":815,"height":419},{"@type":"BreadcrumbList","@id":"https:\/\/www.maccaferri.com\/fr\/exemples-de-r\u00e9ussites\/reamenagement-des-berges-de-la-frayere-06\/#breadcrumb","itemListElement":[{"@type":"ListItem","position":1,"name":"Home","item":"https:\/\/www.maccaferri.com\/fr\/"},{"@type":"ListItem","position":2,"name":"Stories","item":"https:\/\/www.maccaferri.com\/fr\/stories\/"},{"@type":"ListItem","position":3,"name":"\u00a0R\u00e9am\u00e9nagement des berges de la Fray\u00e8re, 06"}]},{"@type":"WebSite","@id":"https:\/\/www.maccaferri.com\/fr\/#website","url":"https:\/\/www.maccaferri.com\/fr\/","name":"Maccaferri France","description":"","publisher":{"@id":"https:\/\/www.maccaferri.com\/fr\/#organization"},"potentialAction":[{"@type":"SearchAction","target":{"@type":"EntryPoint","urlTemplate":"https:\/\/www.maccaferri.com\/fr\/?s={search_term_string}"},"query-input":{"@type":"PropertyValueSpecification","valueRequired":true,"valueName":"search_term_string"}}],"inLanguage":"fr-FR"},{"@type":"Organization","@id":"https:\/\/www.maccaferri.com\/fr\/#organization","name":"Maccaferri France","url":"https:\/\/www.maccaferri.com\/fr\/","logo":{"@type":"ImageObject","inLanguage":"fr-FR","@id":"https:\/\/www.maccaferri.com\/fr\/#\/schema\/logo\/image\/","url":"https:\/\/www.maccaferri.com\/fr\/wp-content\/uploads\/2022\/07\/logo-maccaferri.png","contentUrl":"https:\/\/www.maccaferri.com\/fr\/wp-content\/uploads\/2022\/07\/logo-maccaferri.png","width":152,"height":32,"caption":"Maccaferri France"},"image":{"@id":"https:\/\/www.maccaferri.com\/fr\/#\/schema\/logo\/image\/"}}]}},"_links":{"self":[{"href":"https:\/\/www.maccaferri.com\/fr\/wp-json\/wp\/v2\/stories\/110278","targetHints":{"allow":["GET"]}}],"collection":[{"href":"https:\/\/www.maccaferri.com\/fr\/wp-json\/wp\/v2\/stories"}],"about":[{"href":"https:\/\/www.maccaferri.com\/fr\/wp-json\/wp\/v2\/types\/stories"}],"acf:post":[{"embeddable":true,"href":"https:\/\/www.maccaferri.com\/fr\/wp-json\/wp\/v2\/sectors\/103460"},{"embeddable":true,"href":"https:\/\/www.maccaferri.com\/fr\/wp-json\/wp\/v2\/solution\/103547"},{"embeddable":true,"href":"https:\/\/www.maccaferri.com\/fr\/wp-json\/wp\/v2\/application\/103496"},{"embeddable":true,"href":"https:\/\/www.maccaferri.com\/fr\/wp-json\/wp\/v2\/prodotti\/113624"},{"embeddable":true,"href":"https:\/\/www.maccaferri.com\/fr\/wp-json\/wp\/v2\/prodotti\/113576"},{"embeddable":true,"href":"https:\/\/www.maccaferri.com\/fr\/wp-json\/wp\/v2\/prodotti\/113687"},{"embeddable":true,"href":"https:\/\/www.maccaferri.com\/fr\/wp-json\/wp\/v2\/prodotti\/113579"},{"embeddable":true,"href":"https:\/\/www.maccaferri.com\/fr\/wp-json\/wp\/v2\/prodotti\/113582"}],"wp:featuredmedia":[{"embeddable":true,"href":"https:\/\/www.maccaferri.com\/fr\/wp-json\/wp\/v2\/media\/88267"}],"wp:attachment":[{"href":"https:\/\/www.maccaferri.com\/fr\/wp-json\/wp\/v2\/media?parent=110278"}],"wp:term":[{"taxonomy":"stories-category","embeddable":true,"href":"https:\/\/www.maccaferri.com\/fr\/wp-json\/wp\/v2\/stories-category?post=110278"},{"taxonomy":"stories-tag","embeddable":true,"href":"https:\/\/www.maccaferri.com\/fr\/wp-json\/wp\/v2\/stories-tag?post=110278"}],"curies":[{"name":"wp","href":"https:\/\/api.w.org\/{rel}","templated":true}]}}