{"id":110221,"date":"2025-10-29T07:54:57","date_gmt":"2025-10-29T06:54:57","guid":{"rendered":"https:\/\/www.maccaferri.com\/fr\/success-stories\/deviation-st-beat-arlos-31\/"},"modified":"2026-02-16T15:36:46","modified_gmt":"2026-02-16T14:36:46","slug":"deviation-st-beat-arlos-31","status":"publish","type":"stories","link":"https:\/\/www.maccaferri.com\/fr\/exemples-de-r\u00e9ussites\/deviation-st-beat-arlos-31\/","title":{"rendered":"D\u00e9viation St B\u00e9at, Arlos, 31"},"content":{"rendered":"<div class=\"container-fluid carousel-image-gallery\">\n        <div class=\"row\">\n            <div id=\"carouselImageblock_63ae097fdffd7\" class=\"carousel slide carouselImageGallery\" data-bs-ride=\"carousel\">\n                <!-- \/\/ Indicators -->\n                <ol class=\"carousel-indicators\">\n                                            <li data-bs-target=\"#carouselImageblock_63ae097fdffd7\" data-bs-slide-to=\"0\" class=\"active\" aria-current=\"true\" aria-label=\"Slide\"><\/li>\n                                            <li data-bs-target=\"#carouselImageblock_63ae097fdffd7\" data-bs-slide-to=\"1\" class=\"\" aria-current=\"true\" aria-label=\"Slide\"><\/li>\n                                            <li data-bs-target=\"#carouselImageblock_63ae097fdffd7\" data-bs-slide-to=\"2\" class=\"\" aria-current=\"true\" aria-label=\"Slide\"><\/li>\n                                            <li data-bs-target=\"#carouselImageblock_63ae097fdffd7\" data-bs-slide-to=\"3\" class=\"\" aria-current=\"true\" aria-label=\"Slide\"><\/li>\n                                            <li data-bs-target=\"#carouselImageblock_63ae097fdffd7\" data-bs-slide-to=\"4\" class=\"\" aria-current=\"true\" aria-label=\"Slide\"><\/li>\n                                            <li data-bs-target=\"#carouselImageblock_63ae097fdffd7\" data-bs-slide-to=\"5\" class=\"\" aria-current=\"true\" aria-label=\"Slide\"><\/li>\n                                            <li data-bs-target=\"#carouselImageblock_63ae097fdffd7\" data-bs-slide-to=\"6\" class=\"\" aria-current=\"true\" aria-label=\"Slide\"><\/li>\n                                    <\/ol>\n\n                <div class=\"carousel-inner container\" role=\"listbox\">\n                                            <div class=\"carousel-item active\">\n                        <div class=\"col-12 col-lg-4 col-xl-4 col-xxl-4 space-mobile\">\n                            <div class=\"grid-item-wrapper\">\n                                <div class=\"img-responsive-wrapper\">\n                                    <div class=\"img-responsive\">\n                                        <div class=\"img-wrapper\"><img decoding=\"async\" src=\"https:\/\/www.maccaferri.com\/fr\/wp-content\/uploads\/2025\/05\/4064_1.jpg\" alt=\"\" \/><\/div>\n                                    <\/div>\n                                <\/div>\n                                <div class=\"griditem-text-wrapper text-center\">\n                                    <p class=\"griditem-text text-center\">MacRes en cours de pose avec vue des MacLoop et ParaWeb<\/p>\n                   \n                                <\/div>\n                            <\/div>\n                        <\/div>\n                        <\/div>\n                                            <div class=\"carousel-item \">\n                        <div class=\"col-12 col-lg-4 col-xl-4 col-xxl-4 space-mobile\">\n                            <div class=\"grid-item-wrapper\">\n                                <div class=\"img-responsive-wrapper\">\n                                    <div class=\"img-responsive\">\n                                        <div class=\"img-wrapper\"><img decoding=\"async\" src=\"https:\/\/www.maccaferri.com\/fr\/wp-content\/uploads\/2025\/05\/4064_2.jpg\" alt=\"\" \/><\/div>\n                                    <\/div>\n                                <\/div>\n                                <div class=\"griditem-text-wrapper text-center\">\n                                    <p class=\"griditem-text text-center\">Ecailles b\u00e9ton MacRes<\/p>\n                   \n                                <\/div>\n                            <\/div>\n                        <\/div>\n                        <\/div>\n                                            <div class=\"carousel-item \">\n                        <div class=\"col-12 col-lg-4 col-xl-4 col-xxl-4 space-mobile\">\n                            <div class=\"grid-item-wrapper\">\n                                <div class=\"img-responsive-wrapper\">\n                                    <div class=\"img-responsive\">\n                                        <div class=\"img-wrapper\"><img decoding=\"async\" src=\"https:\/\/www.maccaferri.com\/fr\/wp-content\/uploads\/2025\/05\/4064_3.jpg\" alt=\"\" \/><\/div>\n                                    <\/div>\n                                <\/div>\n                                <div class=\"griditem-text-wrapper text-center\">\n                                    <p class=\"griditem-text text-center\">Parement MacRes en cours de pose<\/p>\n                   \n                                <\/div>\n                            <\/div>\n                        <\/div>\n                        <\/div>\n                                            <div class=\"carousel-item \">\n                        <div class=\"col-12 col-lg-4 col-xl-4 col-xxl-4 space-mobile\">\n                            <div class=\"grid-item-wrapper\">\n                                <div class=\"img-responsive-wrapper\">\n                                    <div class=\"img-responsive\">\n                                        <div class=\"img-wrapper\"><img decoding=\"async\" src=\"https:\/\/www.maccaferri.com\/fr\/wp-content\/uploads\/2025\/05\/4064_4.jpg\" alt=\"\" \/><\/div>\n                                    <\/div>\n                                <\/div>\n                                <div class=\"griditem-text-wrapper text-center\">\n                                    <p class=\"griditem-text text-center\">Ecailles du parement MacRes en cours de pose<\/p>\n                   \n                                <\/div>\n                            <\/div>\n                        <\/div>\n                        <\/div>\n                                            <div class=\"carousel-item \">\n                        <div class=\"col-12 col-lg-4 col-xl-4 col-xxl-4 space-mobile\">\n                            <div class=\"grid-item-wrapper\">\n                                <div class=\"img-responsive-wrapper\">\n                                    <div class=\"img-responsive\">\n                                        <div class=\"img-wrapper\"><img decoding=\"async\" src=\"https:\/\/www.maccaferri.com\/fr\/wp-content\/uploads\/2025\/05\/4064_5.png\" alt=\"\" \/><\/div>\n                                    <\/div>\n                                <\/div>\n                                <div class=\"griditem-text-wrapper text-center\">\n                                    <p class=\"griditem-text text-center\">Parement b\u00e9ton effet bois<\/p>\n                   \n                                <\/div>\n                            <\/div>\n                        <\/div>\n                        <\/div>\n                                            <div class=\"carousel-item \">\n                        <div class=\"col-12 col-lg-4 col-xl-4 col-xxl-4 space-mobile\">\n                            <div class=\"grid-item-wrapper\">\n                                <div class=\"img-responsive-wrapper\">\n                                    <div class=\"img-responsive\">\n                                        <div class=\"img-wrapper\"><img decoding=\"async\" src=\"https:\/\/www.maccaferri.com\/fr\/wp-content\/uploads\/2025\/05\/4064_6.jpg\" alt=\"\" \/><\/div>\n                                    <\/div>\n                                <\/div>\n                                <div class=\"griditem-text-wrapper text-center\">\n                                    <p class=\"griditem-text text-center\">Vue d&#039;ensemble du chantier \u00a9Eiffage<\/p>\n                   \n                                <\/div>\n                            <\/div>\n                        <\/div>\n                        <\/div>\n                                            <div class=\"carousel-item \">\n                        <div class=\"col-12 col-lg-4 col-xl-4 col-xxl-4 space-mobile\">\n                            <div class=\"grid-item-wrapper\">\n                                <div class=\"img-responsive-wrapper\">\n                                    <div class=\"img-responsive\">\n                                        <div class=\"img-wrapper\"><img decoding=\"async\" src=\"https:\/\/www.maccaferri.com\/fr\/wp-content\/uploads\/2025\/05\/4064_dwg.png\" alt=\"\" \/><\/div>\n                                    <\/div>\n                                <\/div>\n                                <div class=\"griditem-text-wrapper text-center\">\n                                    <p class=\"griditem-text text-center\">\u00a0Profil en travers du chantier<\/p>\n                   \n                                <\/div>\n                            <\/div>\n                        <\/div>\n                        <\/div>\n                                    <\/div>\n            <\/div>\n\n        <\/div>\n    <\/div><div class=\"container-full text-bocolor-block-white\">\n        <div class=\"row\">\n        <div class=\"col-12\">\n            <div class=\"container box-container\">\n                <div class=\"row\">\n                    <div class=\"col-12\">\n                        <h3>Challenge<\/h3>\n                    <\/div>\n                <\/div>\n            <\/div>\n        <\/div>    \n    <\/div>\n        <div class=\"row\">\n        <div class=\"col-12\">\n            <div class=\"container box-container\">\n                <div class=\"row\">\n                    <div class=\"col-12 content\">\n                        <p>La d\u00e9viation de Saint B\u00e9at &#8211; Arlos s&#8217;inscrit dans le cadre de l&#8217;am\u00e9nagement global de l&#8217;itin\u00e9raire de la RN125 entre Toulouse et la fronti\u00e8re espagnole, favorisant la fluidit\u00e9 du trafic et la s\u00e9curit\u00e9 des usagers et des riverains. Le tron\u00e7on Nord Lez, d&#8217;une longueur de 2,6km a \u00e9t\u00e9 mis en service en mai 2018, avec notamment un tunnel de 1km de longueur. En 2017, la poursuite de la d\u00e9viation a \u00e9t\u00e9 act\u00e9e avec un tron\u00e7on Sud Lez de 3,4km traversant le pied du massif bois\u00e9 d&#8217;Argut-Dessous dans un contexte g\u00e9otechnique complexe. Ce tron\u00e7on n\u00e9cessite la mise en place d&#8217;un pont et de 3 murs de sout\u00e8nements. Ces murs sont situ\u00e9s sur versant en profils de d\u00e9blais\/remblais. La maitrise d&#8217;\u0153uvre s&#8217;est tourn\u00e9e vers une solution en remblai renforc\u00e9 \u00e0 parement b\u00e9ton pour soutenir la chauss\u00e9e c\u00f4t\u00e9 aval.<\/p>\n<p>Les murs de sout\u00e8nements en sol renforc\u00e9 \u00e0 parement b\u00e9ton MS1 et MS2 soutiennent les rampes d&#8217;acc\u00e8s \u00e0 l&#8217;ouvrage d&#8217;art sur des hauteurs importantes (maximum 17m) et des lin\u00e9aires importants (respectivement 120m et 115m). Les ouvrages sont fond\u00e9s sur le rocher et le mat\u00e9riau de remblai structurel est issu des d\u00e9blais du site.&nbsp;<\/p>\n                    <\/div>\n                <\/div>\n            <\/div>\n        <\/div>\n    <\/div>\n    <\/div>\n<div class=\"container-full text-bocolor-block-green\">\n        <div class=\"row\">\n        <div class=\"col-12\">\n            <div class=\"container box-container\">\n                <div class=\"row\">\n                    <div class=\"col-12\">\n                        <h3>Solution<\/h3>\n                    <\/div>\n                <\/div>\n            <\/div>\n        <\/div>    \n    <\/div>\n        <div class=\"row\">\n        <div class=\"col-12\">\n            <div class=\"container box-container\">\n                <div class=\"row\">\n                    <div class=\"col-12 content\">\n                        <p>l&#8217;accompagnement de Maccaferri dans l&#8217;\u00e9tude, la fourniture et la mise en \u0153uvre du syst\u00e8me. Il consiste en l&#8217;association de panneaux en b\u00e9ton de section 1m50x1m50 de 14cm d&#8217;\u00e9paisseur reli\u00e9s \u00e0 des bandes de renforcement ParaWeb par le biais de connexions Paraloop coul\u00e9es dans le b\u00e9ton. Le ParaWeb est une g\u00e9obande constitu\u00e9e de fibres de Polyester (PET) extr\u00eamement r\u00e9sistantes \u00e0 la traction et prot\u00e9g\u00e9es par une gaine en Poly\u00e9thyl\u00e8ne Basse Densit\u00e9 (PEBD) particuli\u00e8rement robuste face \u00e0 l&#8217;endommagement lors de la mise en \u0153uvre et \u00e0 la d\u00e9gradation chimique. Cette technique de sout\u00e8nement est particuli\u00e8rement adapt\u00e9e pour la r\u00e9alisation de mur dans des zones de remblai pour des hauteurs importantes. Elle associe des \u00e9l\u00e9ments de renforcement synth\u00e9tiques \u00e0 forte r\u00e9sistance \u00e0 la traction \u00e0 un remblai structurel s\u00e9lectionn\u00e9 ayant un espacement vertical et horizontal r\u00e9guliers.<\/p>\n<p>Dans le cadre du chantier, pr\u00e8s de 3000m\u00b2 de surface de mur et 130,000ml de Paraweb ont \u00e9t\u00e9 mis en \u0153uvre.<\/p>\n                    <\/div>\n                <\/div>\n            <\/div>\n        <\/div>\n    <\/div>\n    <\/div><div class=\"wp-block-mac-container-block box-container\"><div class=\"container\"><h2>Used Products<\/h2><div class=\"row\"><div class=\"col-12 col-sm-12 col-md-12 col-lg-3 col-xl-3 col-xxl-3\"><div class=\"wp-block-mac-card-new-block block-latest-news-container\"><div class=\"card\"><div class=\"content-images\"><img decoding=\"async\" class=\"box-image\" src=\"https:\/\/www.maccaferri.com\/fr\/wp-content\/uploads\/2025\/01\/MacRes-Header.jpg\" alt=\"MACRES\" title=\"MACRES\" \/><\/div><div class=\"card-body\"><h6>MACRES<\/h6><span class=\"abstract\">Maccaferri offre une assistance technique d\u00e9di\u00e9e \u00e0 chaque \u00e9tape de votre projet. De la consultation initiale et de la conception personnalis\u00e9e \u00e0 l&#8217;in<\/span><a href=\"https:\/\/www.maccaferri.com\/fr\/produits\/macres\/\" class=\"cta\" rel=\"noopener\" title=\"MACRES\">Voir\n                           <span class=\"text\" value=\"\" \/>\n                           <\/a><div data-post-id=\"113561\" class=\"star \" title=\"Add to wishlist\"><span class=\"material-symbols-rounded starrate\">star<\/span><\/div><\/div><\/div><\/div><\/div><\/div><\/div><\/div><!--usedproducts-->","protected":false},"excerpt":{"rendered":"<p>l&#39;accompagnement de Maccaferri dans l&#39;\u00e9tude, la fourniture et la mise en \u0153uvre du syst\u00e8me. Il consiste en l&#39;association de panneaux en <\/p>\n","protected":false},"featured_media":97863,"parent":0,"menu_order":0,"template":"","stories-category":[],"stories-tag":[],"class_list":["post-110221","stories","type-stories","status-publish","has-post-thumbnail","hentry"],"acf":{"products":[113561],"applications":[103493,103493],"solutions":[103664],"sectors":[103460]},"yoast_head":"<!-- This site is optimized with the Yoast SEO Premium plugin v27.0 (Yoast SEO v27.0) - https:\/\/yoast.com\/product\/yoast-seo-premium-wordpress\/ -->\n<title>D\u00e9viation St B\u00e9at, Arlos, 31 - Maccaferri France<\/title>\n<meta name=\"description\" content=\"D\u00e9couvrez nos r\u00e9ussites : D\u00e9viation St B\u00e9at, Arlos, 31. Du d\u00e9fi \u00e0 la solution, voyez comment nous avons aid\u00e9 nos clients \u00e0 atteindre leurs objectifs avec succ\u00e8s.\" \/>\n<meta name=\"robots\" content=\"index, follow, max-snippet:-1, max-image-preview:large, max-video-preview:-1\" \/>\n<link rel=\"canonical\" href=\"https:\/\/www.maccaferri.com\/fr\/exemples-de-r\u00e9ussites\/deviation-st-beat-arlos-31\/\" \/>\n<meta property=\"og:locale\" content=\"fr_FR\" \/>\n<meta property=\"og:type\" content=\"article\" \/>\n<meta property=\"og:title\" content=\"D\u00e9viation St B\u00e9at, Arlos, 31\" \/>\n<meta property=\"og:description\" content=\"D\u00e9couvrez nos r\u00e9ussites : D\u00e9viation St B\u00e9at, Arlos, 31. Du d\u00e9fi \u00e0 la solution, voyez comment nous avons aid\u00e9 nos clients \u00e0 atteindre leurs objectifs avec succ\u00e8s.\" \/>\n<meta property=\"og:url\" content=\"https:\/\/www.maccaferri.com\/fr\/exemples-de-r\u00e9ussites\/deviation-st-beat-arlos-31\/\" \/>\n<meta property=\"og:site_name\" content=\"Maccaferri France\" \/>\n<meta property=\"article:modified_time\" content=\"2026-02-16T14:36:46+00:00\" \/>\n<meta property=\"og:image\" content=\"https:\/\/www.maccaferri.com\/fr\/wp-content\/uploads\/2025\/05\/4064_6.jpg\" \/>\n\t<meta property=\"og:image:width\" content=\"981\" \/>\n\t<meta property=\"og:image:height\" content=\"675\" \/>\n\t<meta property=\"og:image:type\" content=\"image\/jpeg\" \/>\n<meta name=\"twitter:card\" content=\"summary_large_image\" \/>\n<script type=\"application\/ld+json\" class=\"yoast-schema-graph\">{\"@context\":\"https:\/\/schema.org\",\"@graph\":[{\"@type\":\"WebPage\",\"@id\":\"https:\/\/www.maccaferri.com\/fr\/exemples-de-r\u00e9ussites\/deviation-st-beat-arlos-31\/\",\"url\":\"https:\/\/www.maccaferri.com\/fr\/exemples-de-r\u00e9ussites\/deviation-st-beat-arlos-31\/\",\"name\":\"D\u00e9viation St B\u00e9at, Arlos, 31 - Maccaferri France\",\"isPartOf\":{\"@id\":\"https:\/\/www.maccaferri.com\/fr\/#website\"},\"primaryImageOfPage\":{\"@id\":\"https:\/\/www.maccaferri.com\/fr\/exemples-de-r\u00e9ussites\/deviation-st-beat-arlos-31\/#primaryimage\"},\"image\":{\"@id\":\"https:\/\/www.maccaferri.com\/fr\/exemples-de-r\u00e9ussites\/deviation-st-beat-arlos-31\/#primaryimage\"},\"thumbnailUrl\":\"https:\/\/www.maccaferri.com\/fr\/wp-content\/uploads\/2025\/05\/4064_6.jpg\",\"datePublished\":\"2025-10-29T06:54:57+00:00\",\"dateModified\":\"2026-02-16T14:36:46+00:00\",\"description\":\"D\u00e9couvrez nos r\u00e9ussites : D\u00e9viation St B\u00e9at, Arlos, 31. Du d\u00e9fi \u00e0 la solution, voyez comment nous avons aid\u00e9 nos clients \u00e0 atteindre leurs objectifs avec succ\u00e8s.\",\"breadcrumb\":{\"@id\":\"https:\/\/www.maccaferri.com\/fr\/exemples-de-r\u00e9ussites\/deviation-st-beat-arlos-31\/#breadcrumb\"},\"inLanguage\":\"fr-FR\",\"potentialAction\":[{\"@type\":\"ReadAction\",\"target\":[\"https:\/\/www.maccaferri.com\/fr\/exemples-de-r\u00e9ussites\/deviation-st-beat-arlos-31\/\"]}]},{\"@type\":\"ImageObject\",\"inLanguage\":\"fr-FR\",\"@id\":\"https:\/\/www.maccaferri.com\/fr\/exemples-de-r\u00e9ussites\/deviation-st-beat-arlos-31\/#primaryimage\",\"url\":\"https:\/\/www.maccaferri.com\/fr\/wp-content\/uploads\/2025\/05\/4064_6.jpg\",\"contentUrl\":\"https:\/\/www.maccaferri.com\/fr\/wp-content\/uploads\/2025\/05\/4064_6.jpg\",\"width\":981,\"height\":675,\"caption\":\"Vue d'ensemble du chantier \u00a9Eiffage\"},{\"@type\":\"BreadcrumbList\",\"@id\":\"https:\/\/www.maccaferri.com\/fr\/exemples-de-r\u00e9ussites\/deviation-st-beat-arlos-31\/#breadcrumb\",\"itemListElement\":[{\"@type\":\"ListItem\",\"position\":1,\"name\":\"Home\",\"item\":\"https:\/\/www.maccaferri.com\/fr\/\"},{\"@type\":\"ListItem\",\"position\":2,\"name\":\"Stories\",\"item\":\"https:\/\/www.maccaferri.com\/fr\/stories\/\"},{\"@type\":\"ListItem\",\"position\":3,\"name\":\"D\u00e9viation St B\u00e9at, Arlos, 31\"}]},{\"@type\":\"WebSite\",\"@id\":\"https:\/\/www.maccaferri.com\/fr\/#website\",\"url\":\"https:\/\/www.maccaferri.com\/fr\/\",\"name\":\"Maccaferri France\",\"description\":\"\",\"publisher\":{\"@id\":\"https:\/\/www.maccaferri.com\/fr\/#organization\"},\"potentialAction\":[{\"@type\":\"SearchAction\",\"target\":{\"@type\":\"EntryPoint\",\"urlTemplate\":\"https:\/\/www.maccaferri.com\/fr\/?s={search_term_string}\"},\"query-input\":{\"@type\":\"PropertyValueSpecification\",\"valueRequired\":true,\"valueName\":\"search_term_string\"}}],\"inLanguage\":\"fr-FR\"},{\"@type\":\"Organization\",\"@id\":\"https:\/\/www.maccaferri.com\/fr\/#organization\",\"name\":\"Maccaferri France\",\"url\":\"https:\/\/www.maccaferri.com\/fr\/\",\"logo\":{\"@type\":\"ImageObject\",\"inLanguage\":\"fr-FR\",\"@id\":\"https:\/\/www.maccaferri.com\/fr\/#\/schema\/logo\/image\/\",\"url\":\"https:\/\/www.maccaferri.com\/fr\/wp-content\/uploads\/2022\/07\/logo-maccaferri.png\",\"contentUrl\":\"https:\/\/www.maccaferri.com\/fr\/wp-content\/uploads\/2022\/07\/logo-maccaferri.png\",\"width\":152,\"height\":32,\"caption\":\"Maccaferri France\"},\"image\":{\"@id\":\"https:\/\/www.maccaferri.com\/fr\/#\/schema\/logo\/image\/\"}}]}<\/script>\n<!-- \/ Yoast SEO Premium plugin. -->","yoast_head_json":{"title":"D\u00e9viation St B\u00e9at, Arlos, 31 - Maccaferri France","description":"D\u00e9couvrez nos r\u00e9ussites : D\u00e9viation St B\u00e9at, Arlos, 31. Du d\u00e9fi \u00e0 la solution, voyez comment nous avons aid\u00e9 nos clients \u00e0 atteindre leurs objectifs avec succ\u00e8s.","robots":{"index":"index","follow":"follow","max-snippet":"max-snippet:-1","max-image-preview":"max-image-preview:large","max-video-preview":"max-video-preview:-1"},"canonical":"https:\/\/www.maccaferri.com\/fr\/exemples-de-r\u00e9ussites\/deviation-st-beat-arlos-31\/","og_locale":"fr_FR","og_type":"article","og_title":"D\u00e9viation St B\u00e9at, Arlos, 31","og_description":"D\u00e9couvrez nos r\u00e9ussites : D\u00e9viation St B\u00e9at, Arlos, 31. Du d\u00e9fi \u00e0 la solution, voyez comment nous avons aid\u00e9 nos clients \u00e0 atteindre leurs objectifs avec succ\u00e8s.","og_url":"https:\/\/www.maccaferri.com\/fr\/exemples-de-r\u00e9ussites\/deviation-st-beat-arlos-31\/","og_site_name":"Maccaferri France","article_modified_time":"2026-02-16T14:36:46+00:00","og_image":[{"width":981,"height":675,"url":"https:\/\/www.maccaferri.com\/fr\/wp-content\/uploads\/2025\/05\/4064_6.jpg","type":"image\/jpeg"}],"twitter_card":"summary_large_image","schema":{"@context":"https:\/\/schema.org","@graph":[{"@type":"WebPage","@id":"https:\/\/www.maccaferri.com\/fr\/exemples-de-r\u00e9ussites\/deviation-st-beat-arlos-31\/","url":"https:\/\/www.maccaferri.com\/fr\/exemples-de-r\u00e9ussites\/deviation-st-beat-arlos-31\/","name":"D\u00e9viation St B\u00e9at, Arlos, 31 - Maccaferri France","isPartOf":{"@id":"https:\/\/www.maccaferri.com\/fr\/#website"},"primaryImageOfPage":{"@id":"https:\/\/www.maccaferri.com\/fr\/exemples-de-r\u00e9ussites\/deviation-st-beat-arlos-31\/#primaryimage"},"image":{"@id":"https:\/\/www.maccaferri.com\/fr\/exemples-de-r\u00e9ussites\/deviation-st-beat-arlos-31\/#primaryimage"},"thumbnailUrl":"https:\/\/www.maccaferri.com\/fr\/wp-content\/uploads\/2025\/05\/4064_6.jpg","datePublished":"2025-10-29T06:54:57+00:00","dateModified":"2026-02-16T14:36:46+00:00","description":"D\u00e9couvrez nos r\u00e9ussites : D\u00e9viation St B\u00e9at, Arlos, 31. Du d\u00e9fi \u00e0 la solution, voyez comment nous avons aid\u00e9 nos clients \u00e0 atteindre leurs objectifs avec succ\u00e8s.","breadcrumb":{"@id":"https:\/\/www.maccaferri.com\/fr\/exemples-de-r\u00e9ussites\/deviation-st-beat-arlos-31\/#breadcrumb"},"inLanguage":"fr-FR","potentialAction":[{"@type":"ReadAction","target":["https:\/\/www.maccaferri.com\/fr\/exemples-de-r\u00e9ussites\/deviation-st-beat-arlos-31\/"]}]},{"@type":"ImageObject","inLanguage":"fr-FR","@id":"https:\/\/www.maccaferri.com\/fr\/exemples-de-r\u00e9ussites\/deviation-st-beat-arlos-31\/#primaryimage","url":"https:\/\/www.maccaferri.com\/fr\/wp-content\/uploads\/2025\/05\/4064_6.jpg","contentUrl":"https:\/\/www.maccaferri.com\/fr\/wp-content\/uploads\/2025\/05\/4064_6.jpg","width":981,"height":675,"caption":"Vue d'ensemble du chantier \u00a9Eiffage"},{"@type":"BreadcrumbList","@id":"https:\/\/www.maccaferri.com\/fr\/exemples-de-r\u00e9ussites\/deviation-st-beat-arlos-31\/#breadcrumb","itemListElement":[{"@type":"ListItem","position":1,"name":"Home","item":"https:\/\/www.maccaferri.com\/fr\/"},{"@type":"ListItem","position":2,"name":"Stories","item":"https:\/\/www.maccaferri.com\/fr\/stories\/"},{"@type":"ListItem","position":3,"name":"D\u00e9viation St B\u00e9at, Arlos, 31"}]},{"@type":"WebSite","@id":"https:\/\/www.maccaferri.com\/fr\/#website","url":"https:\/\/www.maccaferri.com\/fr\/","name":"Maccaferri France","description":"","publisher":{"@id":"https:\/\/www.maccaferri.com\/fr\/#organization"},"potentialAction":[{"@type":"SearchAction","target":{"@type":"EntryPoint","urlTemplate":"https:\/\/www.maccaferri.com\/fr\/?s={search_term_string}"},"query-input":{"@type":"PropertyValueSpecification","valueRequired":true,"valueName":"search_term_string"}}],"inLanguage":"fr-FR"},{"@type":"Organization","@id":"https:\/\/www.maccaferri.com\/fr\/#organization","name":"Maccaferri France","url":"https:\/\/www.maccaferri.com\/fr\/","logo":{"@type":"ImageObject","inLanguage":"fr-FR","@id":"https:\/\/www.maccaferri.com\/fr\/#\/schema\/logo\/image\/","url":"https:\/\/www.maccaferri.com\/fr\/wp-content\/uploads\/2022\/07\/logo-maccaferri.png","contentUrl":"https:\/\/www.maccaferri.com\/fr\/wp-content\/uploads\/2022\/07\/logo-maccaferri.png","width":152,"height":32,"caption":"Maccaferri France"},"image":{"@id":"https:\/\/www.maccaferri.com\/fr\/#\/schema\/logo\/image\/"}}]}},"_links":{"self":[{"href":"https:\/\/www.maccaferri.com\/fr\/wp-json\/wp\/v2\/stories\/110221","targetHints":{"allow":["GET"]}}],"collection":[{"href":"https:\/\/www.maccaferri.com\/fr\/wp-json\/wp\/v2\/stories"}],"about":[{"href":"https:\/\/www.maccaferri.com\/fr\/wp-json\/wp\/v2\/types\/stories"}],"acf:post":[{"embeddable":true,"href":"https:\/\/www.maccaferri.com\/fr\/wp-json\/wp\/v2\/sectors\/103460"},{"embeddable":true,"href":"https:\/\/www.maccaferri.com\/fr\/wp-json\/wp\/v2\/solution\/103664"},{"embeddable":true,"href":"https:\/\/www.maccaferri.com\/fr\/wp-json\/wp\/v2\/application\/103493"},{"embeddable":true,"href":"https:\/\/www.maccaferri.com\/fr\/wp-json\/wp\/v2\/prodotti\/113561"}],"wp:featuredmedia":[{"embeddable":true,"href":"https:\/\/www.maccaferri.com\/fr\/wp-json\/wp\/v2\/media\/97863"}],"wp:attachment":[{"href":"https:\/\/www.maccaferri.com\/fr\/wp-json\/wp\/v2\/media?parent=110221"}],"wp:term":[{"taxonomy":"stories-category","embeddable":true,"href":"https:\/\/www.maccaferri.com\/fr\/wp-json\/wp\/v2\/stories-category?post=110221"},{"taxonomy":"stories-tag","embeddable":true,"href":"https:\/\/www.maccaferri.com\/fr\/wp-json\/wp\/v2\/stories-tag?post=110221"}],"curies":[{"name":"wp","href":"https:\/\/api.w.org\/{rel}","templated":true}]}}