{"id":110203,"date":"2025-10-29T07:54:46","date_gmt":"2025-10-29T06:54:46","guid":{"rendered":"https:\/\/www.maccaferri.com\/fr\/success-stories\/amenagement-du-quartier-palika\/"},"modified":"2026-02-16T15:36:54","modified_gmt":"2026-02-16T14:36:54","slug":"amenagement-du-quartier-palika","status":"publish","type":"stories","link":"https:\/\/www.maccaferri.com\/fr\/exemples-de-r\u00e9ussites\/amenagement-du-quartier-palika\/","title":{"rendered":"AM\u00c9NAGEMENT DU QUARTIER PALIKA"},"content":{"rendered":"<div class=\"container-full text-bocolor-block-white\">\n        <div class=\"row\">\n        <div class=\"col-12\">\n            <div class=\"container box-container\">\n                <div class=\"row\">\n                    <div class=\"col-12\">\n                        <h3>Challenge<\/h3>\n                    <\/div>\n                <\/div>\n            <\/div>\n        <\/div>    \n    <\/div>\n        <div class=\"row\">\n        <div class=\"col-12\">\n            <div class=\"container box-container\">\n                <div class=\"row\">\n                    <div class=\"col-12 content\">\n                        <p>Les travaux avaient pour objet l\u2019am\u00e9nagement des espaces publics dans le p\u00e9rim\u00e8tre de la ZAC PALIKA ainsi que les travaux de s\u00e9curisation et de remodelage de l\u2019ancien front de carri\u00e8re du Mont Lucas \u00e0 Cayenne. Les travaux d\u2019am\u00e9nagements devaient permettre la viabilisation une zone d\u2019environ 15 ha et d\u2019attribuer 11 \u00eelots d\u2019une surface de 71 500 m\u00b2 pour la r\u00e9alisation de programmes immobiliers. Pour r\u00e9pondre aux enjeux environnementaux de la zone d\u2019am\u00e9nagement, l\u2019espace public a \u00e9galement \u00e9t\u00e9 agr\u00e9ment\u00e9 d\u2019un parc urbain paysag\u00e9 d\u2019une surface d\u2019environ 4 ha dans lequel a \u00e9t\u00e9 implant\u00e9 2 bassins de compensation d\u2019eaux pluviales d\u2019une capacit\u00e9 de stockage totale d\u2019environ 22 000 m3 et dont la surface de plan d\u2019eau repr\u00e9sente environ 9 000 m\u00b2.<\/p>\n                    <\/div>\n                <\/div>\n            <\/div>\n        <\/div>\n    <\/div>\n    <\/div>\n<div class=\"container-full text-bocolor-block-green\">\n        <div class=\"row\">\n        <div class=\"col-12\">\n            <div class=\"container box-container\">\n                <div class=\"row\">\n                    <div class=\"col-12\">\n                        <h3>Solution<\/h3>\n                    <\/div>\n                <\/div>\n            <\/div>\n        <\/div>    \n    <\/div>\n        <div class=\"row\">\n        <div class=\"col-12\">\n            <div class=\"container box-container\">\n                <div class=\"row\">\n                    <div class=\"col-12 content\">\n                        <p>Les murs de sout\u00e8nement des bassins de compensation ont \u00e9t\u00e9 r\u00e9alis\u00e9s en gabions double torsion pos\u00e9s sur des matelas  Reno pour prot\u00e9ger les murs de sout\u00e8nement contre l&#8217;affouillement. Maccaferri a propos\u00e9 des murs ayant une hauteur de 5.5m et un lin\u00e9aire total d\u2019environ 166m. Ces derniers sont verticaux avec des gradins ext\u00e9rieurs de 0.50m. La protection contre l&#8217;affouillement en matelas Reno a une longueur de 5m et une \u00e9paisseur de 0,23cm d&#8217;\u00e9paisseur. Les gabions et les matelas sont en grillage double torsion \u00e0 maille hexagonale avec un fil galvanis\u00e9 de type Galmac (Alliage Zn 95\/Al5%) de classe A ainsi qu\u2019un rev\u00eatement Polimac. Le rev\u00eatement PoliMac est un composant polym\u00e8re inerte qui d\u00e9montre une r\u00e9sistance \u00e9lev\u00e9e \u00e0 l\u2019abrasion. Il est capable de supporter des conditions d\u2019exposition les plus s\u00e9v\u00e8res, particuli\u00e8rement en milieu hydraulique. Les matelas Reno sont fabriqu\u00e9s par une seule et m\u00eame nappe de grillage constituant le fond, les c\u00f4t\u00e9s et les doubles diaphragmes. Cela apporte plusieurs avantages, que ce soit lors de la mise en \u0153uvre (beaucoup plus rapide \u00e0 installer qu&#8217;un matelas standard dont il va falloir agrafer les diaphragmes un par un), mais \u00e9galement en terme de r\u00e9sistance (structure r\u00e9sistant mieux aux sollicitations hydrauliques). L&#8217;ouvrage a \u00e9t\u00e9 mis en \u0153uvre par une \u00e9quipe de Maccaferri selon la norme de mise en \u0153uvre NFP 94325-2 et la certification Asqual sur la r\u00e9alisation des ouvrages en gabions (ROG).<\/p>\n                    <\/div>\n                <\/div>\n            <\/div>\n        <\/div>\n    <\/div>\n    <\/div><div class=\"wp-block-mac-container-block box-container\"><div class=\"container\"><h2>Used Products<\/h2><div class=\"row\"><div class=\"col-12 col-sm-12 col-md-12 col-lg-3 col-xl-3 col-xxl-3\"><div class=\"wp-block-mac-card-new-block block-latest-news-container\"><div class=\"card\"><div class=\"content-images\"><img decoding=\"async\" class=\"box-image\" src=\"https:\/\/www.maccaferri.com\/fr\/wp-content\/uploads\/2025\/10\/Gabion_product_header_product\" alt=\"Gabions\" title=\"Gabions\" \/><\/div><div class=\"card-body\"><h6>Gabions<\/h6><span class=\"abstract\">Un large portefeuille de solutions  Maccaferri propose une gamme \u00e9tendue de solutions sur mesure pour r\u00e9pondre \u00e0 chaque besoin sp\u00e9cifique. Le<\/span><a href=\"https:\/\/www.maccaferri.com\/fr\/produits\/gabions\/\" class=\"cta\" rel=\"noopener\" title=\"Gabions\">Voir\n                           <span class=\"text\" value=\"\" \/>\n                           <\/a><div data-post-id=\"113687\" class=\"star \" title=\"Add to wishlist\"><span class=\"material-symbols-rounded starrate\">star<\/span><\/div><\/div><\/div><\/div><\/div><div class=\"col-12 col-sm-12 col-md-12 col-lg-3 col-xl-3 col-xxl-3\"><div class=\"wp-block-mac-card-new-block block-latest-news-container\"><div class=\"card\"><div class=\"content-images\"><img decoding=\"async\" class=\"box-image\" src=\"https:\/\/www.maccaferri.com\/fr\/wp-content\/uploads\/2025\/02\/Reno-Mattresses.jpg\" alt=\"Matelas Reno Plus\" title=\"Matelas Reno Plus\" \/><\/div><div class=\"card-body\"><h6>Matelas Reno Plus<\/h6><span class=\"abstract\">RenoMac PlusS&#8217;appuyant sur le succ\u00e8s du Matelas Reno Plus, le RenoMac Plus offre les m\u00eames avantages en termes de durabilit\u00e9 et de performan<\/span><a href=\"https:\/\/www.maccaferri.com\/fr\/produits\/matelas-reno-plus\/\" class=\"cta\" rel=\"noopener\" title=\"Matelas Reno Plus\">Voir\n                           <span class=\"text\" value=\"\" \/>\n                           <\/a><div data-post-id=\"113624\" class=\"star \" title=\"Add to wishlist\"><span class=\"material-symbols-rounded starrate\">star<\/span><\/div><\/div><\/div><\/div><\/div><div class=\"col-12 col-sm-12 col-md-12 col-lg-3 col-xl-3 col-xxl-3\"><div class=\"wp-block-mac-card-new-block block-latest-news-container\"><div class=\"card\"><div class=\"content-images\"><img decoding=\"async\" class=\"box-image\" src=\"https:\/\/www.maccaferri.com\/fr\/wp-content\/uploads\/2022\/12\/Macmat-R_1.jpg\" alt=\"MacMat R\" title=\"MacMat R\" \/><\/div><div class=\"card-body\"><h6>MacMat R<\/h6><span class=\"abstract\">Les g\u00e9omatelas renforc\u00e9s sont des g\u00e9ocomposites dont la structure tridimensionnelle peut \u00eatre coupl\u00e9e soit avec un grillage m\u00e9tallique \u00e0 double torsio<\/span><a href=\"https:\/\/www.maccaferri.com\/fr\/produits\/macmat-r\/\" class=\"cta\" rel=\"noopener\" title=\"MacMat R\">Voir\n                           <span class=\"text\" value=\"\" \/>\n                           <\/a><div data-post-id=\"113681\" class=\"star \" title=\"Add to wishlist\"><span class=\"material-symbols-rounded starrate\">star<\/span><\/div><\/div><\/div><\/div><\/div><div class=\"col-12 col-sm-12 col-md-12 col-lg-3 col-xl-3 col-xxl-3\"><div class=\"wp-block-mac-card-new-block block-latest-news-container\"><div class=\"card\"><div class=\"content-images\"><img decoding=\"async\" class=\"box-image\" src=\"https:\/\/www.maccaferri.com\/fr\/wp-content\/uploads\/2024\/07\/BioMaterials_header.jpg\" alt=\"BioMat\u00e9riaux\" title=\"BioMat\u00e9riaux\" \/><\/div><div class=\"card-body\"><h6>BioMat\u00e9riaux<\/h6><span class=\"abstract\">Biomat\u00e9riaux fabriqu\u00e9s \u00e0 partir de fibres naturellesNos biomat\u00e9riaux sont compos\u00e9s de fibres naturelles telles que le jute, la paille, le coco, le<\/span><a href=\"https:\/\/www.maccaferri.com\/fr\/produits\/biomateriaux\/\" class=\"cta\" rel=\"noopener\" title=\"BioMat\u00e9riaux\">Voir\n                           <span class=\"text\" value=\"\" \/>\n                           <\/a><div data-post-id=\"113684\" class=\"star \" title=\"Add to wishlist\"><span class=\"material-symbols-rounded starrate\">star<\/span><\/div><\/div><\/div><\/div><\/div><\/div><\/div><\/div><!--usedproducts-->","protected":false},"excerpt":{"rendered":"<p>Les murs de sout\u00e8nement des bassins de compensation ont \u00e9t\u00e9 r\u00e9alis\u00e9s en gabions double torsion pos\u00e9s sur des matelas  Reno pour prot\u00e9ger les mu<\/p>\n","protected":false},"featured_media":9445,"parent":0,"menu_order":0,"template":"","stories-category":[],"stories-tag":[],"class_list":["post-110203","stories","type-stories","status-publish","has-post-thumbnail","hentry"],"acf":{"products":[113687,113624,113681,113684],"applications":[103496,103496],"solutions":[103577],"sectors":[103460]},"yoast_head":"<!-- This site is optimized with the Yoast SEO Premium plugin v27.0 (Yoast SEO v27.0) - https:\/\/yoast.com\/product\/yoast-seo-premium-wordpress\/ -->\n<title>AM\u00c9NAGEMENT DU QUARTIER PALIKA - Maccaferri France<\/title>\n<meta name=\"description\" content=\"D\u00e9couvrez nos r\u00e9ussites : AM\u00c9NAGEMENT DU QUARTIER PALIKA. Du d\u00e9fi \u00e0 la solution, voyez comment nous avons aid\u00e9 nos clients \u00e0 atteindre leurs objectifs avec succ\u00e8s.\" \/>\n<meta name=\"robots\" content=\"index, follow, max-snippet:-1, max-image-preview:large, max-video-preview:-1\" \/>\n<link rel=\"canonical\" href=\"https:\/\/www.maccaferri.com\/fr\/exemples-de-r\u00e9ussites\/amenagement-du-quartier-palika\/\" \/>\n<meta property=\"og:locale\" content=\"fr_FR\" \/>\n<meta property=\"og:type\" content=\"article\" \/>\n<meta property=\"og:title\" content=\"AM\u00c9NAGEMENT DU QUARTIER PALIKA\" \/>\n<meta property=\"og:description\" content=\"D\u00e9couvrez nos r\u00e9ussites : AM\u00c9NAGEMENT DU QUARTIER PALIKA. Du d\u00e9fi \u00e0 la solution, voyez comment nous avons aid\u00e9 nos clients \u00e0 atteindre leurs objectifs avec succ\u00e8s.\" \/>\n<meta property=\"og:url\" content=\"https:\/\/www.maccaferri.com\/fr\/exemples-de-r\u00e9ussites\/amenagement-du-quartier-palika\/\" \/>\n<meta property=\"og:site_name\" content=\"Maccaferri France\" \/>\n<meta property=\"article:modified_time\" content=\"2026-02-16T14:36:54+00:00\" \/>\n<meta property=\"og:image\" content=\"https:\/\/www.maccaferri.com\/fr\/wp-content\/uploads\/2023\/02\/Success-Story-Default.jpg\" \/>\n\t<meta property=\"og:image:width\" content=\"1920\" \/>\n\t<meta property=\"og:image:height\" content=\"1024\" \/>\n\t<meta property=\"og:image:type\" content=\"image\/jpeg\" \/>\n<meta name=\"twitter:card\" content=\"summary_large_image\" \/>\n<script type=\"application\/ld+json\" class=\"yoast-schema-graph\">{\"@context\":\"https:\/\/schema.org\",\"@graph\":[{\"@type\":\"WebPage\",\"@id\":\"https:\/\/www.maccaferri.com\/fr\/exemples-de-r\u00e9ussites\/amenagement-du-quartier-palika\/\",\"url\":\"https:\/\/www.maccaferri.com\/fr\/exemples-de-r\u00e9ussites\/amenagement-du-quartier-palika\/\",\"name\":\"AM\u00c9NAGEMENT DU QUARTIER PALIKA - Maccaferri France\",\"isPartOf\":{\"@id\":\"https:\/\/www.maccaferri.com\/fr\/#website\"},\"primaryImageOfPage\":{\"@id\":\"https:\/\/www.maccaferri.com\/fr\/exemples-de-r\u00e9ussites\/amenagement-du-quartier-palika\/#primaryimage\"},\"image\":{\"@id\":\"https:\/\/www.maccaferri.com\/fr\/exemples-de-r\u00e9ussites\/amenagement-du-quartier-palika\/#primaryimage\"},\"thumbnailUrl\":\"https:\/\/www.maccaferri.com\/fr\/wp-content\/uploads\/2023\/02\/Success-Story-Default.jpg\",\"datePublished\":\"2025-10-29T06:54:46+00:00\",\"dateModified\":\"2026-02-16T14:36:54+00:00\",\"description\":\"D\u00e9couvrez nos r\u00e9ussites : AM\u00c9NAGEMENT DU QUARTIER PALIKA. Du d\u00e9fi \u00e0 la solution, voyez comment nous avons aid\u00e9 nos clients \u00e0 atteindre leurs objectifs avec succ\u00e8s.\",\"breadcrumb\":{\"@id\":\"https:\/\/www.maccaferri.com\/fr\/exemples-de-r\u00e9ussites\/amenagement-du-quartier-palika\/#breadcrumb\"},\"inLanguage\":\"fr-FR\",\"potentialAction\":[{\"@type\":\"ReadAction\",\"target\":[\"https:\/\/www.maccaferri.com\/fr\/exemples-de-r\u00e9ussites\/amenagement-du-quartier-palika\/\"]}]},{\"@type\":\"ImageObject\",\"inLanguage\":\"fr-FR\",\"@id\":\"https:\/\/www.maccaferri.com\/fr\/exemples-de-r\u00e9ussites\/amenagement-du-quartier-palika\/#primaryimage\",\"url\":\"https:\/\/www.maccaferri.com\/fr\/wp-content\/uploads\/2023\/02\/Success-Story-Default.jpg\",\"contentUrl\":\"https:\/\/www.maccaferri.com\/fr\/wp-content\/uploads\/2023\/02\/Success-Story-Default.jpg\",\"width\":1920,\"height\":1024},{\"@type\":\"BreadcrumbList\",\"@id\":\"https:\/\/www.maccaferri.com\/fr\/exemples-de-r\u00e9ussites\/amenagement-du-quartier-palika\/#breadcrumb\",\"itemListElement\":[{\"@type\":\"ListItem\",\"position\":1,\"name\":\"Home\",\"item\":\"https:\/\/www.maccaferri.com\/fr\/\"},{\"@type\":\"ListItem\",\"position\":2,\"name\":\"Stories\",\"item\":\"https:\/\/www.maccaferri.com\/fr\/stories\/\"},{\"@type\":\"ListItem\",\"position\":3,\"name\":\"AM\u00c9NAGEMENT DU QUARTIER PALIKA\"}]},{\"@type\":\"WebSite\",\"@id\":\"https:\/\/www.maccaferri.com\/fr\/#website\",\"url\":\"https:\/\/www.maccaferri.com\/fr\/\",\"name\":\"Maccaferri France\",\"description\":\"\",\"publisher\":{\"@id\":\"https:\/\/www.maccaferri.com\/fr\/#organization\"},\"potentialAction\":[{\"@type\":\"SearchAction\",\"target\":{\"@type\":\"EntryPoint\",\"urlTemplate\":\"https:\/\/www.maccaferri.com\/fr\/?s={search_term_string}\"},\"query-input\":{\"@type\":\"PropertyValueSpecification\",\"valueRequired\":true,\"valueName\":\"search_term_string\"}}],\"inLanguage\":\"fr-FR\"},{\"@type\":\"Organization\",\"@id\":\"https:\/\/www.maccaferri.com\/fr\/#organization\",\"name\":\"Maccaferri France\",\"url\":\"https:\/\/www.maccaferri.com\/fr\/\",\"logo\":{\"@type\":\"ImageObject\",\"inLanguage\":\"fr-FR\",\"@id\":\"https:\/\/www.maccaferri.com\/fr\/#\/schema\/logo\/image\/\",\"url\":\"https:\/\/www.maccaferri.com\/fr\/wp-content\/uploads\/2022\/07\/logo-maccaferri.png\",\"contentUrl\":\"https:\/\/www.maccaferri.com\/fr\/wp-content\/uploads\/2022\/07\/logo-maccaferri.png\",\"width\":152,\"height\":32,\"caption\":\"Maccaferri France\"},\"image\":{\"@id\":\"https:\/\/www.maccaferri.com\/fr\/#\/schema\/logo\/image\/\"}}]}<\/script>\n<!-- \/ Yoast SEO Premium plugin. -->","yoast_head_json":{"title":"AM\u00c9NAGEMENT DU QUARTIER PALIKA - Maccaferri France","description":"D\u00e9couvrez nos r\u00e9ussites : AM\u00c9NAGEMENT DU QUARTIER PALIKA. Du d\u00e9fi \u00e0 la solution, voyez comment nous avons aid\u00e9 nos clients \u00e0 atteindre leurs objectifs avec succ\u00e8s.","robots":{"index":"index","follow":"follow","max-snippet":"max-snippet:-1","max-image-preview":"max-image-preview:large","max-video-preview":"max-video-preview:-1"},"canonical":"https:\/\/www.maccaferri.com\/fr\/exemples-de-r\u00e9ussites\/amenagement-du-quartier-palika\/","og_locale":"fr_FR","og_type":"article","og_title":"AM\u00c9NAGEMENT DU QUARTIER PALIKA","og_description":"D\u00e9couvrez nos r\u00e9ussites : AM\u00c9NAGEMENT DU QUARTIER PALIKA. Du d\u00e9fi \u00e0 la solution, voyez comment nous avons aid\u00e9 nos clients \u00e0 atteindre leurs objectifs avec succ\u00e8s.","og_url":"https:\/\/www.maccaferri.com\/fr\/exemples-de-r\u00e9ussites\/amenagement-du-quartier-palika\/","og_site_name":"Maccaferri France","article_modified_time":"2026-02-16T14:36:54+00:00","og_image":[{"width":1920,"height":1024,"url":"https:\/\/www.maccaferri.com\/fr\/wp-content\/uploads\/2023\/02\/Success-Story-Default.jpg","type":"image\/jpeg"}],"twitter_card":"summary_large_image","schema":{"@context":"https:\/\/schema.org","@graph":[{"@type":"WebPage","@id":"https:\/\/www.maccaferri.com\/fr\/exemples-de-r\u00e9ussites\/amenagement-du-quartier-palika\/","url":"https:\/\/www.maccaferri.com\/fr\/exemples-de-r\u00e9ussites\/amenagement-du-quartier-palika\/","name":"AM\u00c9NAGEMENT DU QUARTIER PALIKA - Maccaferri France","isPartOf":{"@id":"https:\/\/www.maccaferri.com\/fr\/#website"},"primaryImageOfPage":{"@id":"https:\/\/www.maccaferri.com\/fr\/exemples-de-r\u00e9ussites\/amenagement-du-quartier-palika\/#primaryimage"},"image":{"@id":"https:\/\/www.maccaferri.com\/fr\/exemples-de-r\u00e9ussites\/amenagement-du-quartier-palika\/#primaryimage"},"thumbnailUrl":"https:\/\/www.maccaferri.com\/fr\/wp-content\/uploads\/2023\/02\/Success-Story-Default.jpg","datePublished":"2025-10-29T06:54:46+00:00","dateModified":"2026-02-16T14:36:54+00:00","description":"D\u00e9couvrez nos r\u00e9ussites : AM\u00c9NAGEMENT DU QUARTIER PALIKA. Du d\u00e9fi \u00e0 la solution, voyez comment nous avons aid\u00e9 nos clients \u00e0 atteindre leurs objectifs avec succ\u00e8s.","breadcrumb":{"@id":"https:\/\/www.maccaferri.com\/fr\/exemples-de-r\u00e9ussites\/amenagement-du-quartier-palika\/#breadcrumb"},"inLanguage":"fr-FR","potentialAction":[{"@type":"ReadAction","target":["https:\/\/www.maccaferri.com\/fr\/exemples-de-r\u00e9ussites\/amenagement-du-quartier-palika\/"]}]},{"@type":"ImageObject","inLanguage":"fr-FR","@id":"https:\/\/www.maccaferri.com\/fr\/exemples-de-r\u00e9ussites\/amenagement-du-quartier-palika\/#primaryimage","url":"https:\/\/www.maccaferri.com\/fr\/wp-content\/uploads\/2023\/02\/Success-Story-Default.jpg","contentUrl":"https:\/\/www.maccaferri.com\/fr\/wp-content\/uploads\/2023\/02\/Success-Story-Default.jpg","width":1920,"height":1024},{"@type":"BreadcrumbList","@id":"https:\/\/www.maccaferri.com\/fr\/exemples-de-r\u00e9ussites\/amenagement-du-quartier-palika\/#breadcrumb","itemListElement":[{"@type":"ListItem","position":1,"name":"Home","item":"https:\/\/www.maccaferri.com\/fr\/"},{"@type":"ListItem","position":2,"name":"Stories","item":"https:\/\/www.maccaferri.com\/fr\/stories\/"},{"@type":"ListItem","position":3,"name":"AM\u00c9NAGEMENT DU QUARTIER PALIKA"}]},{"@type":"WebSite","@id":"https:\/\/www.maccaferri.com\/fr\/#website","url":"https:\/\/www.maccaferri.com\/fr\/","name":"Maccaferri France","description":"","publisher":{"@id":"https:\/\/www.maccaferri.com\/fr\/#organization"},"potentialAction":[{"@type":"SearchAction","target":{"@type":"EntryPoint","urlTemplate":"https:\/\/www.maccaferri.com\/fr\/?s={search_term_string}"},"query-input":{"@type":"PropertyValueSpecification","valueRequired":true,"valueName":"search_term_string"}}],"inLanguage":"fr-FR"},{"@type":"Organization","@id":"https:\/\/www.maccaferri.com\/fr\/#organization","name":"Maccaferri France","url":"https:\/\/www.maccaferri.com\/fr\/","logo":{"@type":"ImageObject","inLanguage":"fr-FR","@id":"https:\/\/www.maccaferri.com\/fr\/#\/schema\/logo\/image\/","url":"https:\/\/www.maccaferri.com\/fr\/wp-content\/uploads\/2022\/07\/logo-maccaferri.png","contentUrl":"https:\/\/www.maccaferri.com\/fr\/wp-content\/uploads\/2022\/07\/logo-maccaferri.png","width":152,"height":32,"caption":"Maccaferri France"},"image":{"@id":"https:\/\/www.maccaferri.com\/fr\/#\/schema\/logo\/image\/"}}]}},"_links":{"self":[{"href":"https:\/\/www.maccaferri.com\/fr\/wp-json\/wp\/v2\/stories\/110203","targetHints":{"allow":["GET"]}}],"collection":[{"href":"https:\/\/www.maccaferri.com\/fr\/wp-json\/wp\/v2\/stories"}],"about":[{"href":"https:\/\/www.maccaferri.com\/fr\/wp-json\/wp\/v2\/types\/stories"}],"acf:post":[{"embeddable":true,"href":"https:\/\/www.maccaferri.com\/fr\/wp-json\/wp\/v2\/sectors\/103460"},{"embeddable":true,"href":"https:\/\/www.maccaferri.com\/fr\/wp-json\/wp\/v2\/solution\/103577"},{"embeddable":true,"href":"https:\/\/www.maccaferri.com\/fr\/wp-json\/wp\/v2\/application\/103496"},{"embeddable":true,"href":"https:\/\/www.maccaferri.com\/fr\/wp-json\/wp\/v2\/prodotti\/113684"},{"embeddable":true,"href":"https:\/\/www.maccaferri.com\/fr\/wp-json\/wp\/v2\/prodotti\/113681"},{"embeddable":true,"href":"https:\/\/www.maccaferri.com\/fr\/wp-json\/wp\/v2\/prodotti\/113624"},{"embeddable":true,"href":"https:\/\/www.maccaferri.com\/fr\/wp-json\/wp\/v2\/prodotti\/113687"}],"wp:featuredmedia":[{"embeddable":true,"href":"https:\/\/www.maccaferri.com\/fr\/wp-json\/wp\/v2\/media\/9445"}],"wp:attachment":[{"href":"https:\/\/www.maccaferri.com\/fr\/wp-json\/wp\/v2\/media?parent=110203"}],"wp:term":[{"taxonomy":"stories-category","embeddable":true,"href":"https:\/\/www.maccaferri.com\/fr\/wp-json\/wp\/v2\/stories-category?post=110203"},{"taxonomy":"stories-tag","embeddable":true,"href":"https:\/\/www.maccaferri.com\/fr\/wp-json\/wp\/v2\/stories-tag?post=110203"}],"curies":[{"name":"wp","href":"https:\/\/api.w.org\/{rel}","templated":true}]}}