{"id":110077,"date":"2025-10-29T07:53:40","date_gmt":"2025-10-29T06:53:40","guid":{"rendered":"https:\/\/www.maccaferri.com\/fr\/success-stories\/deviation-rn116-vallee-de-la-tet\/"},"modified":"2026-02-16T15:38:34","modified_gmt":"2026-02-16T14:38:34","slug":"deviation-rn116-vallee-de-la-tet","status":"publish","type":"stories","link":"https:\/\/www.maccaferri.com\/fr\/exemples-de-r\u00e9ussites\/deviation-rn116-vallee-de-la-tet\/","title":{"rendered":"D\u00c9VIATION RN116 VALL\u00c9E DE LA T\u00caT"},"content":{"rendered":"<div class=\"container-fluid carousel-image-gallery\">\n        <div class=\"row\">\n            <div id=\"carouselImageblock_63ae097fdffd7\" class=\"carousel slide carouselImageGallery\" data-bs-ride=\"carousel\">\n                <!-- \/\/ Indicators -->\n                <ol class=\"carousel-indicators\">\n                                            <li data-bs-target=\"#carouselImageblock_63ae097fdffd7\" data-bs-slide-to=\"0\" class=\"active\" aria-current=\"true\" aria-label=\"Slide\"><\/li>\n                                            <li data-bs-target=\"#carouselImageblock_63ae097fdffd7\" data-bs-slide-to=\"1\" class=\"\" aria-current=\"true\" aria-label=\"Slide\"><\/li>\n                                            <li data-bs-target=\"#carouselImageblock_63ae097fdffd7\" data-bs-slide-to=\"2\" class=\"\" aria-current=\"true\" aria-label=\"Slide\"><\/li>\n                                            <li data-bs-target=\"#carouselImageblock_63ae097fdffd7\" data-bs-slide-to=\"3\" class=\"\" aria-current=\"true\" aria-label=\"Slide\"><\/li>\n                                            <li data-bs-target=\"#carouselImageblock_63ae097fdffd7\" data-bs-slide-to=\"4\" class=\"\" aria-current=\"true\" aria-label=\"Slide\"><\/li>\n                                    <\/ol>\n\n                <div class=\"carousel-inner container\" role=\"listbox\">\n                                            <div class=\"carousel-item active\">\n                        <div class=\"col-12 col-lg-4 col-xl-4 col-xxl-4 space-mobile\">\n                            <div class=\"grid-item-wrapper\">\n                                <div class=\"img-responsive-wrapper\">\n                                    <div class=\"img-responsive\">\n                                        <div class=\"img-wrapper\"><img decoding=\"async\" src=\"https:\/\/www.maccaferri.com\/fr\/wp-content\/uploads\/2024\/03\/3111_1\" alt=\"\" \/><\/div>\n                                    <\/div>\n                                <\/div>\n                                <div class=\"griditem-text-wrapper text-center\">\n                                    <p class=\"griditem-text text-center\">Syst\u00e8me gabions clou\u00e9s<\/p>\n                   \n                                <\/div>\n                            <\/div>\n                        <\/div>\n                        <\/div>\n                                            <div class=\"carousel-item \">\n                        <div class=\"col-12 col-lg-4 col-xl-4 col-xxl-4 space-mobile\">\n                            <div class=\"grid-item-wrapper\">\n                                <div class=\"img-responsive-wrapper\">\n                                    <div class=\"img-responsive\">\n                                        <div class=\"img-wrapper\"><img decoding=\"async\" src=\"https:\/\/www.maccaferri.com\/fr\/wp-content\/uploads\/2024\/03\/Pendant-la-mise-en-oeuvre-des-gabions-cloues\" alt=\"\" \/><\/div>\n                                    <\/div>\n                                <\/div>\n                                <div class=\"griditem-text-wrapper text-center\">\n                                    <p class=\"griditem-text text-center\">Pendant la mise en oeuvre des gabions clou\u00e9s<\/p>\n                   \n                                <\/div>\n                            <\/div>\n                        <\/div>\n                        <\/div>\n                                            <div class=\"carousel-item \">\n                        <div class=\"col-12 col-lg-4 col-xl-4 col-xxl-4 space-mobile\">\n                            <div class=\"grid-item-wrapper\">\n                                <div class=\"img-responsive-wrapper\">\n                                    <div class=\"img-responsive\">\n                                        <div class=\"img-wrapper\"><img decoding=\"async\" src=\"https:\/\/www.maccaferri.com\/fr\/wp-content\/uploads\/2024\/03\/Pendant-les-travaux\" alt=\"\" \/><\/div>\n                                    <\/div>\n                                <\/div>\n                                <div class=\"griditem-text-wrapper text-center\">\n                                    <p class=\"griditem-text text-center\">Vue d&#039;ensemble du chantier avec Matelas Reno\u00ae Plus remplis<\/p>\n                   \n                                <\/div>\n                            <\/div>\n                        <\/div>\n                        <\/div>\n                                            <div class=\"carousel-item \">\n                        <div class=\"col-12 col-lg-4 col-xl-4 col-xxl-4 space-mobile\">\n                            <div class=\"grid-item-wrapper\">\n                                <div class=\"img-responsive-wrapper\">\n                                    <div class=\"img-responsive\">\n                                        <div class=\"img-wrapper\"><img decoding=\"async\" src=\"https:\/\/www.maccaferri.com\/fr\/wp-content\/uploads\/2024\/03\/3111_4\" alt=\"\" \/><\/div>\n                                    <\/div>\n                                <\/div>\n                                <div class=\"griditem-text-wrapper text-center\">\n                                    <p class=\"griditem-text text-center\">5 ans apr\u00e8s, sous la neige<\/p>\n                   \n                                <\/div>\n                            <\/div>\n                        <\/div>\n                        <\/div>\n                                            <div class=\"carousel-item \">\n                        <div class=\"col-12 col-lg-4 col-xl-4 col-xxl-4 space-mobile\">\n                            <div class=\"grid-item-wrapper\">\n                                <div class=\"img-responsive-wrapper\">\n                                    <div class=\"img-responsive\">\n                                        <div class=\"img-wrapper\"><img decoding=\"async\" src=\"https:\/\/www.maccaferri.com\/fr\/wp-content\/uploads\/2024\/03\/A-la-fin-des-travaux\" alt=\"\" \/><\/div>\n                                    <\/div>\n                                <\/div>\n                                <div class=\"griditem-text-wrapper text-center\">\n                                    <p class=\"griditem-text text-center\">Pose de la terre v\u00e9g\u00e9tale sur le couvercle des Matelas Reno\u00ae Plus  en MacMat<\/p>\n                   \n                                <\/div>\n                            <\/div>\n                        <\/div>\n                        <\/div>\n                                    <\/div>\n            <\/div>\n\n        <\/div>\n    <\/div><div class=\"container-full text-bocolor-block-white\">\n        <div class=\"row\">\n        <div class=\"col-12\">\n            <div class=\"container box-container\">\n                <div class=\"row\">\n                    <div class=\"col-12\">\n                        <h3>Challenge<\/h3>\n                    <\/div>\n                <\/div>\n            <\/div>\n        <\/div>    \n    <\/div>\n        <div class=\"row\">\n        <div class=\"col-12\">\n            <div class=\"container box-container\">\n                <div class=\"row\">\n                    <div class=\"col-12 content\">\n                        <p>Dans le cadre de la d\u00e9viation de la RN116 sur la commune de Joncet (66), des ouvrages de confortement de type paroi clou\u00e9e \u00e9taient n\u00e9cessaires afin de stabiliser les d\u00e9blais du trac\u00e9 sur des hauteurs allant jusqu\u2019\u00e0 10m. Pour conserver l\u2019int\u00e9gration paysag\u00e8re existante de la RN116, un parement gabion a \u00e9t\u00e9 choisi.<\/p>\n                    <\/div>\n                <\/div>\n            <\/div>\n        <\/div>\n    <\/div>\n    <\/div>\n<div class=\"container-full text-bocolor-block-green\">\n        <div class=\"row\">\n        <div class=\"col-12\">\n            <div class=\"container box-container\">\n                <div class=\"row\">\n                    <div class=\"col-12\">\n                        <h3>Solution<\/h3>\n                    <\/div>\n                <\/div>\n            <\/div>\n        <\/div>    \n    <\/div>\n        <div class=\"row\">\n        <div class=\"col-12\">\n            <div class=\"container box-container\">\n                <div class=\"row\">\n                    <div class=\"col-12 content\">\n                        <p>La solution retenue a \u00e9t\u00e9 celle propos\u00e9e par France Maccaferri : une solution in\u00e9dite en France a \u00e9t\u00e9 d\u00e9velopp\u00e9e sp\u00e9cialement pour le projet, les gabions clou\u00e9s. Il s\u2019agit de gabions boites en grillage double torsion qui sont renforc\u00e9s en fond de cage au niveau des clous par un syst\u00e8me de profil\u00e9s m\u00e9talliques contre lequel s\u2019appuie la t\u00eate de clou. Ce syst\u00e8me innovant emp\u00eache le poin\u00e7onnement du grillage au niveau de l\u2019ancrage et garantit l\u2019int\u00e9grit\u00e9 de la boite. Les gabions font 80cm d\u2019\u00e9paisseur et ont un diam\u00e8tre de fil de 3.4mm (au lieu de 2.7mm habituellement) pour \u00e9viter les d\u00e9formations du parement.<\/p>\n<p>Ce syst\u00e8me a l\u2019avantage d\u2019\u00eatre plus \u00e9conomique qu\u2019une solution d\u2019habillage classique pour les raisons suivantes :<\/p>\n<p>\u00b7&nbsp;pas besoin de projeter du b\u00e9ton sur la paroi<\/p>\n<p>\u00b7&nbsp;l\u2019ancrage des gabions \u00e0 la paroi s\u2019effectue sans fixations additionnelles aux clous, alors que dans le cas d\u2019un habillage traditionnel, 4 ancrages au m2 auraient \u00e9t\u00e9 n\u00e9cessaires. <\/p>\n<p>La solution a \u00e9t\u00e9 mise en oeuvre par les \u00e9quipes de Maccaferri selon la norme NF P 94-325-1. Le r\u00e9sultat final, tant esth\u00e9tique que technique, r\u00e9pond a toutes les exigences du ma\u00eetre d\u2019oeuvre et maitre d\u2019ouvrage. C\u2019est pourquoi d\u2019autres sections de la RN116 vont \u00eatre am\u00e9nag\u00e9es avec cette solution courant 2017.<\/p>\n                    <\/div>\n                <\/div>\n            <\/div>\n        <\/div>\n    <\/div>\n    <\/div><div class=\"wp-block-mac-container-block box-container\"><div class=\"container\"><h2>Used Products<\/h2><div class=\"row\"><div class=\"col-12 col-sm-12 col-md-12 col-lg-3 col-xl-3 col-xxl-3\"><div class=\"wp-block-mac-card-new-block block-latest-news-container\"><div class=\"card\"><div class=\"content-images\"><img decoding=\"async\" class=\"box-image\" src=\"https:\/\/www.maccaferri.com\/fr\/wp-content\/uploads\/2025\/10\/Gabion_product_header_product\" alt=\"Gabions\" title=\"Gabions\" \/><\/div><div class=\"card-body\"><h6>Gabions<\/h6><span class=\"abstract\">Un large portefeuille de solutions  Maccaferri propose une gamme \u00e9tendue de solutions sur mesure pour r\u00e9pondre \u00e0 chaque besoin sp\u00e9cifique. Le<\/span><a href=\"https:\/\/www.maccaferri.com\/fr\/produits\/gabions\/\" class=\"cta\" rel=\"noopener\" title=\"Gabions\">Voir\n                           <span class=\"text\" value=\"\" \/>\n                           <\/a><div data-post-id=\"113687\" class=\"star \" title=\"Add to wishlist\"><span class=\"material-symbols-rounded starrate\">star<\/span><\/div><\/div><\/div><\/div><\/div><\/div><\/div><\/div><!--usedproducts-->","protected":false},"excerpt":{"rendered":"<p>La solution retenue a \u00e9t\u00e9 celle propos\u00e9e par France Maccaferri : une solution in\u00e9dite en France a \u00e9t\u00e9 d\u00e9velopp\u00e9e sp\u00e9cialement pour le projet,<\/p>\n","protected":false},"featured_media":69502,"parent":0,"menu_order":0,"template":"","stories-category":[],"stories-tag":[],"class_list":["post-110077","stories","type-stories","status-publish","has-post-thumbnail","hentry"],"acf":{"products":[113687],"applications":[103493,103493],"solutions":[103601],"sectors":[103460]},"yoast_head":"<!-- This site is optimized with the Yoast SEO Premium plugin v27.0 (Yoast SEO v27.0) - https:\/\/yoast.com\/product\/yoast-seo-premium-wordpress\/ -->\n<title>D\u00c9VIATION RN116 VALL\u00c9E DE LA T\u00caT - Maccaferri France<\/title>\n<meta name=\"description\" content=\"D\u00e9couvrez nos r\u00e9ussites : D\u00c9VIATION RN116 VALL\u00c9E DE LA T\u00caT. Du d\u00e9fi \u00e0 la solution, voyez comment nous avons aid\u00e9 nos clients \u00e0 atteindre leurs objectifs avec succ\u00e8s.\" \/>\n<meta name=\"robots\" content=\"index, follow, max-snippet:-1, max-image-preview:large, max-video-preview:-1\" \/>\n<link rel=\"canonical\" href=\"https:\/\/www.maccaferri.com\/fr\/exemples-de-r\u00e9ussites\/deviation-rn116-vallee-de-la-tet\/\" \/>\n<meta property=\"og:locale\" content=\"fr_FR\" \/>\n<meta property=\"og:type\" content=\"article\" \/>\n<meta property=\"og:title\" content=\"D\u00c9VIATION RN116 VALL\u00c9E DE LA T\u00caT\" \/>\n<meta property=\"og:description\" content=\"D\u00e9couvrez nos r\u00e9ussites : D\u00c9VIATION RN116 VALL\u00c9E DE LA T\u00caT. Du d\u00e9fi \u00e0 la solution, voyez comment nous avons aid\u00e9 nos clients \u00e0 atteindre leurs objectifs avec succ\u00e8s.\" \/>\n<meta property=\"og:url\" content=\"https:\/\/www.maccaferri.com\/fr\/exemples-de-r\u00e9ussites\/deviation-rn116-vallee-de-la-tet\/\" \/>\n<meta property=\"og:site_name\" content=\"Maccaferri France\" \/>\n<meta property=\"article:modified_time\" content=\"2026-02-16T14:38:34+00:00\" \/>\n<meta property=\"og:image\" content=\"https:\/\/www.maccaferri.com\/fr\/wp-content\/uploads\/2024\/03\/3111_4\" \/>\n\t<meta property=\"og:image:width\" content=\"1024\" \/>\n\t<meta property=\"og:image:height\" content=\"705\" \/>\n\t<meta property=\"og:image:type\" content=\"image\/jpeg\" \/>\n<meta name=\"twitter:card\" content=\"summary_large_image\" \/>\n<script type=\"application\/ld+json\" class=\"yoast-schema-graph\">{\"@context\":\"https:\/\/schema.org\",\"@graph\":[{\"@type\":\"WebPage\",\"@id\":\"https:\/\/www.maccaferri.com\/fr\/exemples-de-r\u00e9ussites\/deviation-rn116-vallee-de-la-tet\/\",\"url\":\"https:\/\/www.maccaferri.com\/fr\/exemples-de-r\u00e9ussites\/deviation-rn116-vallee-de-la-tet\/\",\"name\":\"D\u00c9VIATION RN116 VALL\u00c9E DE LA T\u00caT - Maccaferri France\",\"isPartOf\":{\"@id\":\"https:\/\/www.maccaferri.com\/fr\/#website\"},\"primaryImageOfPage\":{\"@id\":\"https:\/\/www.maccaferri.com\/fr\/exemples-de-r\u00e9ussites\/deviation-rn116-vallee-de-la-tet\/#primaryimage\"},\"image\":{\"@id\":\"https:\/\/www.maccaferri.com\/fr\/exemples-de-r\u00e9ussites\/deviation-rn116-vallee-de-la-tet\/#primaryimage\"},\"thumbnailUrl\":\"https:\/\/www.maccaferri.com\/fr\/wp-content\/uploads\/2024\/03\/3111_4\",\"datePublished\":\"2025-10-29T06:53:40+00:00\",\"dateModified\":\"2026-02-16T14:38:34+00:00\",\"description\":\"D\u00e9couvrez nos r\u00e9ussites : D\u00c9VIATION RN116 VALL\u00c9E DE LA T\u00caT. Du d\u00e9fi \u00e0 la solution, voyez comment nous avons aid\u00e9 nos clients \u00e0 atteindre leurs objectifs avec succ\u00e8s.\",\"breadcrumb\":{\"@id\":\"https:\/\/www.maccaferri.com\/fr\/exemples-de-r\u00e9ussites\/deviation-rn116-vallee-de-la-tet\/#breadcrumb\"},\"inLanguage\":\"fr-FR\",\"potentialAction\":[{\"@type\":\"ReadAction\",\"target\":[\"https:\/\/www.maccaferri.com\/fr\/exemples-de-r\u00e9ussites\/deviation-rn116-vallee-de-la-tet\/\"]}]},{\"@type\":\"ImageObject\",\"inLanguage\":\"fr-FR\",\"@id\":\"https:\/\/www.maccaferri.com\/fr\/exemples-de-r\u00e9ussites\/deviation-rn116-vallee-de-la-tet\/#primaryimage\",\"url\":\"https:\/\/www.maccaferri.com\/fr\/wp-content\/uploads\/2024\/03\/3111_4\",\"contentUrl\":\"https:\/\/www.maccaferri.com\/fr\/wp-content\/uploads\/2024\/03\/3111_4\",\"width\":1024,\"height\":705,\"caption\":\"5 ans apr\u00e8s, sous la neige\"},{\"@type\":\"BreadcrumbList\",\"@id\":\"https:\/\/www.maccaferri.com\/fr\/exemples-de-r\u00e9ussites\/deviation-rn116-vallee-de-la-tet\/#breadcrumb\",\"itemListElement\":[{\"@type\":\"ListItem\",\"position\":1,\"name\":\"Home\",\"item\":\"https:\/\/www.maccaferri.com\/fr\/\"},{\"@type\":\"ListItem\",\"position\":2,\"name\":\"Stories\",\"item\":\"https:\/\/www.maccaferri.com\/fr\/stories\/\"},{\"@type\":\"ListItem\",\"position\":3,\"name\":\"D\u00c9VIATION RN116 VALL\u00c9E DE LA T\u00caT\"}]},{\"@type\":\"WebSite\",\"@id\":\"https:\/\/www.maccaferri.com\/fr\/#website\",\"url\":\"https:\/\/www.maccaferri.com\/fr\/\",\"name\":\"Maccaferri France\",\"description\":\"\",\"publisher\":{\"@id\":\"https:\/\/www.maccaferri.com\/fr\/#organization\"},\"potentialAction\":[{\"@type\":\"SearchAction\",\"target\":{\"@type\":\"EntryPoint\",\"urlTemplate\":\"https:\/\/www.maccaferri.com\/fr\/?s={search_term_string}\"},\"query-input\":{\"@type\":\"PropertyValueSpecification\",\"valueRequired\":true,\"valueName\":\"search_term_string\"}}],\"inLanguage\":\"fr-FR\"},{\"@type\":\"Organization\",\"@id\":\"https:\/\/www.maccaferri.com\/fr\/#organization\",\"name\":\"Maccaferri France\",\"url\":\"https:\/\/www.maccaferri.com\/fr\/\",\"logo\":{\"@type\":\"ImageObject\",\"inLanguage\":\"fr-FR\",\"@id\":\"https:\/\/www.maccaferri.com\/fr\/#\/schema\/logo\/image\/\",\"url\":\"https:\/\/www.maccaferri.com\/fr\/wp-content\/uploads\/2022\/07\/logo-maccaferri.png\",\"contentUrl\":\"https:\/\/www.maccaferri.com\/fr\/wp-content\/uploads\/2022\/07\/logo-maccaferri.png\",\"width\":152,\"height\":32,\"caption\":\"Maccaferri France\"},\"image\":{\"@id\":\"https:\/\/www.maccaferri.com\/fr\/#\/schema\/logo\/image\/\"}}]}<\/script>\n<!-- \/ Yoast SEO Premium plugin. -->","yoast_head_json":{"title":"D\u00c9VIATION RN116 VALL\u00c9E DE LA T\u00caT - Maccaferri France","description":"D\u00e9couvrez nos r\u00e9ussites : D\u00c9VIATION RN116 VALL\u00c9E DE LA T\u00caT. Du d\u00e9fi \u00e0 la solution, voyez comment nous avons aid\u00e9 nos clients \u00e0 atteindre leurs objectifs avec succ\u00e8s.","robots":{"index":"index","follow":"follow","max-snippet":"max-snippet:-1","max-image-preview":"max-image-preview:large","max-video-preview":"max-video-preview:-1"},"canonical":"https:\/\/www.maccaferri.com\/fr\/exemples-de-r\u00e9ussites\/deviation-rn116-vallee-de-la-tet\/","og_locale":"fr_FR","og_type":"article","og_title":"D\u00c9VIATION RN116 VALL\u00c9E DE LA T\u00caT","og_description":"D\u00e9couvrez nos r\u00e9ussites : D\u00c9VIATION RN116 VALL\u00c9E DE LA T\u00caT. Du d\u00e9fi \u00e0 la solution, voyez comment nous avons aid\u00e9 nos clients \u00e0 atteindre leurs objectifs avec succ\u00e8s.","og_url":"https:\/\/www.maccaferri.com\/fr\/exemples-de-r\u00e9ussites\/deviation-rn116-vallee-de-la-tet\/","og_site_name":"Maccaferri France","article_modified_time":"2026-02-16T14:38:34+00:00","og_image":[{"width":1024,"height":705,"url":"https:\/\/www.maccaferri.com\/fr\/wp-content\/uploads\/2024\/03\/3111_4","type":"image\/jpeg"}],"twitter_card":"summary_large_image","schema":{"@context":"https:\/\/schema.org","@graph":[{"@type":"WebPage","@id":"https:\/\/www.maccaferri.com\/fr\/exemples-de-r\u00e9ussites\/deviation-rn116-vallee-de-la-tet\/","url":"https:\/\/www.maccaferri.com\/fr\/exemples-de-r\u00e9ussites\/deviation-rn116-vallee-de-la-tet\/","name":"D\u00c9VIATION RN116 VALL\u00c9E DE LA T\u00caT - Maccaferri France","isPartOf":{"@id":"https:\/\/www.maccaferri.com\/fr\/#website"},"primaryImageOfPage":{"@id":"https:\/\/www.maccaferri.com\/fr\/exemples-de-r\u00e9ussites\/deviation-rn116-vallee-de-la-tet\/#primaryimage"},"image":{"@id":"https:\/\/www.maccaferri.com\/fr\/exemples-de-r\u00e9ussites\/deviation-rn116-vallee-de-la-tet\/#primaryimage"},"thumbnailUrl":"https:\/\/www.maccaferri.com\/fr\/wp-content\/uploads\/2024\/03\/3111_4","datePublished":"2025-10-29T06:53:40+00:00","dateModified":"2026-02-16T14:38:34+00:00","description":"D\u00e9couvrez nos r\u00e9ussites : D\u00c9VIATION RN116 VALL\u00c9E DE LA T\u00caT. Du d\u00e9fi \u00e0 la solution, voyez comment nous avons aid\u00e9 nos clients \u00e0 atteindre leurs objectifs avec succ\u00e8s.","breadcrumb":{"@id":"https:\/\/www.maccaferri.com\/fr\/exemples-de-r\u00e9ussites\/deviation-rn116-vallee-de-la-tet\/#breadcrumb"},"inLanguage":"fr-FR","potentialAction":[{"@type":"ReadAction","target":["https:\/\/www.maccaferri.com\/fr\/exemples-de-r\u00e9ussites\/deviation-rn116-vallee-de-la-tet\/"]}]},{"@type":"ImageObject","inLanguage":"fr-FR","@id":"https:\/\/www.maccaferri.com\/fr\/exemples-de-r\u00e9ussites\/deviation-rn116-vallee-de-la-tet\/#primaryimage","url":"https:\/\/www.maccaferri.com\/fr\/wp-content\/uploads\/2024\/03\/3111_4","contentUrl":"https:\/\/www.maccaferri.com\/fr\/wp-content\/uploads\/2024\/03\/3111_4","width":1024,"height":705,"caption":"5 ans apr\u00e8s, sous la neige"},{"@type":"BreadcrumbList","@id":"https:\/\/www.maccaferri.com\/fr\/exemples-de-r\u00e9ussites\/deviation-rn116-vallee-de-la-tet\/#breadcrumb","itemListElement":[{"@type":"ListItem","position":1,"name":"Home","item":"https:\/\/www.maccaferri.com\/fr\/"},{"@type":"ListItem","position":2,"name":"Stories","item":"https:\/\/www.maccaferri.com\/fr\/stories\/"},{"@type":"ListItem","position":3,"name":"D\u00c9VIATION RN116 VALL\u00c9E DE LA T\u00caT"}]},{"@type":"WebSite","@id":"https:\/\/www.maccaferri.com\/fr\/#website","url":"https:\/\/www.maccaferri.com\/fr\/","name":"Maccaferri France","description":"","publisher":{"@id":"https:\/\/www.maccaferri.com\/fr\/#organization"},"potentialAction":[{"@type":"SearchAction","target":{"@type":"EntryPoint","urlTemplate":"https:\/\/www.maccaferri.com\/fr\/?s={search_term_string}"},"query-input":{"@type":"PropertyValueSpecification","valueRequired":true,"valueName":"search_term_string"}}],"inLanguage":"fr-FR"},{"@type":"Organization","@id":"https:\/\/www.maccaferri.com\/fr\/#organization","name":"Maccaferri France","url":"https:\/\/www.maccaferri.com\/fr\/","logo":{"@type":"ImageObject","inLanguage":"fr-FR","@id":"https:\/\/www.maccaferri.com\/fr\/#\/schema\/logo\/image\/","url":"https:\/\/www.maccaferri.com\/fr\/wp-content\/uploads\/2022\/07\/logo-maccaferri.png","contentUrl":"https:\/\/www.maccaferri.com\/fr\/wp-content\/uploads\/2022\/07\/logo-maccaferri.png","width":152,"height":32,"caption":"Maccaferri France"},"image":{"@id":"https:\/\/www.maccaferri.com\/fr\/#\/schema\/logo\/image\/"}}]}},"_links":{"self":[{"href":"https:\/\/www.maccaferri.com\/fr\/wp-json\/wp\/v2\/stories\/110077","targetHints":{"allow":["GET"]}}],"collection":[{"href":"https:\/\/www.maccaferri.com\/fr\/wp-json\/wp\/v2\/stories"}],"about":[{"href":"https:\/\/www.maccaferri.com\/fr\/wp-json\/wp\/v2\/types\/stories"}],"acf:post":[{"embeddable":true,"href":"https:\/\/www.maccaferri.com\/fr\/wp-json\/wp\/v2\/sectors\/103460"},{"embeddable":true,"href":"https:\/\/www.maccaferri.com\/fr\/wp-json\/wp\/v2\/solution\/103601"},{"embeddable":true,"href":"https:\/\/www.maccaferri.com\/fr\/wp-json\/wp\/v2\/application\/103493"},{"embeddable":true,"href":"https:\/\/www.maccaferri.com\/fr\/wp-json\/wp\/v2\/prodotti\/113687"}],"wp:featuredmedia":[{"embeddable":true,"href":"https:\/\/www.maccaferri.com\/fr\/wp-json\/wp\/v2\/media\/69502"}],"wp:attachment":[{"href":"https:\/\/www.maccaferri.com\/fr\/wp-json\/wp\/v2\/media?parent=110077"}],"wp:term":[{"taxonomy":"stories-category","embeddable":true,"href":"https:\/\/www.maccaferri.com\/fr\/wp-json\/wp\/v2\/stories-category?post=110077"},{"taxonomy":"stories-tag","embeddable":true,"href":"https:\/\/www.maccaferri.com\/fr\/wp-json\/wp\/v2\/stories-tag?post=110077"}],"curies":[{"name":"wp","href":"https:\/\/api.w.org\/{rel}","templated":true}]}}