{"id":119850,"date":"2026-01-22T13:12:53","date_gmt":"2026-01-22T12:12:53","guid":{"rendered":"https:\/\/www.maccaferri.com\/br\/success-stories\/camaras-frias-frigorifico-modelo-pt\/"},"modified":"2026-03-31T14:43:59","modified_gmt":"2026-03-31T12:43:59","slug":"camaras-frias-frigorifico-modelo-pt","status":"publish","type":"stories","link":"https:\/\/www.maccaferri.com\/br\/casos-de-sucesso\/camaras-frias-frigorifico-modelo-pt\/","title":{"rendered":"C\u00c2MARAS FRIAS &#8211; FRIGOR\u00cdFICO MODELO &#8211; PT"},"content":{"rendered":"<div class=\"container-full text-bocolor-block-white\">\n        <div class=\"row\">\n        <div class=\"col-12\">\n            <div class=\"container box-container\">\n                <div class=\"row\">\n                    <div class=\"col-12\">\n                        <h3>Challenge<\/h3>\n                    <\/div>\n                <\/div>\n            <\/div>\n        <\/div>    \n    <\/div>\n        <div class=\"row\">\n        <div class=\"col-12\">\n            <div class=\"container box-container\">\n                <div class=\"row\">\n                    <div class=\"col-12 content\">\n                        <p>Durante a elabora\u00c3\u00a7\u00c3\u00a3o do projeto para a constru\u00c3\u00a7\u00c3\u00a3o de uma nova planta log\u00c3\u00adstica do Frigor\u00c3\u00adfico Modelo, localizado em Montevid\u00c3\u00a9u \u00e2\u0080\u0093 Uruguai, surgiu a necessidade da realiza\u00c3\u00a7\u00c3\u00a3o de um piso no interior das c\u00c3\u00a2maras frias, que deveria suportar as exig\u00c3\u00aancias para este tipo de obra. Inicialmente foi previsto um piso com 25cm de espessura, com armadura dupla de malha 10mm em requadros de 20cm. Outra considera\u00c3\u00a7\u00c3\u00a3o relevante foram os metros c\u00c3\u00babicos de concreto bombeado, que teriam que ser lan\u00c3\u00a7ados para cobrir toda a superf\u00c3\u00adcie.<\/p>\n                    <\/div>\n                <\/div>\n            <\/div>\n        <\/div>\n    <\/div>\n    <\/div>\n<div class=\"container-full text-bocolor-block-green\">\n        <div class=\"row\">\n        <div class=\"col-12\">\n            <div class=\"container box-container\">\n                <div class=\"row\">\n                    <div class=\"col-12\">\n                        <h3>Solution<\/h3>\n                    <\/div>\n                <\/div>\n            <\/div>\n        <\/div>    \n    <\/div>\n        <div class=\"row\">\n        <div class=\"col-12\">\n            <div class=\"container box-container\">\n                <div class=\"row\">\n                    <div class=\"col-12 content\">\n                        <p>Ap\u00c3\u00b3s a realiza\u00c3\u00a7\u00c3\u00a3o de c\u00c3\u00a1lculos para o dimensionamento do piso, chegou-se a um pavimento com 20cm de espessura com uma dosagem de fibras met\u00c3\u00a1licas Wirand\u00c2\u00ae e fibras de polipropileno FibroMac\u00c2\u00ae. Desta maneira, foi poss\u00c3\u00advel vencer os obst\u00c3\u00a1culos encontrados com o uso da tela eletrosoldada. Atualmente as c\u00c3\u00a2maras frias funcionam com temperaturas abaixo de 30\u00c2\u00baC, al\u00c3\u00a9m de possu\u00c3\u00adrem estantes met\u00c3\u00a1licas, e deste modo, suportarem o movimento di\u00c3\u00a1rio de empilhadeiras.<\/p>\n                    <\/div>\n                <\/div>\n            <\/div>\n        <\/div>\n    <\/div>\n    <\/div><div class=\"wp-block-mac-container-block box-container\"><div class=\"container\"><h2>Used Products<\/h2><div class=\"row\"><div class=\"col-12 col-sm-12 col-md-12 col-lg-3 col-xl-3 col-xxl-3\"><div class=\"wp-block-mac-card-new-block block-latest-news-container\"><div class=\"card\"><div class=\"content-images\"><img decoding=\"async\" class=\"box-image\" src=\"https:\/\/www.maccaferri.com\/br\/wp-content\/uploads\/2022\/12\/Terramesh_0-1.jpg\" alt=\"Terramesh\u00ae\" title=\"Terramesh\u00ae\" \/><\/div><div class=\"card-body\"><h6>Terramesh\u00ae<\/h6><span class=\"abstract\">A fam\u00edlia Maccaferri Terramesh\u00ae inclui diferentes op\u00e7\u00f5es de tipos de face para a constru\u00e7\u00e3o de muros me solos refor\u00e7ados. Consiste em unidades pr\u00e9-mon<\/span><a href=\"https:\/\/www.maccaferri.com\/br\/produtos\/terramesh\/\" class=\"cta\" rel=\"noopener\" title=\"Terramesh\u00ae\">Vis\u00e3o \n                           <span class=\"text\" value=\"\" \/>\n                           <\/a><div data-post-id=\"118432\" class=\"star \" title=\"Adicionar \u00e0 lista de desejos\"><span class=\"material-symbols-rounded starrate\">star<\/span><\/div><\/div><\/div><\/div><\/div><\/div><\/div><\/div><!--usedproducts-->","protected":false},"excerpt":{"rendered":"<p>Ap\u00c3\u00b3s a realiza\u00c3\u00a7\u00c3\u00a3o de c\u00c3\u00a1lculos para o dimensionamento do piso, chegou-se a um pavimento com 20cm de espessura com uma dosagem de fibras met<\/p>\n","protected":false},"featured_media":10735,"parent":0,"menu_order":0,"template":"","stories-category":[],"stories-tag":[],"class_list":["post-119850","stories","type-stories","status-publish","has-post-thumbnail","hentry"],"acf":{"products":[118432],"applications":[118173,118173],"solutions":[118242],"sectors":null},"yoast_head":"<!-- This site is optimized with the Yoast SEO Premium plugin v27.0 (Yoast SEO v27.0) - https:\/\/yoast.com\/product\/yoast-seo-premium-wordpress\/ -->\n<title>C\u00c2MARAS FRIAS - FRIGOR\u00cdFICO MODELO - PT - Maccaferri Brasil<\/title>\n<meta name=\"description\" content=\"Explore nossas hist\u00f3rias de sucesso: C\u00c2MARAS FRIAS - FRIGOR\u00cdFICO MODELO - PT. Do desafio \u00e0 solu\u00e7\u00e3o, veja como ajudamos nossos clientes a alcan\u00e7ar seus objetivos com sucesso.\" \/>\n<meta name=\"robots\" content=\"index, follow, max-snippet:-1, max-image-preview:large, max-video-preview:-1\" \/>\n<link rel=\"canonical\" href=\"https:\/\/www.maccaferri.com\/br\/casos-de-sucesso\/camaras-frias-frigorifico-modelo-pt\/\" \/>\n<meta property=\"og:locale\" content=\"pt_BR\" \/>\n<meta property=\"og:type\" content=\"article\" \/>\n<meta property=\"og:title\" content=\"C\u00c2MARAS FRIAS - FRIGOR\u00cdFICO MODELO - PT\" \/>\n<meta property=\"og:description\" content=\"Explore nossas hist\u00f3rias de sucesso: C\u00c2MARAS FRIAS - FRIGOR\u00cdFICO MODELO - PT. Do desafio \u00e0 solu\u00e7\u00e3o, veja como ajudamos nossos clientes a alcan\u00e7ar seus objetivos com sucesso.\" \/>\n<meta property=\"og:url\" content=\"https:\/\/www.maccaferri.com\/br\/casos-de-sucesso\/camaras-frias-frigorifico-modelo-pt\/\" \/>\n<meta property=\"og:site_name\" content=\"Maccaferri Brasil\" \/>\n<meta property=\"article:modified_time\" content=\"2026-03-31T12:43:59+00:00\" \/>\n<meta property=\"og:image\" content=\"https:\/\/www.maccaferri.com\/br\/wp-content\/uploads\/2023\/02\/Success-Story-Default.jpg\" \/>\n\t<meta property=\"og:image:width\" content=\"1920\" \/>\n\t<meta property=\"og:image:height\" content=\"1024\" \/>\n\t<meta property=\"og:image:type\" content=\"image\/jpeg\" \/>\n<meta name=\"twitter:card\" content=\"summary_large_image\" \/>\n<!-- \/ Yoast SEO Premium plugin. -->","yoast_head_json":{"title":"C\u00c2MARAS FRIAS - FRIGOR\u00cdFICO MODELO - PT - Maccaferri Brasil","description":"Explore nossas hist\u00f3rias de sucesso: C\u00c2MARAS FRIAS - FRIGOR\u00cdFICO MODELO - PT. Do desafio \u00e0 solu\u00e7\u00e3o, veja como ajudamos nossos clientes a alcan\u00e7ar seus objetivos com sucesso.","robots":{"index":"index","follow":"follow","max-snippet":"max-snippet:-1","max-image-preview":"max-image-preview:large","max-video-preview":"max-video-preview:-1"},"canonical":"https:\/\/www.maccaferri.com\/br\/casos-de-sucesso\/camaras-frias-frigorifico-modelo-pt\/","og_locale":"pt_BR","og_type":"article","og_title":"C\u00c2MARAS FRIAS - FRIGOR\u00cdFICO MODELO - PT","og_description":"Explore nossas hist\u00f3rias de sucesso: C\u00c2MARAS FRIAS - FRIGOR\u00cdFICO MODELO - PT. Do desafio \u00e0 solu\u00e7\u00e3o, veja como ajudamos nossos clientes a alcan\u00e7ar seus objetivos com sucesso.","og_url":"https:\/\/www.maccaferri.com\/br\/casos-de-sucesso\/camaras-frias-frigorifico-modelo-pt\/","og_site_name":"Maccaferri Brasil","article_modified_time":"2026-03-31T12:43:59+00:00","og_image":[{"width":1920,"height":1024,"url":"https:\/\/www.maccaferri.com\/br\/wp-content\/uploads\/2023\/02\/Success-Story-Default.jpg","type":"image\/jpeg"}],"twitter_card":"summary_large_image","schema":{"@context":"https:\/\/schema.org","@graph":[{"@type":"WebPage","@id":"https:\/\/www.maccaferri.com\/br\/casos-de-sucesso\/camaras-frias-frigorifico-modelo-pt\/","url":"https:\/\/www.maccaferri.com\/br\/casos-de-sucesso\/camaras-frias-frigorifico-modelo-pt\/","name":"C\u00c2MARAS FRIAS - FRIGOR\u00cdFICO MODELO - PT - Maccaferri Brasil","isPartOf":{"@id":"https:\/\/www.maccaferri.com\/br\/#website"},"primaryImageOfPage":{"@id":"https:\/\/www.maccaferri.com\/br\/casos-de-sucesso\/camaras-frias-frigorifico-modelo-pt\/#primaryimage"},"image":{"@id":"https:\/\/www.maccaferri.com\/br\/casos-de-sucesso\/camaras-frias-frigorifico-modelo-pt\/#primaryimage"},"thumbnailUrl":"https:\/\/www.maccaferri.com\/br\/wp-content\/uploads\/2023\/02\/Success-Story-Default.jpg","datePublished":"2026-01-22T12:12:53+00:00","dateModified":"2026-03-31T12:43:59+00:00","description":"Explore nossas hist\u00f3rias de sucesso: C\u00c2MARAS FRIAS - FRIGOR\u00cdFICO MODELO - PT. Do desafio \u00e0 solu\u00e7\u00e3o, veja como ajudamos nossos clientes a alcan\u00e7ar seus objetivos com sucesso.","breadcrumb":{"@id":"https:\/\/www.maccaferri.com\/br\/casos-de-sucesso\/camaras-frias-frigorifico-modelo-pt\/#breadcrumb"},"inLanguage":"pt-BR","potentialAction":[{"@type":"ReadAction","target":["https:\/\/www.maccaferri.com\/br\/casos-de-sucesso\/camaras-frias-frigorifico-modelo-pt\/"]}]},{"@type":"ImageObject","inLanguage":"pt-BR","@id":"https:\/\/www.maccaferri.com\/br\/casos-de-sucesso\/camaras-frias-frigorifico-modelo-pt\/#primaryimage","url":"https:\/\/www.maccaferri.com\/br\/wp-content\/uploads\/2023\/02\/Success-Story-Default.jpg","contentUrl":"https:\/\/www.maccaferri.com\/br\/wp-content\/uploads\/2023\/02\/Success-Story-Default.jpg","width":1920,"height":1024},{"@type":"BreadcrumbList","@id":"https:\/\/www.maccaferri.com\/br\/casos-de-sucesso\/camaras-frias-frigorifico-modelo-pt\/#breadcrumb","itemListElement":[{"@type":"ListItem","position":1,"name":"Home","item":"https:\/\/www.maccaferri.com\/br\/"},{"@type":"ListItem","position":2,"name":"Stories","item":"https:\/\/www.maccaferri.com\/br\/stories\/"},{"@type":"ListItem","position":3,"name":"C\u00c2MARAS FRIAS &#8211; FRIGOR\u00cdFICO MODELO &#8211; PT"}]},{"@type":"WebSite","@id":"https:\/\/www.maccaferri.com\/br\/#website","url":"https:\/\/www.maccaferri.com\/br\/","name":"Maccaferri Brasil","description":"","publisher":{"@id":"https:\/\/www.maccaferri.com\/br\/#organization"},"potentialAction":[{"@type":"SearchAction","target":{"@type":"EntryPoint","urlTemplate":"https:\/\/www.maccaferri.com\/br\/?s={search_term_string}"},"query-input":{"@type":"PropertyValueSpecification","valueRequired":true,"valueName":"search_term_string"}}],"inLanguage":"pt-BR"},{"@type":"Organization","@id":"https:\/\/www.maccaferri.com\/br\/#organization","name":"Maccaferri do Brasil","alternateName":"Maccaferri","url":"https:\/\/www.maccaferri.com\/br\/","logo":{"@type":"ImageObject","inLanguage":"pt-BR","@id":"https:\/\/www.maccaferri.com\/br\/#\/schema\/logo\/image\/","url":"https:\/\/www.maccaferri.com\/br\/wp-content\/uploads\/2022\/07\/logo-maccaferri.png","contentUrl":"https:\/\/www.maccaferri.com\/br\/wp-content\/uploads\/2022\/07\/logo-maccaferri.png","width":152,"height":32,"caption":"Maccaferri do Brasil"},"image":{"@id":"https:\/\/www.maccaferri.com\/br\/#\/schema\/logo\/image\/"}}]}},"_links":{"self":[{"href":"https:\/\/www.maccaferri.com\/br\/wp-json\/wp\/v2\/stories\/119850","targetHints":{"allow":["GET"]}}],"collection":[{"href":"https:\/\/www.maccaferri.com\/br\/wp-json\/wp\/v2\/stories"}],"about":[{"href":"https:\/\/www.maccaferri.com\/br\/wp-json\/wp\/v2\/types\/stories"}],"acf:post":[{"embeddable":true,"href":"https:\/\/www.maccaferri.com\/br\/wp-json\/wp\/v2\/solution\/118242"},{"embeddable":true,"href":"https:\/\/www.maccaferri.com\/br\/wp-json\/wp\/v2\/application\/118173"},{"embeddable":true,"href":"https:\/\/www.maccaferri.com\/br\/wp-json\/wp\/v2\/prodotti\/118432"}],"wp:featuredmedia":[{"embeddable":true,"href":"https:\/\/www.maccaferri.com\/br\/wp-json\/wp\/v2\/media\/10735"}],"wp:attachment":[{"href":"https:\/\/www.maccaferri.com\/br\/wp-json\/wp\/v2\/media?parent=119850"}],"wp:term":[{"taxonomy":"stories-category","embeddable":true,"href":"https:\/\/www.maccaferri.com\/br\/wp-json\/wp\/v2\/stories-category?post=119850"},{"taxonomy":"stories-tag","embeddable":true,"href":"https:\/\/www.maccaferri.com\/br\/wp-json\/wp\/v2\/stories-tag?post=119850"}],"curies":[{"name":"wp","href":"https:\/\/api.w.org\/{rel}","templated":true}]}}