{"id":119334,"date":"2026-01-22T13:07:15","date_gmt":"2026-01-22T12:07:15","guid":{"rendered":"https:\/\/www.maccaferri.com\/br\/success-stories\/corrego-do-capao\/"},"modified":"2026-03-31T14:47:27","modified_gmt":"2026-03-31T12:47:27","slug":"corrego-do-capao","status":"publish","type":"stories","link":"https:\/\/www.maccaferri.com\/br\/casos-de-sucesso\/corrego-do-capao\/","title":{"rendered":"C\u00d3RREGO DO CAP\u00c3O"},"content":{"rendered":"<div class=\"container-full text-bocolor-block-white\">\n        <div class=\"row\">\n        <div class=\"col-12\">\n            <div class=\"container box-container\">\n                <div class=\"row\">\n                    <div class=\"col-12\">\n                        <h3>Challenge<\/h3>\n                    <\/div>\n                <\/div>\n            <\/div>\n        <\/div>    \n    <\/div>\n        <div class=\"row\">\n        <div class=\"col-12\">\n            <div class=\"container box-container\">\n                <div class=\"row\">\n                    <div class=\"col-12 content\">\n                        <p>O c\u00c3\u00b3rrego do cap\u00c3\u00a3o, localizado em Igarap\u00c3\u00a9, divide os bairros Ch\u00c3\u00a1cara Campina Verde e Jequitib\u00c3\u00a1. Sobre o mesmo, existia uma ponte de madeira em estado prec\u00c3\u00a1rio, com sua estrutura bem comprometida e com risco iminente de queda, pois as longarinas de madeira eram apoiadas diretamente no terreno natural, que j\u00c3\u00a1 apresentava sinais de eros\u00c3\u00a3o. Para n\u00c3\u00a3o colocar em risco o acesso entre os bairros, foi necess\u00c3\u00a1ria a reconstru\u00c3\u00a7\u00c3\u00a3o da mesma, visando a viabilidade t\u00c3\u00a9cnica e econ\u00c3\u00b4mica.<\/p>\n                    <\/div>\n                <\/div>\n            <\/div>\n        <\/div>\n    <\/div>\n    <\/div>\n<div class=\"container-full text-bocolor-block-green\">\n        <div class=\"row\">\n        <div class=\"col-12\">\n            <div class=\"container box-container\">\n                <div class=\"row\">\n                    <div class=\"col-12\">\n                        <h3>Solution<\/h3>\n                    <\/div>\n                <\/div>\n            <\/div>\n        <\/div>    \n    <\/div>\n        <div class=\"row\">\n        <div class=\"col-12\">\n            <div class=\"container box-container\">\n                <div class=\"row\">\n                    <div class=\"col-12 content\">\n                        <p>Os t\u00c3\u00a9cnicos da Prefeitura Municipal de Igarap\u00c3\u00a9, optaram por uma ponte mista padr\u00c3\u00a3o DEOP\/SETOP com longarinas em viga met\u00c3\u00a1lica e tabuleiro em lajes pr\u00c3\u00a9 moldadas, com os apoios em gabi\u00c3\u00a3o caixa e vigas travesseiro. No projeto original (DEOP), os apoios eram em concreto estrutural armado,  por\u00c3\u00a9m por ser de mais f\u00c3\u00a1cil execu\u00c3\u00a7\u00c3\u00a3o, a Prefeitura Municipal de Igarap\u00c3\u00a9 optou em executar os apoios em gabi\u00c3\u00a3o tipo caixa.<\/p>\n                    <\/div>\n                <\/div>\n            <\/div>\n        <\/div>\n    <\/div>\n    <\/div><div class=\"wp-block-mac-container-block box-container\"><div class=\"container\"><h2>Used Products<\/h2><div class=\"row\"><div class=\"col-12 col-sm-12 col-md-12 col-lg-3 col-xl-3 col-xxl-3\"><div class=\"wp-block-mac-card-new-block block-latest-news-container\"><div class=\"card\"><div class=\"content-images\"><img decoding=\"async\" class=\"box-image\" src=\"https:\/\/www.maccaferri.com\/br\/wp-content\/uploads\/2025\/10\/Gabion_product_header_product\" alt=\"Gabi\u00f5es Caixa\" title=\"Gabi\u00f5es Caixa\" \/><\/div><div class=\"card-body\"><h6>Gabi\u00f5es Caixa<\/h6><span class=\"abstract\">Um Amplo Portf\u00f3lio de Solu\u00e7\u00f5esA Maccaferri oferece uma ampla gama de solu\u00e7\u00f5es personalizadas para atender a cada necessidade espec\u00edfica. Desd<\/span><a href=\"https:\/\/www.maccaferri.com\/br\/produtos\/gabioes-caixa\/\" class=\"cta\" rel=\"noopener\" title=\"Gabi\u00f5es Caixa\">Vis\u00e3o \n                           <span class=\"text\" value=\"\" \/>\n                           <\/a><div data-post-id=\"118366\" class=\"star \" title=\"Adicionar \u00e0 lista de desejos\"><span class=\"material-symbols-rounded starrate\">star<\/span><\/div><\/div><\/div><\/div><\/div><div class=\"col-12 col-sm-12 col-md-12 col-lg-3 col-xl-3 col-xxl-3\"><div class=\"wp-block-mac-card-new-block block-latest-news-container\"><div class=\"card\"><div class=\"content-images\"><img decoding=\"async\" class=\"box-image\" src=\"https:\/\/www.maccaferri.com\/br\/wp-content\/uploads\/2025\/02\/Reno-Mattresses.jpg\" alt=\"Colch\u00e3o Reno\u00ae\" title=\"Colch\u00e3o Reno\u00ae\" \/><\/div><div class=\"card-body\"><h6>Colch\u00e3o Reno\u00ae<\/h6><span class=\"abstract\">RenoMac PlusBaseado no sucesso do Reno Mattress Plus, o RenoMac Plus oferece os mesmos benef\u00edcios de sustentabilidade e desempenho em uma sol<\/span><a href=\"https:\/\/www.maccaferri.com\/br\/produtos\/colchao-reno\/\" class=\"cta\" rel=\"noopener\" title=\"Colch\u00e3o Reno\u00ae\">Vis\u00e3o \n                           <span class=\"text\" value=\"\" \/>\n                           <\/a><div data-post-id=\"118390\" class=\"star \" title=\"Adicionar \u00e0 lista de desejos\"><span class=\"material-symbols-rounded starrate\">star<\/span><\/div><\/div><\/div><\/div><\/div><div class=\"col-12 col-sm-12 col-md-12 col-lg-3 col-xl-3 col-xxl-3\"><div class=\"wp-block-mac-card-new-block block-latest-news-container\"><div class=\"card\"><div class=\"content-images\"><img decoding=\"async\" class=\"box-image\" src=\"https:\/\/www.maccaferri.com\/br\/wp-content\/uploads\/2025\/01\/Nonwoven-Geotextile-1.jpg\" alt=\"Geot\u00eaxtil N\u00e3o Tecido - MacTex\u00ae\" title=\"Geot\u00eaxtil N\u00e3o Tecido - MacTex\u00ae\" \/><\/div><div class=\"card-body\"><h6>Geot\u00eaxtil N\u00e3o Tecido &#8211; MacTex\u00ae<\/h6><span class=\"abstract\">Solu\u00e7\u00f5es vers\u00e1teis para separa\u00e7\u00e3o, filtra\u00e7\u00e3o e prote\u00e7\u00e3oOs geot\u00eaxteis n\u00e3o tecidos s\u00e3o estruturas t\u00eaxteis planas fabricadas a partir de fib<\/span><a href=\"https:\/\/www.maccaferri.com\/br\/produtos\/geotextil-nao-tecido-mactex\/\" class=\"cta\" rel=\"noopener\" title=\"Geot\u00eaxtil N\u00e3o Tecido - MacTex\u00ae\">Vis\u00e3o \n                           <span class=\"text\" value=\"\" \/>\n                           <\/a><div data-post-id=\"118393\" class=\"star \" title=\"Adicionar \u00e0 lista de desejos\"><span class=\"material-symbols-rounded starrate\">star<\/span><\/div><\/div><\/div><\/div><\/div><div class=\"col-12 col-sm-12 col-md-12 col-lg-3 col-xl-3 col-xxl-3\"><div class=\"wp-block-mac-card-new-block block-latest-news-container\"><div class=\"card\"><div class=\"content-images\"><img decoding=\"async\" class=\"box-image\" src=\"https:\/\/www.maccaferri.com\/br\/wp-content\/uploads\/2025\/10\/Geomats_products_header\" alt=\"MacMat\u00ae R3\" title=\"MacMat\u00ae R3\" \/><\/div><div class=\"card-body\"><h6>MacMat\u00ae R3<\/h6><span class=\"abstract\">A versatilidade da MacMat\u00ae R a torna adequada para cen\u00e1rios desafiadores, incluindo taludes \u00edngremes, prote\u00e7\u00f5es costeiras e aterros sujeitos a tr\u00e1fego<\/span><a href=\"https:\/\/www.maccaferri.com\/br\/produtos\/macmat-r3\/\" class=\"cta\" rel=\"noopener\" title=\"MacMat\u00ae R3\">Vis\u00e3o \n                           <span class=\"text\" value=\"\" \/>\n                           <\/a><div data-post-id=\"118426\" class=\"star \" title=\"Adicionar \u00e0 lista de desejos\"><span class=\"material-symbols-rounded starrate\">star<\/span><\/div><\/div><\/div><\/div><\/div><\/div><\/div><\/div><!--usedproducts-->","protected":false},"excerpt":{"rendered":"<p>Os t\u00c3\u00a9cnicos da Prefeitura Municipal de Igarap\u00c3\u00a9, optaram por uma ponte mista padr\u00c3\u00a3o DEOP\/SETOP com longarinas em viga met\u00c3\u00a1lica e tabuleiro <\/p>\n","protected":false},"featured_media":10735,"parent":0,"menu_order":0,"template":"","stories-category":[],"stories-tag":[],"class_list":["post-119334","stories","type-stories","status-publish","has-post-thumbnail","hentry"],"acf":{"products":[118366,118390,118393,118426],"applications":[118200,118200],"solutions":[118299],"sectors":null},"yoast_head":"<!-- This site is optimized with the Yoast SEO Premium plugin v27.0 (Yoast SEO v27.0) - https:\/\/yoast.com\/product\/yoast-seo-premium-wordpress\/ -->\n<title>C\u00d3RREGO DO CAP\u00c3O - Maccaferri Brasil<\/title>\n<meta name=\"description\" content=\"Explore nossas hist\u00f3rias de sucesso: C\u00d3RREGO DO CAP\u00c3O. Do desafio \u00e0 solu\u00e7\u00e3o, veja como ajudamos nossos clientes a alcan\u00e7ar seus objetivos com sucesso.\" \/>\n<meta name=\"robots\" content=\"index, follow, max-snippet:-1, max-image-preview:large, max-video-preview:-1\" \/>\n<link rel=\"canonical\" href=\"https:\/\/www.maccaferri.com\/br\/casos-de-sucesso\/corrego-do-capao\/\" \/>\n<meta property=\"og:locale\" content=\"pt_BR\" \/>\n<meta property=\"og:type\" content=\"article\" \/>\n<meta property=\"og:title\" content=\"C\u00d3RREGO DO CAP\u00c3O\" \/>\n<meta property=\"og:description\" content=\"Explore nossas hist\u00f3rias de sucesso: C\u00d3RREGO DO CAP\u00c3O. Do desafio \u00e0 solu\u00e7\u00e3o, veja como ajudamos nossos clientes a alcan\u00e7ar seus objetivos com sucesso.\" \/>\n<meta property=\"og:url\" content=\"https:\/\/www.maccaferri.com\/br\/casos-de-sucesso\/corrego-do-capao\/\" \/>\n<meta property=\"og:site_name\" content=\"Maccaferri Brasil\" \/>\n<meta property=\"article:modified_time\" content=\"2026-03-31T12:47:27+00:00\" \/>\n<meta property=\"og:image\" content=\"https:\/\/www.maccaferri.com\/br\/wp-content\/uploads\/2023\/02\/Success-Story-Default.jpg\" \/>\n\t<meta property=\"og:image:width\" content=\"1920\" \/>\n\t<meta property=\"og:image:height\" content=\"1024\" \/>\n\t<meta property=\"og:image:type\" content=\"image\/jpeg\" \/>\n<meta name=\"twitter:card\" content=\"summary_large_image\" \/>\n<!-- \/ Yoast SEO Premium plugin. -->","yoast_head_json":{"title":"C\u00d3RREGO DO CAP\u00c3O - Maccaferri Brasil","description":"Explore nossas hist\u00f3rias de sucesso: C\u00d3RREGO DO CAP\u00c3O. Do desafio \u00e0 solu\u00e7\u00e3o, veja como ajudamos nossos clientes a alcan\u00e7ar seus objetivos com sucesso.","robots":{"index":"index","follow":"follow","max-snippet":"max-snippet:-1","max-image-preview":"max-image-preview:large","max-video-preview":"max-video-preview:-1"},"canonical":"https:\/\/www.maccaferri.com\/br\/casos-de-sucesso\/corrego-do-capao\/","og_locale":"pt_BR","og_type":"article","og_title":"C\u00d3RREGO DO CAP\u00c3O","og_description":"Explore nossas hist\u00f3rias de sucesso: C\u00d3RREGO DO CAP\u00c3O. Do desafio \u00e0 solu\u00e7\u00e3o, veja como ajudamos nossos clientes a alcan\u00e7ar seus objetivos com sucesso.","og_url":"https:\/\/www.maccaferri.com\/br\/casos-de-sucesso\/corrego-do-capao\/","og_site_name":"Maccaferri Brasil","article_modified_time":"2026-03-31T12:47:27+00:00","og_image":[{"width":1920,"height":1024,"url":"https:\/\/www.maccaferri.com\/br\/wp-content\/uploads\/2023\/02\/Success-Story-Default.jpg","type":"image\/jpeg"}],"twitter_card":"summary_large_image","schema":{"@context":"https:\/\/schema.org","@graph":[{"@type":"WebPage","@id":"https:\/\/www.maccaferri.com\/br\/casos-de-sucesso\/corrego-do-capao\/","url":"https:\/\/www.maccaferri.com\/br\/casos-de-sucesso\/corrego-do-capao\/","name":"C\u00d3RREGO DO CAP\u00c3O - Maccaferri Brasil","isPartOf":{"@id":"https:\/\/www.maccaferri.com\/br\/#website"},"primaryImageOfPage":{"@id":"https:\/\/www.maccaferri.com\/br\/casos-de-sucesso\/corrego-do-capao\/#primaryimage"},"image":{"@id":"https:\/\/www.maccaferri.com\/br\/casos-de-sucesso\/corrego-do-capao\/#primaryimage"},"thumbnailUrl":"https:\/\/www.maccaferri.com\/br\/wp-content\/uploads\/2023\/02\/Success-Story-Default.jpg","datePublished":"2026-01-22T12:07:15+00:00","dateModified":"2026-03-31T12:47:27+00:00","description":"Explore nossas hist\u00f3rias de sucesso: C\u00d3RREGO DO CAP\u00c3O. Do desafio \u00e0 solu\u00e7\u00e3o, veja como ajudamos nossos clientes a alcan\u00e7ar seus objetivos com sucesso.","breadcrumb":{"@id":"https:\/\/www.maccaferri.com\/br\/casos-de-sucesso\/corrego-do-capao\/#breadcrumb"},"inLanguage":"pt-BR","potentialAction":[{"@type":"ReadAction","target":["https:\/\/www.maccaferri.com\/br\/casos-de-sucesso\/corrego-do-capao\/"]}]},{"@type":"ImageObject","inLanguage":"pt-BR","@id":"https:\/\/www.maccaferri.com\/br\/casos-de-sucesso\/corrego-do-capao\/#primaryimage","url":"https:\/\/www.maccaferri.com\/br\/wp-content\/uploads\/2023\/02\/Success-Story-Default.jpg","contentUrl":"https:\/\/www.maccaferri.com\/br\/wp-content\/uploads\/2023\/02\/Success-Story-Default.jpg","width":1920,"height":1024},{"@type":"BreadcrumbList","@id":"https:\/\/www.maccaferri.com\/br\/casos-de-sucesso\/corrego-do-capao\/#breadcrumb","itemListElement":[{"@type":"ListItem","position":1,"name":"Home","item":"https:\/\/www.maccaferri.com\/br\/"},{"@type":"ListItem","position":2,"name":"Stories","item":"https:\/\/www.maccaferri.com\/br\/stories\/"},{"@type":"ListItem","position":3,"name":"C\u00d3RREGO DO CAP\u00c3O"}]},{"@type":"WebSite","@id":"https:\/\/www.maccaferri.com\/br\/#website","url":"https:\/\/www.maccaferri.com\/br\/","name":"Maccaferri Brasil","description":"","publisher":{"@id":"https:\/\/www.maccaferri.com\/br\/#organization"},"potentialAction":[{"@type":"SearchAction","target":{"@type":"EntryPoint","urlTemplate":"https:\/\/www.maccaferri.com\/br\/?s={search_term_string}"},"query-input":{"@type":"PropertyValueSpecification","valueRequired":true,"valueName":"search_term_string"}}],"inLanguage":"pt-BR"},{"@type":"Organization","@id":"https:\/\/www.maccaferri.com\/br\/#organization","name":"Maccaferri do Brasil","alternateName":"Maccaferri","url":"https:\/\/www.maccaferri.com\/br\/","logo":{"@type":"ImageObject","inLanguage":"pt-BR","@id":"https:\/\/www.maccaferri.com\/br\/#\/schema\/logo\/image\/","url":"https:\/\/www.maccaferri.com\/br\/wp-content\/uploads\/2022\/07\/logo-maccaferri.png","contentUrl":"https:\/\/www.maccaferri.com\/br\/wp-content\/uploads\/2022\/07\/logo-maccaferri.png","width":152,"height":32,"caption":"Maccaferri do Brasil"},"image":{"@id":"https:\/\/www.maccaferri.com\/br\/#\/schema\/logo\/image\/"}}]}},"_links":{"self":[{"href":"https:\/\/www.maccaferri.com\/br\/wp-json\/wp\/v2\/stories\/119334","targetHints":{"allow":["GET"]}}],"collection":[{"href":"https:\/\/www.maccaferri.com\/br\/wp-json\/wp\/v2\/stories"}],"about":[{"href":"https:\/\/www.maccaferri.com\/br\/wp-json\/wp\/v2\/types\/stories"}],"acf:post":[{"embeddable":true,"href":"https:\/\/www.maccaferri.com\/br\/wp-json\/wp\/v2\/solution\/118299"},{"embeddable":true,"href":"https:\/\/www.maccaferri.com\/br\/wp-json\/wp\/v2\/application\/118200"},{"embeddable":true,"href":"https:\/\/www.maccaferri.com\/br\/wp-json\/wp\/v2\/prodotti\/118426"},{"embeddable":true,"href":"https:\/\/www.maccaferri.com\/br\/wp-json\/wp\/v2\/prodotti\/118393"},{"embeddable":true,"href":"https:\/\/www.maccaferri.com\/br\/wp-json\/wp\/v2\/prodotti\/118390"},{"embeddable":true,"href":"https:\/\/www.maccaferri.com\/br\/wp-json\/wp\/v2\/prodotti\/118366"}],"wp:featuredmedia":[{"embeddable":true,"href":"https:\/\/www.maccaferri.com\/br\/wp-json\/wp\/v2\/media\/10735"}],"wp:attachment":[{"href":"https:\/\/www.maccaferri.com\/br\/wp-json\/wp\/v2\/media?parent=119334"}],"wp:term":[{"taxonomy":"stories-category","embeddable":true,"href":"https:\/\/www.maccaferri.com\/br\/wp-json\/wp\/v2\/stories-category?post=119334"},{"taxonomy":"stories-tag","embeddable":true,"href":"https:\/\/www.maccaferri.com\/br\/wp-json\/wp\/v2\/stories-tag?post=119334"}],"curies":[{"name":"wp","href":"https:\/\/api.w.org\/{rel}","templated":true}]}}