{"id":118677,"date":"2026-01-22T13:00:23","date_gmt":"2026-01-22T12:00:23","guid":{"rendered":"https:\/\/www.maccaferri.com\/br\/success-stories\/solo-reforcado-refugio-la-molina\/"},"modified":"2026-03-31T14:39:10","modified_gmt":"2026-03-31T12:39:10","slug":"solo-reforcado-refugio-la-molina","status":"publish","type":"stories","link":"https:\/\/www.maccaferri.com\/br\/casos-de-sucesso\/solo-reforcado-refugio-la-molina\/","title":{"rendered":"SOLO REFOR\u00c7ADO \u2013 REFUGIO LA MOLINA"},"content":{"rendered":"<div class=\"container-full text-bocolor-block-white\">\n        <div class=\"row\">\n        <div class=\"col-12\">\n            <div class=\"container box-container\">\n                <div class=\"row\">\n                    <div class=\"col-12\">\n                        <h3>Challenge<\/h3>\n                    <\/div>\n                <\/div>\n            <\/div>\n        <\/div>    \n    <\/div>\n        <div class=\"row\">\n        <div class=\"col-12\">\n            <div class=\"container box-container\">\n                <div class=\"row\">\n                    <div class=\"col-12 content\">\n                        <p>La calle n\u00c2\u00ba 5, en el Refugio de la Molina se encuentra en el l\u00c3\u00admite de la urbanizaci\u00c3\u00b3n, al pie de un cerro rocoso, por lo cual se necesitaba de un muro de contenci\u00c3\u00b3n a fin de crear el \u00c3\u00a1rea para la v\u00c3\u00ada y una rotonda al final de la misma. Inicialmente se pens\u00c3\u00b3 en un muro de contenci\u00c3\u00b3n de concreto, pero se impuso la idea de un muro de gravedad de gaviones por ser m\u00c3\u00a1s econ\u00c3\u00b3mica.   <\/p>\n                    <\/div>\n                <\/div>\n            <\/div>\n        <\/div>\n    <\/div>\n    <\/div>\n<div class=\"container-full text-bocolor-block-green\">\n        <div class=\"row\">\n        <div class=\"col-12\">\n            <div class=\"container box-container\">\n                <div class=\"row\">\n                    <div class=\"col-12\">\n                        <h3>Solution<\/h3>\n                    <\/div>\n                <\/div>\n            <\/div>\n        <\/div>    \n    <\/div>\n        <div class=\"row\">\n        <div class=\"col-12\">\n            <div class=\"container box-container\">\n                <div class=\"row\">\n                    <div class=\"col-12 content\">\n                        <p>Se propuso una soluci\u00c3\u00b3n t\u00c3\u00a9cnicamente confiable y econ\u00c3\u00b3micamente m\u00c3\u00a1s conveniente para los usuarios, que \u00c3\u00a9s el Terramesh\u00c2\u00ae System, que por la disminuci\u00c3\u00b3n del volumen de piedra y el uso de los suelos del lugar, era la alternativa m\u00c3\u00a1s adecuada. El muro tiene una altura promedio de 5 metros, una inclinaci\u00c3\u00b3n de 6\u00c2\u00b0 y su integraci\u00c3\u00b3n al medio ambiente circundante resulta naturalmente evidente. Sobre  la estructura de contenci\u00c3\u00b3n se ha construido la v\u00c3\u00ada pavimentada y obras de concreto como bermas y veredas sin ninguna dificultad.  <\/p>\n                    <\/div>\n                <\/div>\n            <\/div>\n        <\/div>\n    <\/div>\n    <\/div><div class=\"wp-block-mac-container-block box-container\"><div class=\"container\"><h2>Used Products<\/h2><div class=\"row\"><div class=\"col-12 col-sm-12 col-md-12 col-lg-3 col-xl-3 col-xxl-3\"><div class=\"wp-block-mac-card-new-block block-latest-news-container\"><div class=\"card\"><div class=\"content-images\"><img decoding=\"async\" class=\"box-image\" src=\"https:\/\/www.maccaferri.com\/br\/wp-content\/uploads\/2022\/12\/Terramesh_0-1.jpg\" alt=\"Terramesh\u00ae\" title=\"Terramesh\u00ae\" \/><\/div><div class=\"card-body\"><h6>Terramesh\u00ae<\/h6><span class=\"abstract\">A fam\u00edlia Maccaferri Terramesh\u00ae inclui diferentes op\u00e7\u00f5es de tipos de face para a constru\u00e7\u00e3o de muros me solos refor\u00e7ados. Consiste em unidades pr\u00e9-mon<\/span><a href=\"https:\/\/www.maccaferri.com\/br\/produtos\/terramesh\/\" class=\"cta\" rel=\"noopener\" title=\"Terramesh\u00ae\">Vis\u00e3o \n                           <span class=\"text\" value=\"\" \/>\n                           <\/a><div data-post-id=\"118432\" class=\"star \" title=\"Adicionar \u00e0 lista de desejos\"><span class=\"material-symbols-rounded starrate\">star<\/span><\/div><\/div><\/div><\/div><\/div><\/div><\/div><\/div><!--usedproducts-->","protected":false},"excerpt":{"rendered":"<p>Se propuso una soluci\u00c3\u00b3n t\u00c3\u00a9cnicamente confiable y econ\u00c3\u00b3micamente m\u00c3\u00a1s conveniente para los usuarios, que \u00c3\u00a9s el Terramesh\u00c2\u00ae System, que <\/p>\n","protected":false},"featured_media":10735,"parent":0,"menu_order":0,"template":"","stories-category":[],"stories-tag":[],"class_list":["post-118677","stories","type-stories","status-publish","has-post-thumbnail","hentry"],"acf":{"products":[118432],"applications":[118194,118194],"solutions":[118314],"sectors":[118149]},"yoast_head":"<!-- This site is optimized with the Yoast SEO Premium plugin v27.0 (Yoast SEO v27.0) - https:\/\/yoast.com\/product\/yoast-seo-premium-wordpress\/ -->\n<title>SOLO REFOR\u00c7ADO \u2013 REFUGIO LA MOLINA - Maccaferri Brasil<\/title>\n<meta name=\"description\" content=\"Explore nossas hist\u00f3rias de sucesso: SOLO REFOR\u00c7ADO \u2013 REFUGIO LA MOLINA. Do desafio \u00e0 solu\u00e7\u00e3o, veja como ajudamos nossos clientes a alcan\u00e7ar seus objetivos com sucesso.\" \/>\n<meta name=\"robots\" content=\"index, follow, max-snippet:-1, max-image-preview:large, max-video-preview:-1\" \/>\n<link rel=\"canonical\" href=\"https:\/\/www.maccaferri.com\/br\/casos-de-sucesso\/solo-reforcado-refugio-la-molina\/\" \/>\n<meta property=\"og:locale\" content=\"pt_BR\" \/>\n<meta property=\"og:type\" content=\"article\" \/>\n<meta property=\"og:title\" content=\"SOLO REFOR\u00c7ADO \u2013 REFUGIO LA MOLINA\" \/>\n<meta property=\"og:description\" content=\"Explore nossas hist\u00f3rias de sucesso: SOLO REFOR\u00c7ADO \u2013 REFUGIO LA MOLINA. Do desafio \u00e0 solu\u00e7\u00e3o, veja como ajudamos nossos clientes a alcan\u00e7ar seus objetivos com sucesso.\" \/>\n<meta property=\"og:url\" content=\"https:\/\/www.maccaferri.com\/br\/casos-de-sucesso\/solo-reforcado-refugio-la-molina\/\" \/>\n<meta property=\"og:site_name\" content=\"Maccaferri Brasil\" \/>\n<meta property=\"article:modified_time\" content=\"2026-03-31T12:39:10+00:00\" \/>\n<meta property=\"og:image\" content=\"https:\/\/www.maccaferri.com\/br\/wp-content\/uploads\/2023\/02\/Success-Story-Default.jpg\" \/>\n\t<meta property=\"og:image:width\" content=\"1920\" \/>\n\t<meta property=\"og:image:height\" content=\"1024\" \/>\n\t<meta property=\"og:image:type\" content=\"image\/jpeg\" \/>\n<meta name=\"twitter:card\" content=\"summary_large_image\" \/>\n<!-- \/ Yoast SEO Premium plugin. -->","yoast_head_json":{"title":"SOLO REFOR\u00c7ADO \u2013 REFUGIO LA MOLINA - Maccaferri Brasil","description":"Explore nossas hist\u00f3rias de sucesso: SOLO REFOR\u00c7ADO \u2013 REFUGIO LA MOLINA. Do desafio \u00e0 solu\u00e7\u00e3o, veja como ajudamos nossos clientes a alcan\u00e7ar seus objetivos com sucesso.","robots":{"index":"index","follow":"follow","max-snippet":"max-snippet:-1","max-image-preview":"max-image-preview:large","max-video-preview":"max-video-preview:-1"},"canonical":"https:\/\/www.maccaferri.com\/br\/casos-de-sucesso\/solo-reforcado-refugio-la-molina\/","og_locale":"pt_BR","og_type":"article","og_title":"SOLO REFOR\u00c7ADO \u2013 REFUGIO LA MOLINA","og_description":"Explore nossas hist\u00f3rias de sucesso: SOLO REFOR\u00c7ADO \u2013 REFUGIO LA MOLINA. Do desafio \u00e0 solu\u00e7\u00e3o, veja como ajudamos nossos clientes a alcan\u00e7ar seus objetivos com sucesso.","og_url":"https:\/\/www.maccaferri.com\/br\/casos-de-sucesso\/solo-reforcado-refugio-la-molina\/","og_site_name":"Maccaferri Brasil","article_modified_time":"2026-03-31T12:39:10+00:00","og_image":[{"width":1920,"height":1024,"url":"https:\/\/www.maccaferri.com\/br\/wp-content\/uploads\/2023\/02\/Success-Story-Default.jpg","type":"image\/jpeg"}],"twitter_card":"summary_large_image","schema":{"@context":"https:\/\/schema.org","@graph":[{"@type":"WebPage","@id":"https:\/\/www.maccaferri.com\/br\/casos-de-sucesso\/solo-reforcado-refugio-la-molina\/","url":"https:\/\/www.maccaferri.com\/br\/casos-de-sucesso\/solo-reforcado-refugio-la-molina\/","name":"SOLO REFOR\u00c7ADO \u2013 REFUGIO LA MOLINA - Maccaferri Brasil","isPartOf":{"@id":"https:\/\/www.maccaferri.com\/br\/#website"},"primaryImageOfPage":{"@id":"https:\/\/www.maccaferri.com\/br\/casos-de-sucesso\/solo-reforcado-refugio-la-molina\/#primaryimage"},"image":{"@id":"https:\/\/www.maccaferri.com\/br\/casos-de-sucesso\/solo-reforcado-refugio-la-molina\/#primaryimage"},"thumbnailUrl":"https:\/\/www.maccaferri.com\/br\/wp-content\/uploads\/2023\/02\/Success-Story-Default.jpg","datePublished":"2026-01-22T12:00:23+00:00","dateModified":"2026-03-31T12:39:10+00:00","description":"Explore nossas hist\u00f3rias de sucesso: SOLO REFOR\u00c7ADO \u2013 REFUGIO LA MOLINA. Do desafio \u00e0 solu\u00e7\u00e3o, veja como ajudamos nossos clientes a alcan\u00e7ar seus objetivos com sucesso.","breadcrumb":{"@id":"https:\/\/www.maccaferri.com\/br\/casos-de-sucesso\/solo-reforcado-refugio-la-molina\/#breadcrumb"},"inLanguage":"pt-BR","potentialAction":[{"@type":"ReadAction","target":["https:\/\/www.maccaferri.com\/br\/casos-de-sucesso\/solo-reforcado-refugio-la-molina\/"]}]},{"@type":"ImageObject","inLanguage":"pt-BR","@id":"https:\/\/www.maccaferri.com\/br\/casos-de-sucesso\/solo-reforcado-refugio-la-molina\/#primaryimage","url":"https:\/\/www.maccaferri.com\/br\/wp-content\/uploads\/2023\/02\/Success-Story-Default.jpg","contentUrl":"https:\/\/www.maccaferri.com\/br\/wp-content\/uploads\/2023\/02\/Success-Story-Default.jpg","width":1920,"height":1024},{"@type":"BreadcrumbList","@id":"https:\/\/www.maccaferri.com\/br\/casos-de-sucesso\/solo-reforcado-refugio-la-molina\/#breadcrumb","itemListElement":[{"@type":"ListItem","position":1,"name":"Home","item":"https:\/\/www.maccaferri.com\/br\/"},{"@type":"ListItem","position":2,"name":"Stories","item":"https:\/\/www.maccaferri.com\/br\/stories\/"},{"@type":"ListItem","position":3,"name":"SOLO REFOR\u00c7ADO \u2013 REFUGIO LA MOLINA"}]},{"@type":"WebSite","@id":"https:\/\/www.maccaferri.com\/br\/#website","url":"https:\/\/www.maccaferri.com\/br\/","name":"Maccaferri Brasil","description":"","publisher":{"@id":"https:\/\/www.maccaferri.com\/br\/#organization"},"potentialAction":[{"@type":"SearchAction","target":{"@type":"EntryPoint","urlTemplate":"https:\/\/www.maccaferri.com\/br\/?s={search_term_string}"},"query-input":{"@type":"PropertyValueSpecification","valueRequired":true,"valueName":"search_term_string"}}],"inLanguage":"pt-BR"},{"@type":"Organization","@id":"https:\/\/www.maccaferri.com\/br\/#organization","name":"Maccaferri do Brasil","alternateName":"Maccaferri","url":"https:\/\/www.maccaferri.com\/br\/","logo":{"@type":"ImageObject","inLanguage":"pt-BR","@id":"https:\/\/www.maccaferri.com\/br\/#\/schema\/logo\/image\/","url":"https:\/\/www.maccaferri.com\/br\/wp-content\/uploads\/2022\/07\/logo-maccaferri.png","contentUrl":"https:\/\/www.maccaferri.com\/br\/wp-content\/uploads\/2022\/07\/logo-maccaferri.png","width":152,"height":32,"caption":"Maccaferri do Brasil"},"image":{"@id":"https:\/\/www.maccaferri.com\/br\/#\/schema\/logo\/image\/"}}]}},"_links":{"self":[{"href":"https:\/\/www.maccaferri.com\/br\/wp-json\/wp\/v2\/stories\/118677","targetHints":{"allow":["GET"]}}],"collection":[{"href":"https:\/\/www.maccaferri.com\/br\/wp-json\/wp\/v2\/stories"}],"about":[{"href":"https:\/\/www.maccaferri.com\/br\/wp-json\/wp\/v2\/types\/stories"}],"acf:post":[{"embeddable":true,"href":"https:\/\/www.maccaferri.com\/br\/wp-json\/wp\/v2\/sectors\/118149"},{"embeddable":true,"href":"https:\/\/www.maccaferri.com\/br\/wp-json\/wp\/v2\/solution\/118314"},{"embeddable":true,"href":"https:\/\/www.maccaferri.com\/br\/wp-json\/wp\/v2\/application\/118194"},{"embeddable":true,"href":"https:\/\/www.maccaferri.com\/br\/wp-json\/wp\/v2\/prodotti\/118432"}],"wp:featuredmedia":[{"embeddable":true,"href":"https:\/\/www.maccaferri.com\/br\/wp-json\/wp\/v2\/media\/10735"}],"wp:attachment":[{"href":"https:\/\/www.maccaferri.com\/br\/wp-json\/wp\/v2\/media?parent=118677"}],"wp:term":[{"taxonomy":"stories-category","embeddable":true,"href":"https:\/\/www.maccaferri.com\/br\/wp-json\/wp\/v2\/stories-category?post=118677"},{"taxonomy":"stories-tag","embeddable":true,"href":"https:\/\/www.maccaferri.com\/br\/wp-json\/wp\/v2\/stories-tag?post=118677"}],"curies":[{"name":"wp","href":"https:\/\/api.w.org\/{rel}","templated":true}]}}