{"id":118533,"date":"2026-01-22T12:58:49","date_gmt":"2026-01-22T11:58:49","guid":{"rendered":"https:\/\/www.maccaferri.com\/br\/success-stories\/losas-almacenes-kimberly-clark-pt\/"},"modified":"2026-03-31T14:37:55","modified_gmt":"2026-03-31T12:37:55","slug":"losas-almacenes-kimberly-clark-pt","status":"publish","type":"stories","link":"https:\/\/www.maccaferri.com\/br\/casos-de-sucesso\/losas-almacenes-kimberly-clark-pt\/","title":{"rendered":"LOSAS ALMACENES KIMBERLY CLARK &#8211; PT"},"content":{"rendered":"<div class=\"container-full text-bocolor-block-white\">\n        <div class=\"row\">\n        <div class=\"col-12\">\n            <div class=\"container box-container\">\n                <div class=\"row\">\n                    <div class=\"col-12\">\n                        <h3>Challenge<\/h3>\n                    <\/div>\n                <\/div>\n            <\/div>\n        <\/div>    \n    <\/div>\n        <div class=\"row\">\n        <div class=\"col-12\">\n            <div class=\"container box-container\">\n                <div class=\"row\">\n                    <div class=\"col-12 content\">\n                        <p>A mediados del a\u00c3\u00b1o 2007 la empresa Kimberly Clark como parte de sus planes de ampliaci\u00c3\u00b3n de su planta ubicada en Puente Piedra, tomaron la decisi\u00c3\u00b3n de empezar con la construcci\u00c3\u00b3n de un nuevo almac\u00c3\u00a9n, el cual ser\u00c3\u00ada utilizado para almacenar sus productos terminados. La Gerencia del Proyecto y dise\u00c3\u00b1o estuvo a cargo de la empresa Sigral S.A a cargo del Ing. Henry Yep. Debido a la gran extensi\u00c3\u00b3n de \u00c3\u00a1rea a cubrir se necesitaban terminar de construir 10,000 m\u00c2\u00b2 de losas de concreto en el menor tiempo posible. Por esta raz\u00c3\u00b3n, se requer\u00c3\u00ada una alternativa de soluci\u00c3\u00b3n que permita que los trabajos de vaciados de concreto sean ejecutados de manera m\u00c3\u00a1s r\u00c3\u00a1pida, a la vez asegurando un adecuado funcionamiento estructural de la losa.<\/p>\n                    <\/div>\n                <\/div>\n            <\/div>\n        <\/div>\n    <\/div>\n    <\/div>\n<div class=\"container-full text-bocolor-block-green\">\n        <div class=\"row\">\n        <div class=\"col-12\">\n            <div class=\"container box-container\">\n                <div class=\"row\">\n                    <div class=\"col-12\">\n                        <h3>Solution<\/h3>\n                    <\/div>\n                <\/div>\n            <\/div>\n        <\/div>    \n    <\/div>\n        <div class=\"row\">\n        <div class=\"col-12\">\n            <div class=\"container box-container\">\n                <div class=\"row\">\n                    <div class=\"col-12 content\">\n                        <p>La soluci\u00c3\u00b3n planteada de acuerdo a las exigencias del proyecto fue el dise\u00c3\u00b1o de una losa de concreto reforzada con fibras de acero Wirand FF1. Seg\u00c3\u00ban el dise\u00c3\u00b1o propuesto se emple\u00c3\u00b3 una dosificaci\u00c3\u00b3n de 20 kg\/m\u00c2\u00b3 de fibras de acero Wirand FF1 para una losa de concreto de 15 cm de espesor. Se recomendaron juntas de construcci\u00c3\u00b3n cada 6.25 m, y juntas de contracci\u00c3\u00b3n, en el otro sentido, cada 6.50 m. La losa fue apoyada sobre un relleno controlado y compactado de 20 cm. Las losas fueron vaciadas dentro del tiempo previsto y siguiendo las especificaciones t\u00c3\u00a9cnicas del proyecto. Cabe mencionar, que un concreto reforzado con fibras de acero mejora la capacidad de absorci\u00c3\u00b3n de cargas sobre la cual la losa va a estar sometida, mejora la resistencia al impacto y a efectos de abrasi\u00c3\u00b3n.<\/p>\n                    <\/div>\n                <\/div>\n            <\/div>\n        <\/div>\n    <\/div>\n    <\/div><div class=\"wp-block-mac-container-block box-container\"><div class=\"container\"><h2>Used Products<\/h2><div class=\"row\"><div class=\"col-12 col-sm-12 col-md-12 col-lg-3 col-xl-3 col-xxl-3\"><div class=\"wp-block-mac-card-new-block block-latest-news-container\"><div class=\"card\"><div class=\"content-images\"><img decoding=\"async\" class=\"box-image\" src=\"https:\/\/www.maccaferri.com\/br\/wp-content\/uploads\/2023\/07\/Wirand.jpeg\" alt=\"Wirand\" title=\"Wirand\" \/><\/div><div class=\"card-body\"><h6>Wirand<\/h6><span class=\"abstract\">As fibras Wirand\u00ae para refor\u00e7o de concreto s\u00e3o produzidas a partir de a\u00e7o de baixo teor de carbono, trefilado a frio. <\/span><a href=\"https:\/\/www.maccaferri.com\/br\/produtos\/wirand\/\" class=\"cta\" rel=\"noopener\" title=\"Wirand\">Vis\u00e3o \n                           <span class=\"text\" value=\"\" \/>\n                           <\/a><div data-post-id=\"118381\" class=\"star \" title=\"Adicionar \u00e0 lista de desejos\"><span class=\"material-symbols-rounded starrate\">star<\/span><\/div><\/div><\/div><\/div><\/div><\/div><\/div><\/div><!--usedproducts-->","protected":false},"excerpt":{"rendered":"<p>La soluci\u00c3\u00b3n planteada de acuerdo a las exigencias del proyecto fue el dise\u00c3\u00b1o de una losa de concreto reforzada con fibras de acero Wirand FF1. S<\/p>\n","protected":false},"featured_media":10735,"parent":0,"menu_order":0,"template":"","stories-category":[],"stories-tag":[],"class_list":["post-118533","stories","type-stories","status-publish","has-post-thumbnail","hentry"],"acf":{"products":[118381],"applications":[118173,118173],"solutions":[118242],"sectors":[118149]},"yoast_head":"<!-- This site is optimized with the Yoast SEO Premium plugin v27.0 (Yoast SEO v27.0) - https:\/\/yoast.com\/product\/yoast-seo-premium-wordpress\/ -->\n<title>LOSAS ALMACENES KIMBERLY CLARK - PT - Maccaferri Brasil<\/title>\n<meta name=\"description\" content=\"Explore nossas hist\u00f3rias de sucesso: LOSAS ALMACENES KIMBERLY CLARK - PT. Do desafio \u00e0 solu\u00e7\u00e3o, veja como ajudamos nossos clientes a alcan\u00e7ar seus objetivos com sucesso.\" \/>\n<meta name=\"robots\" content=\"index, follow, max-snippet:-1, max-image-preview:large, max-video-preview:-1\" \/>\n<link rel=\"canonical\" href=\"https:\/\/www.maccaferri.com\/br\/casos-de-sucesso\/losas-almacenes-kimberly-clark-pt\/\" \/>\n<meta property=\"og:locale\" content=\"pt_BR\" \/>\n<meta property=\"og:type\" content=\"article\" \/>\n<meta property=\"og:title\" content=\"LOSAS ALMACENES KIMBERLY CLARK - PT\" \/>\n<meta property=\"og:description\" content=\"Explore nossas hist\u00f3rias de sucesso: LOSAS ALMACENES KIMBERLY CLARK - PT. Do desafio \u00e0 solu\u00e7\u00e3o, veja como ajudamos nossos clientes a alcan\u00e7ar seus objetivos com sucesso.\" \/>\n<meta property=\"og:url\" content=\"https:\/\/www.maccaferri.com\/br\/casos-de-sucesso\/losas-almacenes-kimberly-clark-pt\/\" \/>\n<meta property=\"og:site_name\" content=\"Maccaferri Brasil\" \/>\n<meta property=\"article:modified_time\" content=\"2026-03-31T12:37:55+00:00\" \/>\n<meta property=\"og:image\" content=\"https:\/\/www.maccaferri.com\/br\/wp-content\/uploads\/2023\/02\/Success-Story-Default.jpg\" \/>\n\t<meta property=\"og:image:width\" content=\"1920\" \/>\n\t<meta property=\"og:image:height\" content=\"1024\" \/>\n\t<meta property=\"og:image:type\" content=\"image\/jpeg\" \/>\n<meta name=\"twitter:card\" content=\"summary_large_image\" \/>\n<!-- \/ Yoast SEO Premium plugin. -->","yoast_head_json":{"title":"LOSAS ALMACENES KIMBERLY CLARK - PT - Maccaferri Brasil","description":"Explore nossas hist\u00f3rias de sucesso: LOSAS ALMACENES KIMBERLY CLARK - PT. Do desafio \u00e0 solu\u00e7\u00e3o, veja como ajudamos nossos clientes a alcan\u00e7ar seus objetivos com sucesso.","robots":{"index":"index","follow":"follow","max-snippet":"max-snippet:-1","max-image-preview":"max-image-preview:large","max-video-preview":"max-video-preview:-1"},"canonical":"https:\/\/www.maccaferri.com\/br\/casos-de-sucesso\/losas-almacenes-kimberly-clark-pt\/","og_locale":"pt_BR","og_type":"article","og_title":"LOSAS ALMACENES KIMBERLY CLARK - PT","og_description":"Explore nossas hist\u00f3rias de sucesso: LOSAS ALMACENES KIMBERLY CLARK - PT. Do desafio \u00e0 solu\u00e7\u00e3o, veja como ajudamos nossos clientes a alcan\u00e7ar seus objetivos com sucesso.","og_url":"https:\/\/www.maccaferri.com\/br\/casos-de-sucesso\/losas-almacenes-kimberly-clark-pt\/","og_site_name":"Maccaferri Brasil","article_modified_time":"2026-03-31T12:37:55+00:00","og_image":[{"width":1920,"height":1024,"url":"https:\/\/www.maccaferri.com\/br\/wp-content\/uploads\/2023\/02\/Success-Story-Default.jpg","type":"image\/jpeg"}],"twitter_card":"summary_large_image","schema":{"@context":"https:\/\/schema.org","@graph":[{"@type":"WebPage","@id":"https:\/\/www.maccaferri.com\/br\/casos-de-sucesso\/losas-almacenes-kimberly-clark-pt\/","url":"https:\/\/www.maccaferri.com\/br\/casos-de-sucesso\/losas-almacenes-kimberly-clark-pt\/","name":"LOSAS ALMACENES KIMBERLY CLARK - PT - Maccaferri Brasil","isPartOf":{"@id":"https:\/\/www.maccaferri.com\/br\/#website"},"primaryImageOfPage":{"@id":"https:\/\/www.maccaferri.com\/br\/casos-de-sucesso\/losas-almacenes-kimberly-clark-pt\/#primaryimage"},"image":{"@id":"https:\/\/www.maccaferri.com\/br\/casos-de-sucesso\/losas-almacenes-kimberly-clark-pt\/#primaryimage"},"thumbnailUrl":"https:\/\/www.maccaferri.com\/br\/wp-content\/uploads\/2023\/02\/Success-Story-Default.jpg","datePublished":"2026-01-22T11:58:49+00:00","dateModified":"2026-03-31T12:37:55+00:00","description":"Explore nossas hist\u00f3rias de sucesso: LOSAS ALMACENES KIMBERLY CLARK - PT. Do desafio \u00e0 solu\u00e7\u00e3o, veja como ajudamos nossos clientes a alcan\u00e7ar seus objetivos com sucesso.","breadcrumb":{"@id":"https:\/\/www.maccaferri.com\/br\/casos-de-sucesso\/losas-almacenes-kimberly-clark-pt\/#breadcrumb"},"inLanguage":"pt-BR","potentialAction":[{"@type":"ReadAction","target":["https:\/\/www.maccaferri.com\/br\/casos-de-sucesso\/losas-almacenes-kimberly-clark-pt\/"]}]},{"@type":"ImageObject","inLanguage":"pt-BR","@id":"https:\/\/www.maccaferri.com\/br\/casos-de-sucesso\/losas-almacenes-kimberly-clark-pt\/#primaryimage","url":"https:\/\/www.maccaferri.com\/br\/wp-content\/uploads\/2023\/02\/Success-Story-Default.jpg","contentUrl":"https:\/\/www.maccaferri.com\/br\/wp-content\/uploads\/2023\/02\/Success-Story-Default.jpg","width":1920,"height":1024},{"@type":"BreadcrumbList","@id":"https:\/\/www.maccaferri.com\/br\/casos-de-sucesso\/losas-almacenes-kimberly-clark-pt\/#breadcrumb","itemListElement":[{"@type":"ListItem","position":1,"name":"Home","item":"https:\/\/www.maccaferri.com\/br\/"},{"@type":"ListItem","position":2,"name":"Stories","item":"https:\/\/www.maccaferri.com\/br\/stories\/"},{"@type":"ListItem","position":3,"name":"LOSAS ALMACENES KIMBERLY CLARK &#8211; PT"}]},{"@type":"WebSite","@id":"https:\/\/www.maccaferri.com\/br\/#website","url":"https:\/\/www.maccaferri.com\/br\/","name":"Maccaferri Brasil","description":"","publisher":{"@id":"https:\/\/www.maccaferri.com\/br\/#organization"},"potentialAction":[{"@type":"SearchAction","target":{"@type":"EntryPoint","urlTemplate":"https:\/\/www.maccaferri.com\/br\/?s={search_term_string}"},"query-input":{"@type":"PropertyValueSpecification","valueRequired":true,"valueName":"search_term_string"}}],"inLanguage":"pt-BR"},{"@type":"Organization","@id":"https:\/\/www.maccaferri.com\/br\/#organization","name":"Maccaferri do Brasil","alternateName":"Maccaferri","url":"https:\/\/www.maccaferri.com\/br\/","logo":{"@type":"ImageObject","inLanguage":"pt-BR","@id":"https:\/\/www.maccaferri.com\/br\/#\/schema\/logo\/image\/","url":"https:\/\/www.maccaferri.com\/br\/wp-content\/uploads\/2022\/07\/logo-maccaferri.png","contentUrl":"https:\/\/www.maccaferri.com\/br\/wp-content\/uploads\/2022\/07\/logo-maccaferri.png","width":152,"height":32,"caption":"Maccaferri do Brasil"},"image":{"@id":"https:\/\/www.maccaferri.com\/br\/#\/schema\/logo\/image\/"}}]}},"_links":{"self":[{"href":"https:\/\/www.maccaferri.com\/br\/wp-json\/wp\/v2\/stories\/118533","targetHints":{"allow":["GET"]}}],"collection":[{"href":"https:\/\/www.maccaferri.com\/br\/wp-json\/wp\/v2\/stories"}],"about":[{"href":"https:\/\/www.maccaferri.com\/br\/wp-json\/wp\/v2\/types\/stories"}],"acf:post":[{"embeddable":true,"href":"https:\/\/www.maccaferri.com\/br\/wp-json\/wp\/v2\/sectors\/118149"},{"embeddable":true,"href":"https:\/\/www.maccaferri.com\/br\/wp-json\/wp\/v2\/solution\/118242"},{"embeddable":true,"href":"https:\/\/www.maccaferri.com\/br\/wp-json\/wp\/v2\/application\/118173"},{"embeddable":true,"href":"https:\/\/www.maccaferri.com\/br\/wp-json\/wp\/v2\/prodotti\/118381"}],"wp:featuredmedia":[{"embeddable":true,"href":"https:\/\/www.maccaferri.com\/br\/wp-json\/wp\/v2\/media\/10735"}],"wp:attachment":[{"href":"https:\/\/www.maccaferri.com\/br\/wp-json\/wp\/v2\/media?parent=118533"}],"wp:term":[{"taxonomy":"stories-category","embeddable":true,"href":"https:\/\/www.maccaferri.com\/br\/wp-json\/wp\/v2\/stories-category?post=118533"},{"taxonomy":"stories-tag","embeddable":true,"href":"https:\/\/www.maccaferri.com\/br\/wp-json\/wp\/v2\/stories-tag?post=118533"}],"curies":[{"name":"wp","href":"https:\/\/api.w.org\/{rel}","templated":true}]}}