{"id":91910,"date":"2024-12-10T19:10:56","date_gmt":"2024-12-10T18:10:56","guid":{"rendered":"https:\/\/www.maccaferri.com\/br\/?p=91910"},"modified":"2024-12-10T19:10:57","modified_gmt":"2024-12-10T18:10:57","slug":"estudantes-de-engenharia-civil-do-grupo-anima-conhecem-tecnologias-da-maccaferri-em-evento-especial","status":"publish","type":"post","link":"https:\/\/www.maccaferri.com\/br\/news\/estudantes-de-engenharia-civil-do-grupo-anima-conhecem-tecnologias-da-maccaferri-em-evento-especial\/","title":{"rendered":"Estudantes de Engenharia Civil do grupo \u00c2nima Conhecem Tecnologias da Maccaferri em Evento Especial"},"content":{"rendered":"<div class=\"container content-paragraph box-container\"><div class=\"row\"><div class=\"col-12 col-lg-12 col-xl-12 col-xxl-12\"><h6>A Maccaferri, que \u00e9 parceira do ensino Dual da \u00c2nima, promoveu o evento &#8220;Maccaferri Dual Day&#8221;, uma a\u00e7\u00e3o educativa que aproximou os alunos do mercado de trabalho.<\/h6><div class=\"content-txt\"><p>O evento foi conduzido pelo engenheiro da Maccaferri, Gabriel Gustavo Pinto, que, ao lado de representantes da \u00c2nima, guiou os estudantes por uma jornada de aprendizado focada nas compet\u00eancias da Unidade Curricular \u201cEstruturas de Funda\u00e7\u00f5es e Conten\u00e7\u00f5es\u201d. Com uma abordagem pr\u00e1tica e conectada \u00e0s necessidades do setor, o evento trouxe \u00e0 tona problemas reais enfrentados pela engenharia civil e promoveu debates construtivos para encontrar solu\u00e7\u00f5es vi\u00e1veis.<\/p>\n<p>&nbsp;<\/p>\n<p>&nbsp;<\/p>\n<p>&#8220;Foi um prazer conduzir o evento ao lado de Gabriel Gustavo Pinto, que desempenhou um papel fundamental na realiza\u00e7\u00e3o de uma experi\u00eancia enriquecedora para nossos estudantes&#8221;, afirmou um representante da \u00c2nima. A atividade refor\u00e7ou a miss\u00e3o da \u00c2nima de conectar seus alunos ao mundo do trabalho, proporcionando uma forma\u00e7\u00e3o alinhada com as compet\u00eancias e habilidades exigidas pelo mercado.<\/p>\n<p>&nbsp;<\/p>\n<p>&nbsp;<\/p>\n<p>O <strong>Maccaferri Dual Day<\/strong> \u00e9 mais uma importante a\u00e7\u00e3o dentro do curr\u00edculo E2A da \u00c2nima, que visa promover uma forma\u00e7\u00e3o de excel\u00eancia, conectando teoria e pr\u00e1tica, e preparando os alunos para os desafios do mercado de trabalho.<\/p>\n<\/div><\/div><\/div><\/div>","protected":false},"excerpt":{"rendered":"<p>No dia 24 de setembro, estudantes do curso de Engenharia Civil do grupo \u00c2nima Educa\u00e7\u00e3o tiveram a oportunidade de conhecer as tecnologias e processos inovadores da Maccaferri, uma empresa global de engenharia e solu\u00e7\u00f5es sustent\u00e1veis<\/p>\n","protected":false},"author":20,"featured_media":91911,"comment_status":"closed","ping_status":"closed","sticky":false,"template":"","format":"standard","meta":{"_acf_changed":false,"_joinchat":[],"footnotes":""},"categories":[1],"tags":[],"class_list":["post-91910","post","type-post","status-publish","format-standard","has-post-thumbnail","hentry","category-news"],"acf":[],"yoast_head":"<!-- This site is optimized with the Yoast SEO Premium plugin v27.0 (Yoast SEO v27.0) - https:\/\/yoast.com\/product\/yoast-seo-premium-wordpress\/ -->\n<title>Estudantes de Engenharia Civil do grupo \u00c2nima Conhecem Tecnologias da Maccaferri em Evento Especial - Maccaferri Brasil<\/title>\n<meta name=\"description\" content=\"No dia 24 de setembro, estudantes do curso de Engenharia Civil do grupo \u00c2nima Educa\u00e7\u00e3o tiveram a oportunidade de conhecer as tecnologias e processos inovadores da Maccaferri, uma empresa global de engenharia e solu\u00e7\u00f5es sustent\u00e1veis\" \/>\n<meta name=\"robots\" content=\"index, follow, max-snippet:-1, max-image-preview:large, max-video-preview:-1\" \/>\n<link rel=\"canonical\" href=\"https:\/\/www.maccaferri.com\/br\/news\/estudantes-de-engenharia-civil-do-grupo-anima-conhecem-tecnologias-da-maccaferri-em-evento-especial\/\" \/>\n<meta property=\"og:locale\" content=\"pt_BR\" \/>\n<meta property=\"og:type\" content=\"article\" \/>\n<meta property=\"og:title\" content=\"Estudantes de Engenharia Civil do grupo \u00c2nima Conhecem Tecnologias da Maccaferri em Evento Especial\" \/>\n<meta property=\"og:description\" content=\"No dia 24 de setembro, estudantes do curso de Engenharia Civil do grupo \u00c2nima Educa\u00e7\u00e3o tiveram a oportunidade de conhecer as tecnologias e processos inovadores da Maccaferri, uma empresa global de engenharia e solu\u00e7\u00f5es sustent\u00e1veis\" \/>\n<meta property=\"og:url\" content=\"https:\/\/www.maccaferri.com\/br\/news\/estudantes-de-engenharia-civil-do-grupo-anima-conhecem-tecnologias-da-maccaferri-em-evento-especial\/\" \/>\n<meta property=\"og:site_name\" content=\"Maccaferri Brasil\" \/>\n<meta property=\"article:published_time\" content=\"2024-12-10T18:10:56+00:00\" \/>\n<meta property=\"article:modified_time\" content=\"2024-12-10T18:10:57+00:00\" \/>\n<meta property=\"og:image\" content=\"https:\/\/www.maccaferri.com\/br\/wp-content\/uploads\/2024\/12\/1712229815461.jpg\" \/>\n\t<meta property=\"og:image:width\" content=\"824\" \/>\n\t<meta property=\"og:image:height\" content=\"383\" \/>\n\t<meta property=\"og:image:type\" content=\"image\/jpeg\" \/>\n<meta name=\"author\" content=\"Julio Justino\" \/>\n<meta name=\"twitter:card\" content=\"summary_large_image\" \/>\n<meta name=\"twitter:label1\" content=\"Written by\" \/>\n\t<meta name=\"twitter:data1\" content=\"Julio Justino\" \/>\n\t<meta name=\"twitter:label2\" content=\"Est. reading time\" \/>\n\t<meta name=\"twitter:data2\" content=\"1 minute\" \/>\n<!-- \/ Yoast SEO Premium plugin. -->","yoast_head_json":{"title":"Estudantes de Engenharia Civil do grupo \u00c2nima Conhecem Tecnologias da Maccaferri em Evento Especial - Maccaferri Brasil","description":"No dia 24 de setembro, estudantes do curso de Engenharia Civil do grupo \u00c2nima Educa\u00e7\u00e3o tiveram a oportunidade de conhecer as tecnologias e processos inovadores da Maccaferri, uma empresa global de engenharia e solu\u00e7\u00f5es sustent\u00e1veis","robots":{"index":"index","follow":"follow","max-snippet":"max-snippet:-1","max-image-preview":"max-image-preview:large","max-video-preview":"max-video-preview:-1"},"canonical":"https:\/\/www.maccaferri.com\/br\/news\/estudantes-de-engenharia-civil-do-grupo-anima-conhecem-tecnologias-da-maccaferri-em-evento-especial\/","og_locale":"pt_BR","og_type":"article","og_title":"Estudantes de Engenharia Civil do grupo \u00c2nima Conhecem Tecnologias da Maccaferri em Evento Especial","og_description":"No dia 24 de setembro, estudantes do curso de Engenharia Civil do grupo \u00c2nima Educa\u00e7\u00e3o tiveram a oportunidade de conhecer as tecnologias e processos inovadores da Maccaferri, uma empresa global de engenharia e solu\u00e7\u00f5es sustent\u00e1veis","og_url":"https:\/\/www.maccaferri.com\/br\/news\/estudantes-de-engenharia-civil-do-grupo-anima-conhecem-tecnologias-da-maccaferri-em-evento-especial\/","og_site_name":"Maccaferri Brasil","article_published_time":"2024-12-10T18:10:56+00:00","article_modified_time":"2024-12-10T18:10:57+00:00","og_image":[{"width":824,"height":383,"url":"https:\/\/www.maccaferri.com\/br\/wp-content\/uploads\/2024\/12\/1712229815461.jpg","type":"image\/jpeg"}],"author":"Julio Justino","twitter_card":"summary_large_image","twitter_misc":{"Written by":"Julio Justino","Est. reading time":"1 minute"},"schema":{"@context":"https:\/\/schema.org","@graph":[{"@type":"Article","@id":"https:\/\/www.maccaferri.com\/br\/news\/estudantes-de-engenharia-civil-do-grupo-anima-conhecem-tecnologias-da-maccaferri-em-evento-especial\/#article","isPartOf":{"@id":"https:\/\/www.maccaferri.com\/br\/news\/estudantes-de-engenharia-civil-do-grupo-anima-conhecem-tecnologias-da-maccaferri-em-evento-especial\/"},"author":{"name":"Julio Justino","@id":"https:\/\/www.maccaferri.com\/br\/#\/schema\/person\/1cc5242c850b1a82437d89dd269e3fdb"},"headline":"Estudantes de Engenharia Civil do grupo \u00c2nima Conhecem Tecnologias da Maccaferri em Evento Especial","datePublished":"2024-12-10T18:10:56+00:00","dateModified":"2024-12-10T18:10:57+00:00","mainEntityOfPage":{"@id":"https:\/\/www.maccaferri.com\/br\/news\/estudantes-de-engenharia-civil-do-grupo-anima-conhecem-tecnologias-da-maccaferri-em-evento-especial\/"},"wordCount":14,"publisher":{"@id":"https:\/\/www.maccaferri.com\/br\/#organization"},"image":{"@id":"https:\/\/www.maccaferri.com\/br\/news\/estudantes-de-engenharia-civil-do-grupo-anima-conhecem-tecnologias-da-maccaferri-em-evento-especial\/#primaryimage"},"thumbnailUrl":"https:\/\/www.maccaferri.com\/br\/wp-content\/uploads\/2024\/12\/1712229815461.jpg","articleSection":["News"],"inLanguage":"pt-BR"},{"@type":"WebPage","@id":"https:\/\/www.maccaferri.com\/br\/news\/estudantes-de-engenharia-civil-do-grupo-anima-conhecem-tecnologias-da-maccaferri-em-evento-especial\/","url":"https:\/\/www.maccaferri.com\/br\/news\/estudantes-de-engenharia-civil-do-grupo-anima-conhecem-tecnologias-da-maccaferri-em-evento-especial\/","name":"Estudantes de Engenharia Civil do grupo \u00c2nima Conhecem Tecnologias da Maccaferri em Evento Especial - Maccaferri Brasil","isPartOf":{"@id":"https:\/\/www.maccaferri.com\/br\/#website"},"primaryImageOfPage":{"@id":"https:\/\/www.maccaferri.com\/br\/news\/estudantes-de-engenharia-civil-do-grupo-anima-conhecem-tecnologias-da-maccaferri-em-evento-especial\/#primaryimage"},"image":{"@id":"https:\/\/www.maccaferri.com\/br\/news\/estudantes-de-engenharia-civil-do-grupo-anima-conhecem-tecnologias-da-maccaferri-em-evento-especial\/#primaryimage"},"thumbnailUrl":"https:\/\/www.maccaferri.com\/br\/wp-content\/uploads\/2024\/12\/1712229815461.jpg","datePublished":"2024-12-10T18:10:56+00:00","dateModified":"2024-12-10T18:10:57+00:00","description":"No dia 24 de setembro, estudantes do curso de Engenharia Civil do grupo \u00c2nima Educa\u00e7\u00e3o tiveram a oportunidade de conhecer as tecnologias e processos inovadores da Maccaferri, uma empresa global de engenharia e solu\u00e7\u00f5es sustent\u00e1veis","breadcrumb":{"@id":"https:\/\/www.maccaferri.com\/br\/news\/estudantes-de-engenharia-civil-do-grupo-anima-conhecem-tecnologias-da-maccaferri-em-evento-especial\/#breadcrumb"},"inLanguage":"pt-BR","potentialAction":[{"@type":"ReadAction","target":["https:\/\/www.maccaferri.com\/br\/news\/estudantes-de-engenharia-civil-do-grupo-anima-conhecem-tecnologias-da-maccaferri-em-evento-especial\/"]}]},{"@type":"ImageObject","inLanguage":"pt-BR","@id":"https:\/\/www.maccaferri.com\/br\/news\/estudantes-de-engenharia-civil-do-grupo-anima-conhecem-tecnologias-da-maccaferri-em-evento-especial\/#primaryimage","url":"https:\/\/www.maccaferri.com\/br\/wp-content\/uploads\/2024\/12\/1712229815461.jpg","contentUrl":"https:\/\/www.maccaferri.com\/br\/wp-content\/uploads\/2024\/12\/1712229815461.jpg","width":824,"height":383},{"@type":"BreadcrumbList","@id":"https:\/\/www.maccaferri.com\/br\/news\/estudantes-de-engenharia-civil-do-grupo-anima-conhecem-tecnologias-da-maccaferri-em-evento-especial\/#breadcrumb","itemListElement":[{"@type":"ListItem","position":1,"name":"Home","item":"https:\/\/www.maccaferri.com\/br\/"},{"@type":"ListItem","position":2,"name":"Estudantes de Engenharia Civil do grupo \u00c2nima Conhecem Tecnologias da Maccaferri em Evento Especial"}]},{"@type":"WebSite","@id":"https:\/\/www.maccaferri.com\/br\/#website","url":"https:\/\/www.maccaferri.com\/br\/","name":"Maccaferri Brasil","description":"","publisher":{"@id":"https:\/\/www.maccaferri.com\/br\/#organization"},"potentialAction":[{"@type":"SearchAction","target":{"@type":"EntryPoint","urlTemplate":"https:\/\/www.maccaferri.com\/br\/?s={search_term_string}"},"query-input":{"@type":"PropertyValueSpecification","valueRequired":true,"valueName":"search_term_string"}}],"inLanguage":"pt-BR"},{"@type":"Organization","@id":"https:\/\/www.maccaferri.com\/br\/#organization","name":"Maccaferri do Brasil","alternateName":"Maccaferri","url":"https:\/\/www.maccaferri.com\/br\/","logo":{"@type":"ImageObject","inLanguage":"pt-BR","@id":"https:\/\/www.maccaferri.com\/br\/#\/schema\/logo\/image\/","url":"https:\/\/www.maccaferri.com\/br\/wp-content\/uploads\/2022\/07\/logo-maccaferri.png","contentUrl":"https:\/\/www.maccaferri.com\/br\/wp-content\/uploads\/2022\/07\/logo-maccaferri.png","width":152,"height":32,"caption":"Maccaferri do Brasil"},"image":{"@id":"https:\/\/www.maccaferri.com\/br\/#\/schema\/logo\/image\/"}},{"@type":"Person","@id":"https:\/\/www.maccaferri.com\/br\/#\/schema\/person\/1cc5242c850b1a82437d89dd269e3fdb","name":"Julio Justino","image":{"@type":"ImageObject","inLanguage":"pt-BR","@id":"https:\/\/www.maccaferri.com\/br\/#\/schema\/person\/image\/","url":"https:\/\/secure.gravatar.com\/avatar\/93dbe948e464e4f62c990406d99c1349568bc2647ece7d29d2efb11d31c5af94?s=96&d=mm&r=g","contentUrl":"https:\/\/secure.gravatar.com\/avatar\/93dbe948e464e4f62c990406d99c1349568bc2647ece7d29d2efb11d31c5af94?s=96&d=mm&r=g","caption":"Julio Justino"}}]}},"_links":{"self":[{"href":"https:\/\/www.maccaferri.com\/br\/wp-json\/wp\/v2\/posts\/91910","targetHints":{"allow":["GET"]}}],"collection":[{"href":"https:\/\/www.maccaferri.com\/br\/wp-json\/wp\/v2\/posts"}],"about":[{"href":"https:\/\/www.maccaferri.com\/br\/wp-json\/wp\/v2\/types\/post"}],"author":[{"embeddable":true,"href":"https:\/\/www.maccaferri.com\/br\/wp-json\/wp\/v2\/users\/20"}],"replies":[{"embeddable":true,"href":"https:\/\/www.maccaferri.com\/br\/wp-json\/wp\/v2\/comments?post=91910"}],"version-history":[{"count":1,"href":"https:\/\/www.maccaferri.com\/br\/wp-json\/wp\/v2\/posts\/91910\/revisions"}],"predecessor-version":[{"id":91915,"href":"https:\/\/www.maccaferri.com\/br\/wp-json\/wp\/v2\/posts\/91910\/revisions\/91915"}],"wp:featuredmedia":[{"embeddable":true,"href":"https:\/\/www.maccaferri.com\/br\/wp-json\/wp\/v2\/media\/91911"}],"wp:attachment":[{"href":"https:\/\/www.maccaferri.com\/br\/wp-json\/wp\/v2\/media?parent=91910"}],"wp:term":[{"taxonomy":"category","embeddable":true,"href":"https:\/\/www.maccaferri.com\/br\/wp-json\/wp\/v2\/categories?post=91910"},{"taxonomy":"post_tag","embeddable":true,"href":"https:\/\/www.maccaferri.com\/br\/wp-json\/wp\/v2\/tags?post=91910"}],"curies":[{"name":"wp","href":"https:\/\/api.w.org\/{rel}","templated":true}]}}