{"id":124364,"date":"2026-04-27T13:56:55","date_gmt":"2026-04-27T11:56:55","guid":{"rendered":"https:\/\/www.maccaferri.com\/br\/?p=124364"},"modified":"2026-04-27T13:57:02","modified_gmt":"2026-04-27T11:57:02","slug":"maccaferri-participa-do-2o-workshop-bvp","status":"publish","type":"post","link":"https:\/\/www.maccaferri.com\/br\/news\/maccaferri-participa-do-2o-workshop-bvp\/","title":{"rendered":"Maccaferri participa do 2\u00ba Workshop BVP"},"content":{"rendered":"<div class=\"container content-paragraph box-container\"><div class=\"row\"><div class=\"col-12 col-lg-12 col-xl-12 col-xxl-12\"><div class=\"content-txt\"><p>O evento reuniu profissionais e l\u00edderes do setor para um dia completo de debates t\u00e9cnicos, apresenta\u00e7\u00e3o de cases pr\u00e1ticos e networking, abordando temas relevantes da engenharia geot\u00e9cnica aplicada \u00e0 minera\u00e7\u00e3o. A programa\u00e7\u00e3o contou com palestras e pain\u00e9is t\u00e9cnicos sobre solu\u00e7\u00f5es geot\u00e9cnicas, estabilidade de estruturas, aplica\u00e7\u00e3o de geossint\u00e9ticos, an\u00e1lises num\u00e9ricas e gest\u00e3o de estruturas de minera\u00e7\u00e3o, com a participa\u00e7\u00e3o de especialistas de empresas e institui\u00e7\u00f5es como Vale, Gerdau e ANM.<\/p>\n<p>&nbsp;<\/p>\n<p>Durante o workshop, a Maccaferri esteve presente com um stand dedicado, onde apresentamos nossos cat\u00e1logos de solu\u00e7\u00f5es geot\u00e9cnicas para a minera\u00e7\u00e3o, al\u00e9m de promover conversas t\u00e9cnicas com profissionais interessados em inova\u00e7\u00e3o, seguran\u00e7a e efici\u00eancia em projetos geot\u00e9cnicos.<\/p>\n<p>&nbsp;<\/p>\n<p>Parabenizamos \u00e0 BVP pela organiza\u00e7\u00e3o do evento e agradecemos a todos que passaram pelo nosso espa\u00e7o para trocar experi\u00eancias e conhecer mais sobre nossas solu\u00e7\u00f5es.<\/p>\n<\/div><\/div><\/div><\/div><div class=\"container-fluid carousel-image-gallery\">\n        <div class=\"row\">\n            <div id=\"carouselImageblock_37da8d7f6ad2e40b8b4d2190784b6dba\" class=\"carousel slide carouselImageGallery\" data-bs-ride=\"carousel\">\n                <!-- \/\/ Indicators -->\n                <ol class=\"carousel-indicators\">\n                                            <li data-bs-target=\"#carouselImageblock_37da8d7f6ad2e40b8b4d2190784b6dba\" data-bs-slide-to=\"0\" class=\"active\" aria-current=\"true\" aria-label=\"Slide\"><\/li>\n                                            <li data-bs-target=\"#carouselImageblock_37da8d7f6ad2e40b8b4d2190784b6dba\" data-bs-slide-to=\"1\" class=\"\" aria-current=\"true\" aria-label=\"Slide\"><\/li>\n                                            <li data-bs-target=\"#carouselImageblock_37da8d7f6ad2e40b8b4d2190784b6dba\" data-bs-slide-to=\"2\" class=\"\" aria-current=\"true\" aria-label=\"Slide\"><\/li>\n                                            <li data-bs-target=\"#carouselImageblock_37da8d7f6ad2e40b8b4d2190784b6dba\" data-bs-slide-to=\"3\" class=\"\" aria-current=\"true\" aria-label=\"Slide\"><\/li>\n                                    <\/ol>\n\n                <div class=\"carousel-inner container\" role=\"listbox\">\n                                            <div class=\"carousel-item active\">\n                        <div class=\"col-12 col-lg-4 col-xl-4 col-xxl-4 space-mobile\">\n                            <div class=\"grid-item-wrapper\">\n                                <div class=\"img-responsive-wrapper\">\n                                    <div class=\"img-responsive\">\n                                        <div class=\"img-wrapper\"><img decoding=\"async\" src=\"https:\/\/www.maccaferri.com\/br\/wp-content\/uploads\/2026\/04\/FOTO_BVP1.png\" alt=\"\" \/><\/div>\n                                    <\/div>\n                                <\/div>\n                                <div class=\"griditem-text-wrapper text-center\">\n                                    <p class=\"griditem-text text-center\"><\/p>\n                   \n                                <\/div>\n                            <\/div>\n                        <\/div>\n                        <\/div>\n                                            <div class=\"carousel-item \">\n                        <div class=\"col-12 col-lg-4 col-xl-4 col-xxl-4 space-mobile\">\n                            <div class=\"grid-item-wrapper\">\n                                <div class=\"img-responsive-wrapper\">\n                                    <div class=\"img-responsive\">\n                                        <div class=\"img-wrapper\"><img decoding=\"async\" src=\"https:\/\/www.maccaferri.com\/br\/wp-content\/uploads\/2026\/04\/FOTO_BVP2.png\" alt=\"\" \/><\/div>\n                                    <\/div>\n                                <\/div>\n                                <div class=\"griditem-text-wrapper text-center\">\n                                    <p class=\"griditem-text text-center\"><\/p>\n                   \n                                <\/div>\n                            <\/div>\n                        <\/div>\n                        <\/div>\n                                            <div class=\"carousel-item \">\n                        <div class=\"col-12 col-lg-4 col-xl-4 col-xxl-4 space-mobile\">\n                            <div class=\"grid-item-wrapper\">\n                                <div class=\"img-responsive-wrapper\">\n                                    <div class=\"img-responsive\">\n                                        <div class=\"img-wrapper\"><img decoding=\"async\" src=\"https:\/\/www.maccaferri.com\/br\/wp-content\/uploads\/2026\/04\/FOTO_BVP3.png\" alt=\"\" \/><\/div>\n                                    <\/div>\n                                <\/div>\n                                <div class=\"griditem-text-wrapper text-center\">\n                                    <p class=\"griditem-text text-center\"><\/p>\n                   \n                                <\/div>\n                            <\/div>\n                        <\/div>\n                        <\/div>\n                                            <div class=\"carousel-item \">\n                        <div class=\"col-12 col-lg-4 col-xl-4 col-xxl-4 space-mobile\">\n                            <div class=\"grid-item-wrapper\">\n                                <div class=\"img-responsive-wrapper\">\n                                    <div class=\"img-responsive\">\n                                        <div class=\"img-wrapper\"><img decoding=\"async\" src=\"https:\/\/www.maccaferri.com\/br\/wp-content\/uploads\/2026\/04\/FOTO_BVP4.png\" alt=\"\" \/><\/div>\n                                    <\/div>\n                                <\/div>\n                                <div class=\"griditem-text-wrapper text-center\">\n                                    <p class=\"griditem-text text-center\"><\/p>\n                   \n                                <\/div>\n                            <\/div>\n                        <\/div>\n                        <\/div>\n                                    <\/div>\n            <\/div>\n\n        <\/div>\n    <\/div>","protected":false},"excerpt":{"rendered":"<p>A Maccaferri participou como patrocinadora do 2\u00ba Workshop promovido pela BVP, em Belo Horizonte.<\/p>\n","protected":false},"author":62922,"featured_media":124385,"comment_status":"closed","ping_status":"closed","sticky":false,"template":"","format":"standard","meta":{"_acf_changed":false,"_joinchat":[],"footnotes":""},"categories":[1],"tags":[],"class_list":["post-124364","post","type-post","status-publish","format-standard","has-post-thumbnail","hentry","category-news"],"acf":[],"yoast_head":"<!-- This site is optimized with the Yoast SEO Premium plugin v27.0 (Yoast SEO v27.0) - https:\/\/yoast.com\/product\/yoast-seo-premium-wordpress\/ -->\n<title>Maccaferri participa do 2\u00ba Workshop BVP - Maccaferri Brasil<\/title>\n<meta name=\"description\" content=\"A Maccaferri participou como patrocinadora do 2\u00ba Workshop promovido pela BVP, em Belo Horizonte.\" \/>\n<meta name=\"robots\" content=\"index, follow, max-snippet:-1, max-image-preview:large, max-video-preview:-1\" \/>\n<link rel=\"canonical\" href=\"https:\/\/www.maccaferri.com\/br\/news\/maccaferri-participa-do-2o-workshop-bvp\/\" \/>\n<meta property=\"og:locale\" content=\"pt_BR\" \/>\n<meta property=\"og:type\" content=\"article\" \/>\n<meta property=\"og:title\" content=\"Maccaferri participa do 2\u00ba Workshop BVP\" \/>\n<meta property=\"og:description\" content=\"A Maccaferri participou como patrocinadora do 2\u00ba Workshop promovido pela BVP, em Belo Horizonte.\" \/>\n<meta property=\"og:url\" content=\"https:\/\/www.maccaferri.com\/br\/news\/maccaferri-participa-do-2o-workshop-bvp\/\" \/>\n<meta property=\"og:site_name\" content=\"Maccaferri Brasil\" \/>\n<meta property=\"article:published_time\" content=\"2026-04-27T11:56:55+00:00\" \/>\n<meta property=\"article:modified_time\" content=\"2026-04-27T11:57:02+00:00\" \/>\n<meta property=\"og:image\" content=\"https:\/\/www.maccaferri.com\/br\/wp-content\/uploads\/2026\/04\/CAPA_BVP-1024x283.png\" \/>\n\t<meta property=\"og:image:width\" content=\"1024\" \/>\n\t<meta property=\"og:image:height\" content=\"283\" \/>\n\t<meta property=\"og:image:type\" content=\"image\/png\" \/>\n<meta name=\"author\" content=\"Adrielle Martins de Oliveira\" \/>\n<meta name=\"twitter:card\" content=\"summary_large_image\" \/>\n<meta name=\"twitter:label1\" content=\"Written by\" \/>\n\t<meta name=\"twitter:data1\" content=\"Adrielle Martins de Oliveira\" \/>\n\t<meta name=\"twitter:label2\" content=\"Est. reading time\" \/>\n\t<meta name=\"twitter:data2\" content=\"1 minute\" \/>\n<!-- \/ Yoast SEO Premium plugin. -->","yoast_head_json":{"title":"Maccaferri participa do 2\u00ba Workshop BVP - Maccaferri Brasil","description":"A Maccaferri participou como patrocinadora do 2\u00ba Workshop promovido pela BVP, em Belo Horizonte.","robots":{"index":"index","follow":"follow","max-snippet":"max-snippet:-1","max-image-preview":"max-image-preview:large","max-video-preview":"max-video-preview:-1"},"canonical":"https:\/\/www.maccaferri.com\/br\/news\/maccaferri-participa-do-2o-workshop-bvp\/","og_locale":"pt_BR","og_type":"article","og_title":"Maccaferri participa do 2\u00ba Workshop BVP","og_description":"A Maccaferri participou como patrocinadora do 2\u00ba Workshop promovido pela BVP, em Belo Horizonte.","og_url":"https:\/\/www.maccaferri.com\/br\/news\/maccaferri-participa-do-2o-workshop-bvp\/","og_site_name":"Maccaferri Brasil","article_published_time":"2026-04-27T11:56:55+00:00","article_modified_time":"2026-04-27T11:57:02+00:00","og_image":[{"width":1024,"height":283,"url":"https:\/\/www.maccaferri.com\/br\/wp-content\/uploads\/2026\/04\/CAPA_BVP-1024x283.png","type":"image\/png"}],"author":"Adrielle Martins de Oliveira","twitter_card":"summary_large_image","twitter_misc":{"Written by":"Adrielle Martins de Oliveira","Est. reading time":"1 minute"},"schema":{"@context":"https:\/\/schema.org","@graph":[{"@type":"Article","@id":"https:\/\/www.maccaferri.com\/br\/news\/maccaferri-participa-do-2o-workshop-bvp\/#article","isPartOf":{"@id":"https:\/\/www.maccaferri.com\/br\/news\/maccaferri-participa-do-2o-workshop-bvp\/"},"author":{"name":"Adrielle Martins de Oliveira","@id":"https:\/\/www.maccaferri.com\/br\/#\/schema\/person\/f552d28aae4117417c62d19e9cd73ea3"},"headline":"Maccaferri participa do 2\u00ba Workshop BVP","datePublished":"2026-04-27T11:56:55+00:00","dateModified":"2026-04-27T11:57:02+00:00","mainEntityOfPage":{"@id":"https:\/\/www.maccaferri.com\/br\/news\/maccaferri-participa-do-2o-workshop-bvp\/"},"wordCount":5,"publisher":{"@id":"https:\/\/www.maccaferri.com\/br\/#organization"},"image":{"@id":"https:\/\/www.maccaferri.com\/br\/news\/maccaferri-participa-do-2o-workshop-bvp\/#primaryimage"},"thumbnailUrl":"https:\/\/www.maccaferri.com\/br\/wp-content\/uploads\/2026\/04\/CAPA_BVP-scaled.png","articleSection":["News"],"inLanguage":"pt-BR"},{"@type":"WebPage","@id":"https:\/\/www.maccaferri.com\/br\/news\/maccaferri-participa-do-2o-workshop-bvp\/","url":"https:\/\/www.maccaferri.com\/br\/news\/maccaferri-participa-do-2o-workshop-bvp\/","name":"Maccaferri participa do 2\u00ba Workshop BVP - Maccaferri Brasil","isPartOf":{"@id":"https:\/\/www.maccaferri.com\/br\/#website"},"primaryImageOfPage":{"@id":"https:\/\/www.maccaferri.com\/br\/news\/maccaferri-participa-do-2o-workshop-bvp\/#primaryimage"},"image":{"@id":"https:\/\/www.maccaferri.com\/br\/news\/maccaferri-participa-do-2o-workshop-bvp\/#primaryimage"},"thumbnailUrl":"https:\/\/www.maccaferri.com\/br\/wp-content\/uploads\/2026\/04\/CAPA_BVP-scaled.png","datePublished":"2026-04-27T11:56:55+00:00","dateModified":"2026-04-27T11:57:02+00:00","description":"A Maccaferri participou como patrocinadora do 2\u00ba Workshop promovido pela BVP, em Belo Horizonte.","breadcrumb":{"@id":"https:\/\/www.maccaferri.com\/br\/news\/maccaferri-participa-do-2o-workshop-bvp\/#breadcrumb"},"inLanguage":"pt-BR","potentialAction":[{"@type":"ReadAction","target":["https:\/\/www.maccaferri.com\/br\/news\/maccaferri-participa-do-2o-workshop-bvp\/"]}]},{"@type":"ImageObject","inLanguage":"pt-BR","@id":"https:\/\/www.maccaferri.com\/br\/news\/maccaferri-participa-do-2o-workshop-bvp\/#primaryimage","url":"https:\/\/www.maccaferri.com\/br\/wp-content\/uploads\/2026\/04\/CAPA_BVP-scaled.png","contentUrl":"https:\/\/www.maccaferri.com\/br\/wp-content\/uploads\/2026\/04\/CAPA_BVP-scaled.png","width":2560,"height":707},{"@type":"BreadcrumbList","@id":"https:\/\/www.maccaferri.com\/br\/news\/maccaferri-participa-do-2o-workshop-bvp\/#breadcrumb","itemListElement":[{"@type":"ListItem","position":1,"name":"Home","item":"https:\/\/www.maccaferri.com\/br\/"},{"@type":"ListItem","position":2,"name":"Maccaferri participa do 2\u00ba Workshop BVP"}]},{"@type":"WebSite","@id":"https:\/\/www.maccaferri.com\/br\/#website","url":"https:\/\/www.maccaferri.com\/br\/","name":"Maccaferri Brasil","description":"","publisher":{"@id":"https:\/\/www.maccaferri.com\/br\/#organization"},"potentialAction":[{"@type":"SearchAction","target":{"@type":"EntryPoint","urlTemplate":"https:\/\/www.maccaferri.com\/br\/?s={search_term_string}"},"query-input":{"@type":"PropertyValueSpecification","valueRequired":true,"valueName":"search_term_string"}}],"inLanguage":"pt-BR"},{"@type":"Organization","@id":"https:\/\/www.maccaferri.com\/br\/#organization","name":"Maccaferri do Brasil","alternateName":"Maccaferri","url":"https:\/\/www.maccaferri.com\/br\/","logo":{"@type":"ImageObject","inLanguage":"pt-BR","@id":"https:\/\/www.maccaferri.com\/br\/#\/schema\/logo\/image\/","url":"https:\/\/www.maccaferri.com\/br\/wp-content\/uploads\/2022\/07\/logo-maccaferri.png","contentUrl":"https:\/\/www.maccaferri.com\/br\/wp-content\/uploads\/2022\/07\/logo-maccaferri.png","width":152,"height":32,"caption":"Maccaferri do Brasil"},"image":{"@id":"https:\/\/www.maccaferri.com\/br\/#\/schema\/logo\/image\/"}},{"@type":"Person","@id":"https:\/\/www.maccaferri.com\/br\/#\/schema\/person\/f552d28aae4117417c62d19e9cd73ea3","name":"Adrielle Martins de Oliveira","image":{"@type":"ImageObject","inLanguage":"pt-BR","@id":"https:\/\/www.maccaferri.com\/br\/#\/schema\/person\/image\/","url":"https:\/\/secure.gravatar.com\/avatar\/ef5c6f4f1afeb5310432be6952c180664d81cc6ee8435fb91b42b0afbb2410aa?s=96&d=mm&r=g","contentUrl":"https:\/\/secure.gravatar.com\/avatar\/ef5c6f4f1afeb5310432be6952c180664d81cc6ee8435fb91b42b0afbb2410aa?s=96&d=mm&r=g","caption":"Adrielle Martins de Oliveira"}}]}},"_links":{"self":[{"href":"https:\/\/www.maccaferri.com\/br\/wp-json\/wp\/v2\/posts\/124364","targetHints":{"allow":["GET"]}}],"collection":[{"href":"https:\/\/www.maccaferri.com\/br\/wp-json\/wp\/v2\/posts"}],"about":[{"href":"https:\/\/www.maccaferri.com\/br\/wp-json\/wp\/v2\/types\/post"}],"author":[{"embeddable":true,"href":"https:\/\/www.maccaferri.com\/br\/wp-json\/wp\/v2\/users\/62922"}],"replies":[{"embeddable":true,"href":"https:\/\/www.maccaferri.com\/br\/wp-json\/wp\/v2\/comments?post=124364"}],"version-history":[{"count":1,"href":"https:\/\/www.maccaferri.com\/br\/wp-json\/wp\/v2\/posts\/124364\/revisions"}],"predecessor-version":[{"id":124389,"href":"https:\/\/www.maccaferri.com\/br\/wp-json\/wp\/v2\/posts\/124364\/revisions\/124389"}],"wp:featuredmedia":[{"embeddable":true,"href":"https:\/\/www.maccaferri.com\/br\/wp-json\/wp\/v2\/media\/124385"}],"wp:attachment":[{"href":"https:\/\/www.maccaferri.com\/br\/wp-json\/wp\/v2\/media?parent=124364"}],"wp:term":[{"taxonomy":"category","embeddable":true,"href":"https:\/\/www.maccaferri.com\/br\/wp-json\/wp\/v2\/categories?post=124364"},{"taxonomy":"post_tag","embeddable":true,"href":"https:\/\/www.maccaferri.com\/br\/wp-json\/wp\/v2\/tags?post=124364"}],"curies":[{"name":"wp","href":"https:\/\/api.w.org\/{rel}","templated":true}]}}